{"id":2019,"date":"2026-04-04T01:09:37","date_gmt":"2026-04-04T01:09:37","guid":{"rendered":"https:\/\/radioestacion.com.py\/?p=2019"},"modified":"2026-04-04T01:09:37","modified_gmt":"2026-04-04T01:09:37","slug":"hombre-desaparece-en-el-rio-tebicuary-en-plena-madrugada-del-viernes-santo","status":"publish","type":"post","link":"https:\/\/radioestacion.com.py\/index.php\/2026\/04\/04\/hombre-desaparece-en-el-rio-tebicuary-en-plena-madrugada-del-viernes-santo\/","title":{"rendered":"Hombre desaparece en el r\u00edo Tebicuary en plena madrugada del Viernes Santo"},"content":{"rendered":"\n<h3 class=\"wp-block-heading\"><strong>Una hombre de 32 a\u00f1os ingres\u00f3 al r\u00edo Tebicuary, en Villa Florida, para ba\u00f1arse, y desapareci\u00f3 en el agua. Bomberos y la Prefectura Naval llevan adelante un operativo de b\u00fasqueda.<\/strong><\/h3>\n\n\n\n<p>En la compa\u00f1\u00eda Centu Cu\u00e9, zona del Parador Camping de Villa Florida,&nbsp;<strong>Sim\u00f3n Benjam\u00edn Ver\u00f3n Ezquivel<\/strong>&nbsp;se encontraba con un grupo de amigos y su pareja, Rosana Soledad Guerrero Meza.<\/p>\n\n\n\n<p>Cerca de las 2:00 hs, Ver\u00f3n y la mujer decidieron entrar al r\u00edo para ba\u00f1arse, pero el&nbsp;<strong>hombre al sumergirse al agua, ya no volvi\u00f3 a la superficie.<\/strong><\/p>\n\n\n\n<p>Tras recibir el aviso de lo ocurrido, llegaron hasta el sitio agentes de la<strong>&nbsp;Comisar\u00eda 10\u00b0 y de inmediato se notific\u00f3 a la prefectura naval.<\/strong><\/p>\n\n\n\n<p>Actualmente contin\u00faa la b\u00fasqueda del joven, que cuenta con la participaci\u00f3n del Ministerio P\u00fablico y de los Bomberos Voluntarios de la ciudad.<\/p>\n\n\n\n<p><strong>Es oriundo de Lambar\u00e9<\/strong>&nbsp;y lleg\u00f3 hasta la ciudad misionera para compartir con sus amigos la Semana Santa.<\/p>\n","protected":false},"excerpt":{"rendered":"<p>Una hombre de 32 a\u00f1os ingres\u00f3 al r\u00edo Tebicuary, en Villa Florida, para ba\u00f1arse, y desapareci\u00f3 en el<\/p>\n","protected":false},"author":4,"featured_media":2020,"comment_status":"open","ping_status":"open","sticky":false,"template":"","format":"standard","meta":{"footnotes":""},"categories":[39],"tags":[263,264,262,265],"post_badge":[],"class_list":["post-2019","post","type-post","status-publish","format-standard","has-post-thumbnail","hentry","category-pais-2","tag-rio","tag-desaparece","tag-tebicuary","tag-viernessanto"],"yoast_head":"<!-- This site is optimized with the Yoast SEO plugin v26.9 - https:\/\/yoast.com\/product\/yoast-seo-wordpress\/ -->\n<title>Hombre desaparece en el r\u00edo Tebicuary en plena madrugada del Viernes Santo - Radio Estaci\u00f3n - 92.9 Fm Caazap\u00e1 Pa\u00eds #Rio, Desaparece, Tebicuary, ViernesSanto Pa\u00eds<\/title>\n<meta name=\"description\" content=\"Radio Estaci\u00f3n - 92.9 Fm Caazap\u00e1 Pa\u00eds Hombre desaparece en el r\u00edo Tebicuary en plena madrugada del Viernes Santo #Rio, Desaparece, Tebicuary, ViernesSanto Pa\u00eds\" \/>\n<meta name=\"robots\" content=\"index, follow, max-snippet:-1, max-image-preview:large, max-video-preview:-1\" \/>\n<link rel=\"canonical\" href=\"https:\/\/radioestacion.com.py\/index.php\/2026\/04\/04\/hombre-desaparece-en-el-rio-tebicuary-en-plena-madrugada-del-viernes-santo\/\" \/>\n<meta property=\"og:locale\" content=\"es_ES\" \/>\n<meta property=\"og:type\" content=\"article\" \/>\n<meta property=\"og:title\" content=\"Hombre desaparece en el r\u00edo Tebicuary en plena madrugada del Viernes Santo - Radio Estaci\u00f3n - 92.9 Fm Caazap\u00e1 Pa\u00eds #Rio, Desaparece, Tebicuary, ViernesSanto Pa\u00eds\" \/>\n<meta property=\"og:description\" content=\"Radio Estaci\u00f3n - 92.9 Fm Caazap\u00e1 Pa\u00eds Hombre desaparece en el r\u00edo Tebicuary en plena madrugada del Viernes Santo #Rio, Desaparece, Tebicuary, ViernesSanto Pa\u00eds\" \/>\n<meta property=\"og:url\" content=\"https:\/\/radioestacion.com.py\/index.php\/2026\/04\/04\/hombre-desaparece-en-el-rio-tebicuary-en-plena-madrugada-del-viernes-santo\/\" \/>\n<meta property=\"og:site_name\" content=\"Radio Estaci\u00f3n - 92.9 Fm Caazap\u00e1\" \/>\n<meta property=\"article:publisher\" content=\"https:\/\/www.facebook.com\/profile.php?id=61578076966227\" \/>\n<meta property=\"article:published_time\" content=\"2026-04-04T01:09:37+00:00\" \/>\n<meta property=\"og:image\" content=\"https:\/\/radioestacion.com.py\/wp-content\/uploads\/2026\/04\/image-39.jpg\" \/>\n\t<meta property=\"og:image:width\" content=\"760\" \/>\n\t<meta property=\"og:image:height\" content=\"420\" \/>\n\t<meta property=\"og:image:type\" content=\"image\/jpeg\" \/>\n<meta name=\"author\" content=\"Red Multimedios\" \/>\n<meta name=\"twitter:card\" content=\"summary_large_image\" \/>\n<meta name=\"twitter:label1\" content=\"Escrito por\" \/>\n\t<meta name=\"twitter:data1\" content=\"Red Multimedios\" \/>\n\t<meta name=\"twitter:label2\" content=\"Tiempo de lectura\" \/>\n\t<meta name=\"twitter:data2\" content=\"1 minuto\" \/>\n<script type=\"application\/ld+json\" class=\"yoast-schema-graph\">{\"@context\":\"https:\/\/schema.org\",\"@graph\":[{\"@type\":\"Article\",\"@id\":\"https:\/\/radioestacion.com.py\/index.php\/2026\/04\/04\/hombre-desaparece-en-el-rio-tebicuary-en-plena-madrugada-del-viernes-santo\/#article\",\"isPartOf\":{\"@id\":\"https:\/\/radioestacion.com.py\/index.php\/2026\/04\/04\/hombre-desaparece-en-el-rio-tebicuary-en-plena-madrugada-del-viernes-santo\/\"},\"author\":{\"name\":\"Red Multimedios\",\"@id\":\"https:\/\/radioestacion.com.py\/#\/schema\/person\/a4020e85409009300bd9898994b03a3f\"},\"headline\":\"Hombre desaparece en el r\u00edo Tebicuary en plena madrugada del Viernes Santo\",\"datePublished\":\"2026-04-04T01:09:37+00:00\",\"mainEntityOfPage\":{\"@id\":\"https:\/\/radioestacion.com.py\/index.php\/2026\/04\/04\/hombre-desaparece-en-el-rio-tebicuary-en-plena-madrugada-del-viernes-santo\/\"},\"wordCount\":184,\"commentCount\":0,\"publisher\":{\"@id\":\"https:\/\/radioestacion.com.py\/#organization\"},\"image\":{\"@id\":\"https:\/\/radioestacion.com.py\/index.php\/2026\/04\/04\/hombre-desaparece-en-el-rio-tebicuary-en-plena-madrugada-del-viernes-santo\/#primaryimage\"},\"thumbnailUrl\":\"https:\/\/radioestacion.com.py\/wp-content\/uploads\/2026\/04\/image-39.jpg\",\"keywords\":[\"#Rio\",\"Desaparece\",\"Tebicuary\",\"ViernesSanto\"],\"articleSection\":[\"Pa\u00eds\"],\"inLanguage\":\"es\",\"potentialAction\":[{\"@type\":\"CommentAction\",\"name\":\"Comment\",\"target\":[\"https:\/\/radioestacion.com.py\/index.php\/2026\/04\/04\/hombre-desaparece-en-el-rio-tebicuary-en-plena-madrugada-del-viernes-santo\/#respond\"]}]},{\"@type\":\"WebPage\",\"@id\":\"https:\/\/radioestacion.com.py\/index.php\/2026\/04\/04\/hombre-desaparece-en-el-rio-tebicuary-en-plena-madrugada-del-viernes-santo\/\",\"url\":\"https:\/\/radioestacion.com.py\/index.php\/2026\/04\/04\/hombre-desaparece-en-el-rio-tebicuary-en-plena-madrugada-del-viernes-santo\/\",\"name\":\"Hombre desaparece en el r\u00edo Tebicuary en plena madrugada del Viernes Santo - Radio Estaci\u00f3n - 92.9 Fm Caazap\u00e1 Pa\u00eds #Rio, Desaparece, Tebicuary, ViernesSanto Pa\u00eds\",\"isPartOf\":{\"@id\":\"https:\/\/radioestacion.com.py\/#website\"},\"primaryImageOfPage\":{\"@id\":\"https:\/\/radioestacion.com.py\/index.php\/2026\/04\/04\/hombre-desaparece-en-el-rio-tebicuary-en-plena-madrugada-del-viernes-santo\/#primaryimage\"},\"image\":{\"@id\":\"https:\/\/radioestacion.com.py\/index.php\/2026\/04\/04\/hombre-desaparece-en-el-rio-tebicuary-en-plena-madrugada-del-viernes-santo\/#primaryimage\"},\"thumbnailUrl\":\"https:\/\/radioestacion.com.py\/wp-content\/uploads\/2026\/04\/image-39.jpg\",\"datePublished\":\"2026-04-04T01:09:37+00:00\",\"description\":\"Radio Estaci\u00f3n - 92.9 Fm Caazap\u00e1 Pa\u00eds Hombre desaparece en el r\u00edo Tebicuary en plena madrugada del Viernes Santo #Rio, Desaparece, Tebicuary, ViernesSanto Pa\u00eds\",\"breadcrumb\":{\"@id\":\"https:\/\/radioestacion.com.py\/index.php\/2026\/04\/04\/hombre-desaparece-en-el-rio-tebicuary-en-plena-madrugada-del-viernes-santo\/#breadcrumb\"},\"inLanguage\":\"es\",\"potentialAction\":[{\"@type\":\"ReadAction\",\"target\":[\"https:\/\/radioestacion.com.py\/index.php\/2026\/04\/04\/hombre-desaparece-en-el-rio-tebicuary-en-plena-madrugada-del-viernes-santo\/\"]}]},{\"@type\":\"ImageObject\",\"inLanguage\":\"es\",\"@id\":\"https:\/\/radioestacion.com.py\/index.php\/2026\/04\/04\/hombre-desaparece-en-el-rio-tebicuary-en-plena-madrugada-del-viernes-santo\/#primaryimage\",\"url\":\"https:\/\/radioestacion.com.py\/wp-content\/uploads\/2026\/04\/image-39.jpg\",\"contentUrl\":\"https:\/\/radioestacion.com.py\/wp-content\/uploads\/2026\/04\/image-39.jpg\",\"width\":760,\"height\":420,\"caption\":\"El hombre desapareci\u00f3 en aguas del r\u00edo Tebicuary. Foto: Archivo.\"},{\"@type\":\"BreadcrumbList\",\"@id\":\"https:\/\/radioestacion.com.py\/index.php\/2026\/04\/04\/hombre-desaparece-en-el-rio-tebicuary-en-plena-madrugada-del-viernes-santo\/#breadcrumb\",\"itemListElement\":[{\"@type\":\"ListItem\",\"position\":1,\"name\":\"Portada\",\"item\":\"https:\/\/radioestacion.com.py\/\"},{\"@type\":\"ListItem\",\"position\":2,\"name\":\"Hombre desaparece en el r\u00edo Tebicuary en plena madrugada del Viernes Santo\"}]},{\"@type\":\"WebSite\",\"@id\":\"https:\/\/radioestacion.com.py\/#website\",\"url\":\"https:\/\/radioestacion.com.py\/\",\"name\":\"Radio Estaci\u00f3n - 92.9 Fm Caazap\u00e1\",\"description\":\"Radio Estaci\u00f3n de Caazap\u00e1, 92.9 radio estaci\u00f3n\",\"publisher\":{\"@id\":\"https:\/\/radioestacion.com.py\/#organization\"},\"alternateName\":\"Radio Estacion de Caazap\u00e1\",\"potentialAction\":[{\"@type\":\"SearchAction\",\"target\":{\"@type\":\"EntryPoint\",\"urlTemplate\":\"https:\/\/radioestacion.com.py\/?s={search_term_string}\"},\"query-input\":{\"@type\":\"PropertyValueSpecification\",\"valueRequired\":true,\"valueName\":\"search_term_string\"}}],\"inLanguage\":\"es\"},{\"@type\":\"Organization\",\"@id\":\"https:\/\/radioestacion.com.py\/#organization\",\"name\":\"Radio Estaci\u00f3n 92.9\",\"url\":\"https:\/\/radioestacion.com.py\/\",\"logo\":{\"@type\":\"ImageObject\",\"inLanguage\":\"es\",\"@id\":\"https:\/\/radioestacion.com.py\/#\/schema\/logo\/image\/\",\"url\":\"https:\/\/radioestacion.com.py\/wp-content\/uploads\/2025\/07\/cropped-logo-1.png\",\"contentUrl\":\"https:\/\/radioestacion.com.py\/wp-content\/uploads\/2025\/07\/cropped-logo-1.png\",\"width\":512,\"height\":512,\"caption\":\"Radio Estaci\u00f3n 92.9\"},\"image\":{\"@id\":\"https:\/\/radioestacion.com.py\/#\/schema\/logo\/image\/\"},\"sameAs\":[\"https:\/\/www.facebook.com\/profile.php?id=61578076966227\"]},{\"@type\":\"Person\",\"@id\":\"https:\/\/radioestacion.com.py\/#\/schema\/person\/a4020e85409009300bd9898994b03a3f\",\"name\":\"Red Multimedios\",\"image\":{\"@type\":\"ImageObject\",\"inLanguage\":\"es\",\"@id\":\"https:\/\/radioestacion.com.py\/#\/schema\/person\/image\/\",\"url\":\"https:\/\/secure.gravatar.com\/avatar\/992b8061e4c1e7683a64e011a7972e7a58ee464d2afcc56539cf6454481292c7?s=96&d=mm&r=g\",\"contentUrl\":\"https:\/\/secure.gravatar.com\/avatar\/992b8061e4c1e7683a64e011a7972e7a58ee464d2afcc56539cf6454481292c7?s=96&d=mm&r=g\",\"caption\":\"Red Multimedios\"},\"url\":\"https:\/\/radioestacion.com.py\/index.php\/author\/red-multimedios\/\"}]}<\/script>\n<!-- \/ Yoast SEO plugin. -->","yoast_head_json":{"title":"Hombre desaparece en el r\u00edo Tebicuary en plena madrugada del Viernes Santo - Radio Estaci\u00f3n - 92.9 Fm Caazap\u00e1 Pa\u00eds #Rio, Desaparece, Tebicuary, ViernesSanto Pa\u00eds","description":"Radio Estaci\u00f3n - 92.9 Fm Caazap\u00e1 Pa\u00eds Hombre desaparece en el r\u00edo Tebicuary en plena madrugada del Viernes Santo #Rio, Desaparece, Tebicuary, ViernesSanto Pa\u00eds","robots":{"index":"index","follow":"follow","max-snippet":"max-snippet:-1","max-image-preview":"max-image-preview:large","max-video-preview":"max-video-preview:-1"},"canonical":"https:\/\/radioestacion.com.py\/index.php\/2026\/04\/04\/hombre-desaparece-en-el-rio-tebicuary-en-plena-madrugada-del-viernes-santo\/","og_locale":"es_ES","og_type":"article","og_title":"Hombre desaparece en el r\u00edo Tebicuary en plena madrugada del Viernes Santo - Radio Estaci\u00f3n - 92.9 Fm Caazap\u00e1 Pa\u00eds #Rio, Desaparece, Tebicuary, ViernesSanto Pa\u00eds","og_description":"Radio Estaci\u00f3n - 92.9 Fm Caazap\u00e1 Pa\u00eds Hombre desaparece en el r\u00edo Tebicuary en plena madrugada del Viernes Santo #Rio, Desaparece, Tebicuary, ViernesSanto Pa\u00eds","og_url":"https:\/\/radioestacion.com.py\/index.php\/2026\/04\/04\/hombre-desaparece-en-el-rio-tebicuary-en-plena-madrugada-del-viernes-santo\/","og_site_name":"Radio Estaci\u00f3n - 92.9 Fm Caazap\u00e1","article_publisher":"https:\/\/www.facebook.com\/profile.php?id=61578076966227","article_published_time":"2026-04-04T01:09:37+00:00","og_image":[{"width":760,"height":420,"url":"https:\/\/radioestacion.com.py\/wp-content\/uploads\/2026\/04\/image-39.jpg","type":"image\/jpeg"}],"author":"Red Multimedios","twitter_card":"summary_large_image","twitter_misc":{"Escrito por":"Red Multimedios","Tiempo de lectura":"1 minuto"},"schema":{"@context":"https:\/\/schema.org","@graph":[{"@type":"Article","@id":"https:\/\/radioestacion.com.py\/index.php\/2026\/04\/04\/hombre-desaparece-en-el-rio-tebicuary-en-plena-madrugada-del-viernes-santo\/#article","isPartOf":{"@id":"https:\/\/radioestacion.com.py\/index.php\/2026\/04\/04\/hombre-desaparece-en-el-rio-tebicuary-en-plena-madrugada-del-viernes-santo\/"},"author":{"name":"Red Multimedios","@id":"https:\/\/radioestacion.com.py\/#\/schema\/person\/a4020e85409009300bd9898994b03a3f"},"headline":"Hombre desaparece en el r\u00edo Tebicuary en plena madrugada del Viernes Santo","datePublished":"2026-04-04T01:09:37+00:00","mainEntityOfPage":{"@id":"https:\/\/radioestacion.com.py\/index.php\/2026\/04\/04\/hombre-desaparece-en-el-rio-tebicuary-en-plena-madrugada-del-viernes-santo\/"},"wordCount":184,"commentCount":0,"publisher":{"@id":"https:\/\/radioestacion.com.py\/#organization"},"image":{"@id":"https:\/\/radioestacion.com.py\/index.php\/2026\/04\/04\/hombre-desaparece-en-el-rio-tebicuary-en-plena-madrugada-del-viernes-santo\/#primaryimage"},"thumbnailUrl":"https:\/\/radioestacion.com.py\/wp-content\/uploads\/2026\/04\/image-39.jpg","keywords":["#Rio","Desaparece","Tebicuary","ViernesSanto"],"articleSection":["Pa\u00eds"],"inLanguage":"es","potentialAction":[{"@type":"CommentAction","name":"Comment","target":["https:\/\/radioestacion.com.py\/index.php\/2026\/04\/04\/hombre-desaparece-en-el-rio-tebicuary-en-plena-madrugada-del-viernes-santo\/#respond"]}]},{"@type":"WebPage","@id":"https:\/\/radioestacion.com.py\/index.php\/2026\/04\/04\/hombre-desaparece-en-el-rio-tebicuary-en-plena-madrugada-del-viernes-santo\/","url":"https:\/\/radioestacion.com.py\/index.php\/2026\/04\/04\/hombre-desaparece-en-el-rio-tebicuary-en-plena-madrugada-del-viernes-santo\/","name":"Hombre desaparece en el r\u00edo Tebicuary en plena madrugada del Viernes Santo - Radio Estaci\u00f3n - 92.9 Fm Caazap\u00e1 Pa\u00eds #Rio, Desaparece, Tebicuary, ViernesSanto Pa\u00eds","isPartOf":{"@id":"https:\/\/radioestacion.com.py\/#website"},"primaryImageOfPage":{"@id":"https:\/\/radioestacion.com.py\/index.php\/2026\/04\/04\/hombre-desaparece-en-el-rio-tebicuary-en-plena-madrugada-del-viernes-santo\/#primaryimage"},"image":{"@id":"https:\/\/radioestacion.com.py\/index.php\/2026\/04\/04\/hombre-desaparece-en-el-rio-tebicuary-en-plena-madrugada-del-viernes-santo\/#primaryimage"},"thumbnailUrl":"https:\/\/radioestacion.com.py\/wp-content\/uploads\/2026\/04\/image-39.jpg","datePublished":"2026-04-04T01:09:37+00:00","description":"Radio Estaci\u00f3n - 92.9 Fm Caazap\u00e1 Pa\u00eds Hombre desaparece en el r\u00edo Tebicuary en plena madrugada del Viernes Santo #Rio, Desaparece, Tebicuary, ViernesSanto Pa\u00eds","breadcrumb":{"@id":"https:\/\/radioestacion.com.py\/index.php\/2026\/04\/04\/hombre-desaparece-en-el-rio-tebicuary-en-plena-madrugada-del-viernes-santo\/#breadcrumb"},"inLanguage":"es","potentialAction":[{"@type":"ReadAction","target":["https:\/\/radioestacion.com.py\/index.php\/2026\/04\/04\/hombre-desaparece-en-el-rio-tebicuary-en-plena-madrugada-del-viernes-santo\/"]}]},{"@type":"ImageObject","inLanguage":"es","@id":"https:\/\/radioestacion.com.py\/index.php\/2026\/04\/04\/hombre-desaparece-en-el-rio-tebicuary-en-plena-madrugada-del-viernes-santo\/#primaryimage","url":"https:\/\/radioestacion.com.py\/wp-content\/uploads\/2026\/04\/image-39.jpg","contentUrl":"https:\/\/radioestacion.com.py\/wp-content\/uploads\/2026\/04\/image-39.jpg","width":760,"height":420,"caption":"El hombre desapareci\u00f3 en aguas del r\u00edo Tebicuary. Foto: Archivo."},{"@type":"BreadcrumbList","@id":"https:\/\/radioestacion.com.py\/index.php\/2026\/04\/04\/hombre-desaparece-en-el-rio-tebicuary-en-plena-madrugada-del-viernes-santo\/#breadcrumb","itemListElement":[{"@type":"ListItem","position":1,"name":"Portada","item":"https:\/\/radioestacion.com.py\/"},{"@type":"ListItem","position":2,"name":"Hombre desaparece en el r\u00edo Tebicuary en plena madrugada del Viernes Santo"}]},{"@type":"WebSite","@id":"https:\/\/radioestacion.com.py\/#website","url":"https:\/\/radioestacion.com.py\/","name":"Radio Estaci\u00f3n - 92.9 Fm Caazap\u00e1","description":"Radio Estaci\u00f3n de Caazap\u00e1, 92.9 radio estaci\u00f3n","publisher":{"@id":"https:\/\/radioestacion.com.py\/#organization"},"alternateName":"Radio Estacion de Caazap\u00e1","potentialAction":[{"@type":"SearchAction","target":{"@type":"EntryPoint","urlTemplate":"https:\/\/radioestacion.com.py\/?s={search_term_string}"},"query-input":{"@type":"PropertyValueSpecification","valueRequired":true,"valueName":"search_term_string"}}],"inLanguage":"es"},{"@type":"Organization","@id":"https:\/\/radioestacion.com.py\/#organization","name":"Radio Estaci\u00f3n 92.9","url":"https:\/\/radioestacion.com.py\/","logo":{"@type":"ImageObject","inLanguage":"es","@id":"https:\/\/radioestacion.com.py\/#\/schema\/logo\/image\/","url":"https:\/\/radioestacion.com.py\/wp-content\/uploads\/2025\/07\/cropped-logo-1.png","contentUrl":"https:\/\/radioestacion.com.py\/wp-content\/uploads\/2025\/07\/cropped-logo-1.png","width":512,"height":512,"caption":"Radio Estaci\u00f3n 92.9"},"image":{"@id":"https:\/\/radioestacion.com.py\/#\/schema\/logo\/image\/"},"sameAs":["https:\/\/www.facebook.com\/profile.php?id=61578076966227"]},{"@type":"Person","@id":"https:\/\/radioestacion.com.py\/#\/schema\/person\/a4020e85409009300bd9898994b03a3f","name":"Red Multimedios","image":{"@type":"ImageObject","inLanguage":"es","@id":"https:\/\/radioestacion.com.py\/#\/schema\/person\/image\/","url":"https:\/\/secure.gravatar.com\/avatar\/992b8061e4c1e7683a64e011a7972e7a58ee464d2afcc56539cf6454481292c7?s=96&d=mm&r=g","contentUrl":"https:\/\/secure.gravatar.com\/avatar\/992b8061e4c1e7683a64e011a7972e7a58ee464d2afcc56539cf6454481292c7?s=96&d=mm&r=g","caption":"Red Multimedios"},"url":"https:\/\/radioestacion.com.py\/index.php\/author\/red-multimedios\/"}]}},"_links":{"self":[{"href":"https:\/\/radioestacion.com.py\/index.php\/wp-json\/wp\/v2\/posts\/2019","targetHints":{"allow":["GET"]}}],"collection":[{"href":"https:\/\/radioestacion.com.py\/index.php\/wp-json\/wp\/v2\/posts"}],"about":[{"href":"https:\/\/radioestacion.com.py\/index.php\/wp-json\/wp\/v2\/types\/post"}],"author":[{"embeddable":true,"href":"https:\/\/radioestacion.com.py\/index.php\/wp-json\/wp\/v2\/users\/4"}],"replies":[{"embeddable":true,"href":"https:\/\/radioestacion.com.py\/index.php\/wp-json\/wp\/v2\/comments?post=2019"}],"version-history":[{"count":1,"href":"https:\/\/radioestacion.com.py\/index.php\/wp-json\/wp\/v2\/posts\/2019\/revisions"}],"predecessor-version":[{"id":2021,"href":"https:\/\/radioestacion.com.py\/index.php\/wp-json\/wp\/v2\/posts\/2019\/revisions\/2021"}],"wp:featuredmedia":[{"embeddable":true,"href":"https:\/\/radioestacion.com.py\/index.php\/wp-json\/wp\/v2\/media\/2020"}],"wp:attachment":[{"href":"https:\/\/radioestacion.com.py\/index.php\/wp-json\/wp\/v2\/media?parent=2019"}],"wp:term":[{"taxonomy":"category","embeddable":true,"href":"https:\/\/radioestacion.com.py\/index.php\/wp-json\/wp\/v2\/categories?post=2019"},{"taxonomy":"post_tag","embeddable":true,"href":"https:\/\/radioestacion.com.py\/index.php\/wp-json\/wp\/v2\/tags?post=2019"},{"taxonomy":"post_badge","embeddable":true,"href":"https:\/\/radioestacion.com.py\/index.php\/wp-json\/wp\/v2\/post_badge?post=2019"}],"curies":[{"name":"wp","href":"https:\/\/api.w.org\/{rel}","templated":true}]}}