{"id":2567,"date":"2026-04-26T13:54:44","date_gmt":"2026-04-26T13:54:44","guid":{"rendered":"https:\/\/radioestacion.com.py\/?p=2567"},"modified":"2026-04-26T13:54:45","modified_gmt":"2026-04-26T13:54:45","slug":"preocupa-caida-del-hato-bovino-y-reduccion-de-ganaderos","status":"publish","type":"post","link":"https:\/\/radioestacion.com.py\/index.php\/2026\/04\/26\/preocupa-caida-del-hato-bovino-y-reduccion-de-ganaderos\/","title":{"rendered":"Preocupa ca\u00edda del hato bovino y reducci\u00f3n de ganaderos"},"content":{"rendered":"\n<h3 class=\"wp-block-heading\"><strong>La C\u00e1mara de Diputados insta al Ministerio de Agricultura y Ganader\u00eda a implementar medidas de apoyo al sector ganadero ante la ca\u00edda del hato bovino.<\/strong><\/h3>\n\n\n\n<p>En su \u00faltima sesi\u00f3n, la C\u00e1mara Baja aprob\u00f3 un proyecto presentado por el&nbsp;<strong>diputado Juan Maciel (ANR-Caazap\u00e1)<\/strong>.<\/p>\n\n\n\n<p>En esencia, el proyecto<strong>&nbsp;insta al Ministerio de Agricultura y Ganader\u00eda (MAG) a implementar pol\u00edticas p\u00fablicas integrales de apoyo al sector,<\/strong>&nbsp;que incluyan asistencia t\u00e9cnica, acceso a financiamiento e incentivos productivos. Adem\u00e1s, exhorta al&nbsp;<strong>Ministerio de Econom\u00eda y Finanzas a destinar m\u00e1s recursos<\/strong>&nbsp;al Viceministerio de Ganader\u00eda.<\/p>\n\n\n\n<p>El legislador caazape\u00f1o fundament\u00f3 su propuesta en datos t\u00e9cnicos de la<strong>&nbsp;Mesa Paraguaya de Carne Sostenible, seg\u00fan los cuales entre 2020 y 2025 el hato bovino cay\u00f3 aproximadamente un 9%,&nbsp;<\/strong>mientras que el n\u00famero de productores ganaderos registr\u00f3 una reducci\u00f3n de alrededor del 16%.<\/p>\n\n\n\n<p>Seg\u00fan explica el legislador, estas cifras reflejan un proceso de transformaci\u00f3n estructural con consecuencias directas sobre los peque\u00f1os y medianos productores, el empleo rural y la econom\u00eda nacional.<a href=\"https:\/\/www.hoy.com.py\/#facebook\" target=\"_blank\" rel=\"noreferrer noopener\"><\/a><\/p>\n","protected":false},"excerpt":{"rendered":"<p>La C\u00e1mara de Diputados insta al Ministerio de Agricultura y Ganader\u00eda a implementar medidas de apoyo al sector<\/p>\n","protected":false},"author":4,"featured_media":2568,"comment_status":"open","ping_status":"open","sticky":false,"template":"","format":"standard","meta":{"footnotes":""},"categories":[42],"tags":[635,613,634],"post_badge":[],"class_list":["post-2567","post","type-post","status-publish","format-standard","has-post-thumbnail","hentry","category-nacionales","tag-bovino","tag-ganadero","tag-preocupacion"],"yoast_head":"<!-- This site is optimized with the Yoast SEO plugin v26.9 - https:\/\/yoast.com\/product\/yoast-seo-wordpress\/ -->\n<title>Preocupa ca\u00edda del hato bovino y reducci\u00f3n de ganaderos - Radio Estaci\u00f3n - 92.9 Fm Caazap\u00e1 Nacionales BOVINO, GANADERO, PREOCUPACION Nacionales<\/title>\n<meta name=\"description\" content=\"Radio Estaci\u00f3n - 92.9 Fm Caazap\u00e1 Nacionales Preocupa ca\u00edda del hato bovino y reducci\u00f3n de ganaderos BOVINO, GANADERO, PREOCUPACION Nacionales\" \/>\n<meta name=\"robots\" content=\"index, follow, max-snippet:-1, max-image-preview:large, max-video-preview:-1\" \/>\n<link rel=\"canonical\" href=\"https:\/\/radioestacion.com.py\/index.php\/2026\/04\/26\/preocupa-caida-del-hato-bovino-y-reduccion-de-ganaderos\/\" \/>\n<meta property=\"og:locale\" content=\"es_ES\" \/>\n<meta property=\"og:type\" content=\"article\" \/>\n<meta property=\"og:title\" content=\"Preocupa ca\u00edda del hato bovino y reducci\u00f3n de ganaderos - Radio Estaci\u00f3n - 92.9 Fm Caazap\u00e1 Nacionales BOVINO, GANADERO, PREOCUPACION Nacionales\" \/>\n<meta property=\"og:description\" content=\"Radio Estaci\u00f3n - 92.9 Fm Caazap\u00e1 Nacionales Preocupa ca\u00edda del hato bovino y reducci\u00f3n de ganaderos BOVINO, GANADERO, PREOCUPACION Nacionales\" \/>\n<meta property=\"og:url\" content=\"https:\/\/radioestacion.com.py\/index.php\/2026\/04\/26\/preocupa-caida-del-hato-bovino-y-reduccion-de-ganaderos\/\" \/>\n<meta property=\"og:site_name\" content=\"Radio Estaci\u00f3n - 92.9 Fm Caazap\u00e1\" \/>\n<meta property=\"article:publisher\" content=\"https:\/\/www.facebook.com\/profile.php?id=61578076966227\" \/>\n<meta property=\"article:published_time\" content=\"2026-04-26T13:54:44+00:00\" \/>\n<meta property=\"article:modified_time\" content=\"2026-04-26T13:54:45+00:00\" \/>\n<meta property=\"og:image\" content=\"https:\/\/radioestacion.com.py\/wp-content\/uploads\/2026\/04\/X5XWFEBSFVCJ3MHKKNRZ2VQGUM.png\" \/>\n\t<meta property=\"og:image:width\" content=\"760\" \/>\n\t<meta property=\"og:image:height\" content=\"420\" \/>\n\t<meta property=\"og:image:type\" content=\"image\/png\" \/>\n<meta name=\"author\" content=\"Red Multimedios\" \/>\n<meta name=\"twitter:card\" content=\"summary_large_image\" \/>\n<meta name=\"twitter:label1\" content=\"Escrito por\" \/>\n\t<meta name=\"twitter:data1\" content=\"Red Multimedios\" \/>\n\t<meta name=\"twitter:label2\" content=\"Tiempo de lectura\" \/>\n\t<meta name=\"twitter:data2\" content=\"1 minuto\" \/>\n<script type=\"application\/ld+json\" class=\"yoast-schema-graph\">{\"@context\":\"https:\/\/schema.org\",\"@graph\":[{\"@type\":\"Article\",\"@id\":\"https:\/\/radioestacion.com.py\/index.php\/2026\/04\/26\/preocupa-caida-del-hato-bovino-y-reduccion-de-ganaderos\/#article\",\"isPartOf\":{\"@id\":\"https:\/\/radioestacion.com.py\/index.php\/2026\/04\/26\/preocupa-caida-del-hato-bovino-y-reduccion-de-ganaderos\/\"},\"author\":{\"name\":\"Red Multimedios\",\"@id\":\"https:\/\/radioestacion.com.py\/#\/schema\/person\/a4020e85409009300bd9898994b03a3f\"},\"headline\":\"Preocupa ca\u00edda del hato bovino y reducci\u00f3n de ganaderos\",\"datePublished\":\"2026-04-26T13:54:44+00:00\",\"dateModified\":\"2026-04-26T13:54:45+00:00\",\"mainEntityOfPage\":{\"@id\":\"https:\/\/radioestacion.com.py\/index.php\/2026\/04\/26\/preocupa-caida-del-hato-bovino-y-reduccion-de-ganaderos\/\"},\"wordCount\":197,\"commentCount\":0,\"publisher\":{\"@id\":\"https:\/\/radioestacion.com.py\/#organization\"},\"image\":{\"@id\":\"https:\/\/radioestacion.com.py\/index.php\/2026\/04\/26\/preocupa-caida-del-hato-bovino-y-reduccion-de-ganaderos\/#primaryimage\"},\"thumbnailUrl\":\"https:\/\/radioestacion.com.py\/wp-content\/uploads\/2026\/04\/X5XWFEBSFVCJ3MHKKNRZ2VQGUM.png\",\"keywords\":[\"BOVINO\",\"GANADERO\",\"PREOCUPACION\"],\"articleSection\":[\"Nacionales\"],\"inLanguage\":\"es\",\"potentialAction\":[{\"@type\":\"CommentAction\",\"name\":\"Comment\",\"target\":[\"https:\/\/radioestacion.com.py\/index.php\/2026\/04\/26\/preocupa-caida-del-hato-bovino-y-reduccion-de-ganaderos\/#respond\"]}]},{\"@type\":\"WebPage\",\"@id\":\"https:\/\/radioestacion.com.py\/index.php\/2026\/04\/26\/preocupa-caida-del-hato-bovino-y-reduccion-de-ganaderos\/\",\"url\":\"https:\/\/radioestacion.com.py\/index.php\/2026\/04\/26\/preocupa-caida-del-hato-bovino-y-reduccion-de-ganaderos\/\",\"name\":\"Preocupa ca\u00edda del hato bovino y reducci\u00f3n de ganaderos - Radio Estaci\u00f3n - 92.9 Fm Caazap\u00e1 Nacionales BOVINO, GANADERO, PREOCUPACION Nacionales\",\"isPartOf\":{\"@id\":\"https:\/\/radioestacion.com.py\/#website\"},\"primaryImageOfPage\":{\"@id\":\"https:\/\/radioestacion.com.py\/index.php\/2026\/04\/26\/preocupa-caida-del-hato-bovino-y-reduccion-de-ganaderos\/#primaryimage\"},\"image\":{\"@id\":\"https:\/\/radioestacion.com.py\/index.php\/2026\/04\/26\/preocupa-caida-del-hato-bovino-y-reduccion-de-ganaderos\/#primaryimage\"},\"thumbnailUrl\":\"https:\/\/radioestacion.com.py\/wp-content\/uploads\/2026\/04\/X5XWFEBSFVCJ3MHKKNRZ2VQGUM.png\",\"datePublished\":\"2026-04-26T13:54:44+00:00\",\"dateModified\":\"2026-04-26T13:54:45+00:00\",\"description\":\"Radio Estaci\u00f3n - 92.9 Fm Caazap\u00e1 Nacionales Preocupa ca\u00edda del hato bovino y reducci\u00f3n de ganaderos BOVINO, GANADERO, PREOCUPACION Nacionales\",\"breadcrumb\":{\"@id\":\"https:\/\/radioestacion.com.py\/index.php\/2026\/04\/26\/preocupa-caida-del-hato-bovino-y-reduccion-de-ganaderos\/#breadcrumb\"},\"inLanguage\":\"es\",\"potentialAction\":[{\"@type\":\"ReadAction\",\"target\":[\"https:\/\/radioestacion.com.py\/index.php\/2026\/04\/26\/preocupa-caida-del-hato-bovino-y-reduccion-de-ganaderos\/\"]}]},{\"@type\":\"ImageObject\",\"inLanguage\":\"es\",\"@id\":\"https:\/\/radioestacion.com.py\/index.php\/2026\/04\/26\/preocupa-caida-del-hato-bovino-y-reduccion-de-ganaderos\/#primaryimage\",\"url\":\"https:\/\/radioestacion.com.py\/wp-content\/uploads\/2026\/04\/X5XWFEBSFVCJ3MHKKNRZ2VQGUM.png\",\"contentUrl\":\"https:\/\/radioestacion.com.py\/wp-content\/uploads\/2026\/04\/X5XWFEBSFVCJ3MHKKNRZ2VQGUM.png\",\"width\":760,\"height\":420,\"caption\":\"Imagen referencial.\"},{\"@type\":\"BreadcrumbList\",\"@id\":\"https:\/\/radioestacion.com.py\/index.php\/2026\/04\/26\/preocupa-caida-del-hato-bovino-y-reduccion-de-ganaderos\/#breadcrumb\",\"itemListElement\":[{\"@type\":\"ListItem\",\"position\":1,\"name\":\"Portada\",\"item\":\"https:\/\/radioestacion.com.py\/\"},{\"@type\":\"ListItem\",\"position\":2,\"name\":\"Preocupa ca\u00edda del hato bovino y reducci\u00f3n de ganaderos\"}]},{\"@type\":\"WebSite\",\"@id\":\"https:\/\/radioestacion.com.py\/#website\",\"url\":\"https:\/\/radioestacion.com.py\/\",\"name\":\"Radio Estaci\u00f3n - 92.9 Fm Caazap\u00e1\",\"description\":\"Radio Estaci\u00f3n de Caazap\u00e1, 92.9 radio estaci\u00f3n\",\"publisher\":{\"@id\":\"https:\/\/radioestacion.com.py\/#organization\"},\"alternateName\":\"Radio Estacion de Caazap\u00e1\",\"potentialAction\":[{\"@type\":\"SearchAction\",\"target\":{\"@type\":\"EntryPoint\",\"urlTemplate\":\"https:\/\/radioestacion.com.py\/?s={search_term_string}\"},\"query-input\":{\"@type\":\"PropertyValueSpecification\",\"valueRequired\":true,\"valueName\":\"search_term_string\"}}],\"inLanguage\":\"es\"},{\"@type\":\"Organization\",\"@id\":\"https:\/\/radioestacion.com.py\/#organization\",\"name\":\"Radio Estaci\u00f3n 92.9\",\"url\":\"https:\/\/radioestacion.com.py\/\",\"logo\":{\"@type\":\"ImageObject\",\"inLanguage\":\"es\",\"@id\":\"https:\/\/radioestacion.com.py\/#\/schema\/logo\/image\/\",\"url\":\"https:\/\/radioestacion.com.py\/wp-content\/uploads\/2025\/07\/cropped-logo-1.png\",\"contentUrl\":\"https:\/\/radioestacion.com.py\/wp-content\/uploads\/2025\/07\/cropped-logo-1.png\",\"width\":512,\"height\":512,\"caption\":\"Radio Estaci\u00f3n 92.9\"},\"image\":{\"@id\":\"https:\/\/radioestacion.com.py\/#\/schema\/logo\/image\/\"},\"sameAs\":[\"https:\/\/www.facebook.com\/profile.php?id=61578076966227\"]},{\"@type\":\"Person\",\"@id\":\"https:\/\/radioestacion.com.py\/#\/schema\/person\/a4020e85409009300bd9898994b03a3f\",\"name\":\"Red Multimedios\",\"image\":{\"@type\":\"ImageObject\",\"inLanguage\":\"es\",\"@id\":\"https:\/\/radioestacion.com.py\/#\/schema\/person\/image\/\",\"url\":\"https:\/\/secure.gravatar.com\/avatar\/992b8061e4c1e7683a64e011a7972e7a58ee464d2afcc56539cf6454481292c7?s=96&d=mm&r=g\",\"contentUrl\":\"https:\/\/secure.gravatar.com\/avatar\/992b8061e4c1e7683a64e011a7972e7a58ee464d2afcc56539cf6454481292c7?s=96&d=mm&r=g\",\"caption\":\"Red Multimedios\"},\"url\":\"https:\/\/radioestacion.com.py\/index.php\/author\/red-multimedios\/\"}]}<\/script>\n<!-- \/ Yoast SEO plugin. -->","yoast_head_json":{"title":"Preocupa ca\u00edda del hato bovino y reducci\u00f3n de ganaderos - Radio Estaci\u00f3n - 92.9 Fm Caazap\u00e1 Nacionales BOVINO, GANADERO, PREOCUPACION Nacionales","description":"Radio Estaci\u00f3n - 92.9 Fm Caazap\u00e1 Nacionales Preocupa ca\u00edda del hato bovino y reducci\u00f3n de ganaderos BOVINO, GANADERO, PREOCUPACION Nacionales","robots":{"index":"index","follow":"follow","max-snippet":"max-snippet:-1","max-image-preview":"max-image-preview:large","max-video-preview":"max-video-preview:-1"},"canonical":"https:\/\/radioestacion.com.py\/index.php\/2026\/04\/26\/preocupa-caida-del-hato-bovino-y-reduccion-de-ganaderos\/","og_locale":"es_ES","og_type":"article","og_title":"Preocupa ca\u00edda del hato bovino y reducci\u00f3n de ganaderos - Radio Estaci\u00f3n - 92.9 Fm Caazap\u00e1 Nacionales BOVINO, GANADERO, PREOCUPACION Nacionales","og_description":"Radio Estaci\u00f3n - 92.9 Fm Caazap\u00e1 Nacionales Preocupa ca\u00edda del hato bovino y reducci\u00f3n de ganaderos BOVINO, GANADERO, PREOCUPACION Nacionales","og_url":"https:\/\/radioestacion.com.py\/index.php\/2026\/04\/26\/preocupa-caida-del-hato-bovino-y-reduccion-de-ganaderos\/","og_site_name":"Radio Estaci\u00f3n - 92.9 Fm Caazap\u00e1","article_publisher":"https:\/\/www.facebook.com\/profile.php?id=61578076966227","article_published_time":"2026-04-26T13:54:44+00:00","article_modified_time":"2026-04-26T13:54:45+00:00","og_image":[{"width":760,"height":420,"url":"https:\/\/radioestacion.com.py\/wp-content\/uploads\/2026\/04\/X5XWFEBSFVCJ3MHKKNRZ2VQGUM.png","type":"image\/png"}],"author":"Red Multimedios","twitter_card":"summary_large_image","twitter_misc":{"Escrito por":"Red Multimedios","Tiempo de lectura":"1 minuto"},"schema":{"@context":"https:\/\/schema.org","@graph":[{"@type":"Article","@id":"https:\/\/radioestacion.com.py\/index.php\/2026\/04\/26\/preocupa-caida-del-hato-bovino-y-reduccion-de-ganaderos\/#article","isPartOf":{"@id":"https:\/\/radioestacion.com.py\/index.php\/2026\/04\/26\/preocupa-caida-del-hato-bovino-y-reduccion-de-ganaderos\/"},"author":{"name":"Red Multimedios","@id":"https:\/\/radioestacion.com.py\/#\/schema\/person\/a4020e85409009300bd9898994b03a3f"},"headline":"Preocupa ca\u00edda del hato bovino y reducci\u00f3n de ganaderos","datePublished":"2026-04-26T13:54:44+00:00","dateModified":"2026-04-26T13:54:45+00:00","mainEntityOfPage":{"@id":"https:\/\/radioestacion.com.py\/index.php\/2026\/04\/26\/preocupa-caida-del-hato-bovino-y-reduccion-de-ganaderos\/"},"wordCount":197,"commentCount":0,"publisher":{"@id":"https:\/\/radioestacion.com.py\/#organization"},"image":{"@id":"https:\/\/radioestacion.com.py\/index.php\/2026\/04\/26\/preocupa-caida-del-hato-bovino-y-reduccion-de-ganaderos\/#primaryimage"},"thumbnailUrl":"https:\/\/radioestacion.com.py\/wp-content\/uploads\/2026\/04\/X5XWFEBSFVCJ3MHKKNRZ2VQGUM.png","keywords":["BOVINO","GANADERO","PREOCUPACION"],"articleSection":["Nacionales"],"inLanguage":"es","potentialAction":[{"@type":"CommentAction","name":"Comment","target":["https:\/\/radioestacion.com.py\/index.php\/2026\/04\/26\/preocupa-caida-del-hato-bovino-y-reduccion-de-ganaderos\/#respond"]}]},{"@type":"WebPage","@id":"https:\/\/radioestacion.com.py\/index.php\/2026\/04\/26\/preocupa-caida-del-hato-bovino-y-reduccion-de-ganaderos\/","url":"https:\/\/radioestacion.com.py\/index.php\/2026\/04\/26\/preocupa-caida-del-hato-bovino-y-reduccion-de-ganaderos\/","name":"Preocupa ca\u00edda del hato bovino y reducci\u00f3n de ganaderos - Radio Estaci\u00f3n - 92.9 Fm Caazap\u00e1 Nacionales BOVINO, GANADERO, PREOCUPACION Nacionales","isPartOf":{"@id":"https:\/\/radioestacion.com.py\/#website"},"primaryImageOfPage":{"@id":"https:\/\/radioestacion.com.py\/index.php\/2026\/04\/26\/preocupa-caida-del-hato-bovino-y-reduccion-de-ganaderos\/#primaryimage"},"image":{"@id":"https:\/\/radioestacion.com.py\/index.php\/2026\/04\/26\/preocupa-caida-del-hato-bovino-y-reduccion-de-ganaderos\/#primaryimage"},"thumbnailUrl":"https:\/\/radioestacion.com.py\/wp-content\/uploads\/2026\/04\/X5XWFEBSFVCJ3MHKKNRZ2VQGUM.png","datePublished":"2026-04-26T13:54:44+00:00","dateModified":"2026-04-26T13:54:45+00:00","description":"Radio Estaci\u00f3n - 92.9 Fm Caazap\u00e1 Nacionales Preocupa ca\u00edda del hato bovino y reducci\u00f3n de ganaderos BOVINO, GANADERO, PREOCUPACION Nacionales","breadcrumb":{"@id":"https:\/\/radioestacion.com.py\/index.php\/2026\/04\/26\/preocupa-caida-del-hato-bovino-y-reduccion-de-ganaderos\/#breadcrumb"},"inLanguage":"es","potentialAction":[{"@type":"ReadAction","target":["https:\/\/radioestacion.com.py\/index.php\/2026\/04\/26\/preocupa-caida-del-hato-bovino-y-reduccion-de-ganaderos\/"]}]},{"@type":"ImageObject","inLanguage":"es","@id":"https:\/\/radioestacion.com.py\/index.php\/2026\/04\/26\/preocupa-caida-del-hato-bovino-y-reduccion-de-ganaderos\/#primaryimage","url":"https:\/\/radioestacion.com.py\/wp-content\/uploads\/2026\/04\/X5XWFEBSFVCJ3MHKKNRZ2VQGUM.png","contentUrl":"https:\/\/radioestacion.com.py\/wp-content\/uploads\/2026\/04\/X5XWFEBSFVCJ3MHKKNRZ2VQGUM.png","width":760,"height":420,"caption":"Imagen referencial."},{"@type":"BreadcrumbList","@id":"https:\/\/radioestacion.com.py\/index.php\/2026\/04\/26\/preocupa-caida-del-hato-bovino-y-reduccion-de-ganaderos\/#breadcrumb","itemListElement":[{"@type":"ListItem","position":1,"name":"Portada","item":"https:\/\/radioestacion.com.py\/"},{"@type":"ListItem","position":2,"name":"Preocupa ca\u00edda del hato bovino y reducci\u00f3n de ganaderos"}]},{"@type":"WebSite","@id":"https:\/\/radioestacion.com.py\/#website","url":"https:\/\/radioestacion.com.py\/","name":"Radio Estaci\u00f3n - 92.9 Fm Caazap\u00e1","description":"Radio Estaci\u00f3n de Caazap\u00e1, 92.9 radio estaci\u00f3n","publisher":{"@id":"https:\/\/radioestacion.com.py\/#organization"},"alternateName":"Radio Estacion de Caazap\u00e1","potentialAction":[{"@type":"SearchAction","target":{"@type":"EntryPoint","urlTemplate":"https:\/\/radioestacion.com.py\/?s={search_term_string}"},"query-input":{"@type":"PropertyValueSpecification","valueRequired":true,"valueName":"search_term_string"}}],"inLanguage":"es"},{"@type":"Organization","@id":"https:\/\/radioestacion.com.py\/#organization","name":"Radio Estaci\u00f3n 92.9","url":"https:\/\/radioestacion.com.py\/","logo":{"@type":"ImageObject","inLanguage":"es","@id":"https:\/\/radioestacion.com.py\/#\/schema\/logo\/image\/","url":"https:\/\/radioestacion.com.py\/wp-content\/uploads\/2025\/07\/cropped-logo-1.png","contentUrl":"https:\/\/radioestacion.com.py\/wp-content\/uploads\/2025\/07\/cropped-logo-1.png","width":512,"height":512,"caption":"Radio Estaci\u00f3n 92.9"},"image":{"@id":"https:\/\/radioestacion.com.py\/#\/schema\/logo\/image\/"},"sameAs":["https:\/\/www.facebook.com\/profile.php?id=61578076966227"]},{"@type":"Person","@id":"https:\/\/radioestacion.com.py\/#\/schema\/person\/a4020e85409009300bd9898994b03a3f","name":"Red Multimedios","image":{"@type":"ImageObject","inLanguage":"es","@id":"https:\/\/radioestacion.com.py\/#\/schema\/person\/image\/","url":"https:\/\/secure.gravatar.com\/avatar\/992b8061e4c1e7683a64e011a7972e7a58ee464d2afcc56539cf6454481292c7?s=96&d=mm&r=g","contentUrl":"https:\/\/secure.gravatar.com\/avatar\/992b8061e4c1e7683a64e011a7972e7a58ee464d2afcc56539cf6454481292c7?s=96&d=mm&r=g","caption":"Red Multimedios"},"url":"https:\/\/radioestacion.com.py\/index.php\/author\/red-multimedios\/"}]}},"_links":{"self":[{"href":"https:\/\/radioestacion.com.py\/index.php\/wp-json\/wp\/v2\/posts\/2567","targetHints":{"allow":["GET"]}}],"collection":[{"href":"https:\/\/radioestacion.com.py\/index.php\/wp-json\/wp\/v2\/posts"}],"about":[{"href":"https:\/\/radioestacion.com.py\/index.php\/wp-json\/wp\/v2\/types\/post"}],"author":[{"embeddable":true,"href":"https:\/\/radioestacion.com.py\/index.php\/wp-json\/wp\/v2\/users\/4"}],"replies":[{"embeddable":true,"href":"https:\/\/radioestacion.com.py\/index.php\/wp-json\/wp\/v2\/comments?post=2567"}],"version-history":[{"count":1,"href":"https:\/\/radioestacion.com.py\/index.php\/wp-json\/wp\/v2\/posts\/2567\/revisions"}],"predecessor-version":[{"id":2569,"href":"https:\/\/radioestacion.com.py\/index.php\/wp-json\/wp\/v2\/posts\/2567\/revisions\/2569"}],"wp:featuredmedia":[{"embeddable":true,"href":"https:\/\/radioestacion.com.py\/index.php\/wp-json\/wp\/v2\/media\/2568"}],"wp:attachment":[{"href":"https:\/\/radioestacion.com.py\/index.php\/wp-json\/wp\/v2\/media?parent=2567"}],"wp:term":[{"taxonomy":"category","embeddable":true,"href":"https:\/\/radioestacion.com.py\/index.php\/wp-json\/wp\/v2\/categories?post=2567"},{"taxonomy":"post_tag","embeddable":true,"href":"https:\/\/radioestacion.com.py\/index.php\/wp-json\/wp\/v2\/tags?post=2567"},{"taxonomy":"post_badge","embeddable":true,"href":"https:\/\/radioestacion.com.py\/index.php\/wp-json\/wp\/v2\/post_badge?post=2567"}],"curies":[{"name":"wp","href":"https:\/\/api.w.org\/{rel}","templated":true}]}}