{"id":2573,"date":"2026-04-26T15:02:00","date_gmt":"2026-04-26T15:02:00","guid":{"rendered":"https:\/\/radioestacion.com.py\/?p=2573"},"modified":"2026-04-26T15:02:00","modified_gmt":"2026-04-26T15:02:00","slug":"asaltan-y-asesinan-a-una-alemana-en-su-vivienda-y-queman-su-vehiculo-en-paso-yobai","status":"publish","type":"post","link":"https:\/\/radioestacion.com.py\/index.php\/2026\/04\/26\/asaltan-y-asesinan-a-una-alemana-en-su-vivienda-y-queman-su-vehiculo-en-paso-yobai\/","title":{"rendered":"Asaltan y asesinan a una alemana en su vivienda y queman su veh\u00edculo en Paso Yob\u00e1i"},"content":{"rendered":"\n<h3 class=\"wp-block-heading\"><strong>Una ciudadana alemana fue asesinada durante un asalto en la compa\u00f1\u00eda Calle Gua\u2019i, en la zona de Paso Yob\u00e1i, departamento de Guair\u00e1.<\/strong> El suceso, registrado alrededor de las 04:40 de la madrugada, ha generado una profunda conmoci\u00f3n en la poblaci\u00f3n local. <\/h3>\n\n\n\n<p>La v\u00edctima fue identificada como Olga Brodkorb, de 56 a\u00f1os, quien falleci\u00f3 tras recibir un disparo de arma de fuego en la cabeza. Seg\u00fan el reporte de los intervinientes, los delincuentes sustrajeron el veh\u00edculo de la mujer, un Chevrolet modelo Onix Joy SD 1.0, color blanco, a\u00f1o 2023, con chapa N\u00b0 AANJ780. <\/p>\n\n\n\n<p>La Polic\u00eda Nacional tuvo conocimiento del hecho luego de recibir una llamada telef\u00f3nica en la oficina de guardia de la comisar\u00eda jurisdiccional, realizada por un vecino de la zona. Al ingresar a la vivienda, los agentes hallaron a la mujer tendida en el piso con una herida visible en el cr\u00e1neo.<\/p>\n\n\n\n<p>Personal del Cuerpo de Bomberos Voluntarios de Carlos Pfannl acudi\u00f3 r\u00e1pidamente al sitio y realiz\u00f3 maniobras de reanimaci\u00f3n, sin embargo no obtuvieron resultados positivos y confirmaron el deceso. <\/p>\n\n\n\n<p>En la escena se observaron pertenencias esparcidas y un rev\u00f3lver dentro de su caja. El caso qued\u00f3 a cargo de la agente fiscal de turno, Roc\u00edo Raquel Rivas, de la Unidad Penal N\u00b0 1 de la Fiscal\u00eda Zonal de Independencia, quien convoc\u00f3 al m\u00e9dico forense del Ministerio P\u00fablico y al personal del Departamento de Criminal\u00edstica para los procedimientos de rigor. <\/p>\n\n\n\n<p>Tras el crimen, se inici\u00f3 un rastrillaje coordinado con la Direcci\u00f3n de Polic\u00eda de Guair\u00e1. Poco despu\u00e9s, el autom\u00f3vil de la v\u00edctima fue localizado abandonado e incinerado en la localidad de Sudetia, distrito de Paso Yob\u00e1i.<\/p>\n","protected":false},"excerpt":{"rendered":"<p>Una ciudadana alemana fue asesinada durante un asalto en la compa\u00f1\u00eda Calle Gua\u2019i, en la zona de Paso<\/p>\n","protected":false},"author":4,"featured_media":2574,"comment_status":"open","ping_status":"open","sticky":false,"template":"","format":"standard","meta":{"footnotes":""},"categories":[39],"tags":[636,334,637],"post_badge":[],"class_list":["post-2573","post","type-post","status-publish","format-standard","has-post-thumbnail","hentry","category-pais-2","tag-asaltan","tag-asesinan","tag-vivienda"],"yoast_head":"<!-- This site is optimized with the Yoast SEO plugin v26.9 - https:\/\/yoast.com\/product\/yoast-seo-wordpress\/ -->\n<title>Asaltan y asesinan a una alemana en su vivienda y queman su veh\u00edculo en Paso Yob\u00e1i - Radio Estaci\u00f3n - 92.9 Fm Caazap\u00e1 Pa\u00eds Asaltan, ASESINAN, Vivienda Pa\u00eds<\/title>\n<meta name=\"description\" content=\"Radio Estaci\u00f3n - 92.9 Fm Caazap\u00e1 Pa\u00eds Asaltan y asesinan a una alemana en su vivienda y queman su veh\u00edculo en Paso Yob\u00e1i Asaltan, ASESINAN, Vivienda Pa\u00eds\" \/>\n<meta name=\"robots\" content=\"index, follow, max-snippet:-1, max-image-preview:large, max-video-preview:-1\" \/>\n<link rel=\"canonical\" href=\"https:\/\/radioestacion.com.py\/index.php\/2026\/04\/26\/asaltan-y-asesinan-a-una-alemana-en-su-vivienda-y-queman-su-vehiculo-en-paso-yobai\/\" \/>\n<meta property=\"og:locale\" content=\"es_ES\" \/>\n<meta property=\"og:type\" content=\"article\" \/>\n<meta property=\"og:title\" content=\"Asaltan y asesinan a una alemana en su vivienda y queman su veh\u00edculo en Paso Yob\u00e1i - Radio Estaci\u00f3n - 92.9 Fm Caazap\u00e1 Pa\u00eds Asaltan, ASESINAN, Vivienda Pa\u00eds\" \/>\n<meta property=\"og:description\" content=\"Radio Estaci\u00f3n - 92.9 Fm Caazap\u00e1 Pa\u00eds Asaltan y asesinan a una alemana en su vivienda y queman su veh\u00edculo en Paso Yob\u00e1i Asaltan, ASESINAN, Vivienda Pa\u00eds\" \/>\n<meta property=\"og:url\" content=\"https:\/\/radioestacion.com.py\/index.php\/2026\/04\/26\/asaltan-y-asesinan-a-una-alemana-en-su-vivienda-y-queman-su-vehiculo-en-paso-yobai\/\" \/>\n<meta property=\"og:site_name\" content=\"Radio Estaci\u00f3n - 92.9 Fm Caazap\u00e1\" \/>\n<meta property=\"article:publisher\" content=\"https:\/\/www.facebook.com\/profile.php?id=61578076966227\" \/>\n<meta property=\"article:published_time\" content=\"2026-04-26T15:02:00+00:00\" \/>\n<meta property=\"og:image\" content=\"https:\/\/radioestacion.com.py\/wp-content\/uploads\/2026\/04\/fffgrsaa.png\" \/>\n\t<meta property=\"og:image:width\" content=\"1920\" \/>\n\t<meta property=\"og:image:height\" content=\"1080\" \/>\n\t<meta property=\"og:image:type\" content=\"image\/png\" \/>\n<meta name=\"author\" content=\"Red Multimedios\" \/>\n<meta name=\"twitter:card\" content=\"summary_large_image\" \/>\n<meta name=\"twitter:label1\" content=\"Escrito por\" \/>\n\t<meta name=\"twitter:data1\" content=\"Red Multimedios\" \/>\n\t<meta name=\"twitter:label2\" content=\"Tiempo de lectura\" \/>\n\t<meta name=\"twitter:data2\" content=\"2 minutos\" \/>\n<script type=\"application\/ld+json\" class=\"yoast-schema-graph\">{\"@context\":\"https:\/\/schema.org\",\"@graph\":[{\"@type\":\"Article\",\"@id\":\"https:\/\/radioestacion.com.py\/index.php\/2026\/04\/26\/asaltan-y-asesinan-a-una-alemana-en-su-vivienda-y-queman-su-vehiculo-en-paso-yobai\/#article\",\"isPartOf\":{\"@id\":\"https:\/\/radioestacion.com.py\/index.php\/2026\/04\/26\/asaltan-y-asesinan-a-una-alemana-en-su-vivienda-y-queman-su-vehiculo-en-paso-yobai\/\"},\"author\":{\"name\":\"Red Multimedios\",\"@id\":\"https:\/\/radioestacion.com.py\/#\/schema\/person\/a4020e85409009300bd9898994b03a3f\"},\"headline\":\"Asaltan y asesinan a una alemana en su vivienda y queman su veh\u00edculo en Paso Yob\u00e1i\",\"datePublished\":\"2026-04-26T15:02:00+00:00\",\"mainEntityOfPage\":{\"@id\":\"https:\/\/radioestacion.com.py\/index.php\/2026\/04\/26\/asaltan-y-asesinan-a-una-alemana-en-su-vivienda-y-queman-su-vehiculo-en-paso-yobai\/\"},\"wordCount\":309,\"commentCount\":0,\"publisher\":{\"@id\":\"https:\/\/radioestacion.com.py\/#organization\"},\"image\":{\"@id\":\"https:\/\/radioestacion.com.py\/index.php\/2026\/04\/26\/asaltan-y-asesinan-a-una-alemana-en-su-vivienda-y-queman-su-vehiculo-en-paso-yobai\/#primaryimage\"},\"thumbnailUrl\":\"https:\/\/radioestacion.com.py\/wp-content\/uploads\/2026\/04\/fffgrsaa.png\",\"keywords\":[\"Asaltan\",\"ASESINAN\",\"Vivienda\"],\"articleSection\":[\"Pa\u00eds\"],\"inLanguage\":\"es\",\"potentialAction\":[{\"@type\":\"CommentAction\",\"name\":\"Comment\",\"target\":[\"https:\/\/radioestacion.com.py\/index.php\/2026\/04\/26\/asaltan-y-asesinan-a-una-alemana-en-su-vivienda-y-queman-su-vehiculo-en-paso-yobai\/#respond\"]}]},{\"@type\":\"WebPage\",\"@id\":\"https:\/\/radioestacion.com.py\/index.php\/2026\/04\/26\/asaltan-y-asesinan-a-una-alemana-en-su-vivienda-y-queman-su-vehiculo-en-paso-yobai\/\",\"url\":\"https:\/\/radioestacion.com.py\/index.php\/2026\/04\/26\/asaltan-y-asesinan-a-una-alemana-en-su-vivienda-y-queman-su-vehiculo-en-paso-yobai\/\",\"name\":\"Asaltan y asesinan a una alemana en su vivienda y queman su veh\u00edculo en Paso Yob\u00e1i - Radio Estaci\u00f3n - 92.9 Fm Caazap\u00e1 Pa\u00eds Asaltan, ASESINAN, Vivienda Pa\u00eds\",\"isPartOf\":{\"@id\":\"https:\/\/radioestacion.com.py\/#website\"},\"primaryImageOfPage\":{\"@id\":\"https:\/\/radioestacion.com.py\/index.php\/2026\/04\/26\/asaltan-y-asesinan-a-una-alemana-en-su-vivienda-y-queman-su-vehiculo-en-paso-yobai\/#primaryimage\"},\"image\":{\"@id\":\"https:\/\/radioestacion.com.py\/index.php\/2026\/04\/26\/asaltan-y-asesinan-a-una-alemana-en-su-vivienda-y-queman-su-vehiculo-en-paso-yobai\/#primaryimage\"},\"thumbnailUrl\":\"https:\/\/radioestacion.com.py\/wp-content\/uploads\/2026\/04\/fffgrsaa.png\",\"datePublished\":\"2026-04-26T15:02:00+00:00\",\"description\":\"Radio Estaci\u00f3n - 92.9 Fm Caazap\u00e1 Pa\u00eds Asaltan y asesinan a una alemana en su vivienda y queman su veh\u00edculo en Paso Yob\u00e1i Asaltan, ASESINAN, Vivienda Pa\u00eds\",\"breadcrumb\":{\"@id\":\"https:\/\/radioestacion.com.py\/index.php\/2026\/04\/26\/asaltan-y-asesinan-a-una-alemana-en-su-vivienda-y-queman-su-vehiculo-en-paso-yobai\/#breadcrumb\"},\"inLanguage\":\"es\",\"potentialAction\":[{\"@type\":\"ReadAction\",\"target\":[\"https:\/\/radioestacion.com.py\/index.php\/2026\/04\/26\/asaltan-y-asesinan-a-una-alemana-en-su-vivienda-y-queman-su-vehiculo-en-paso-yobai\/\"]}]},{\"@type\":\"ImageObject\",\"inLanguage\":\"es\",\"@id\":\"https:\/\/radioestacion.com.py\/index.php\/2026\/04\/26\/asaltan-y-asesinan-a-una-alemana-en-su-vivienda-y-queman-su-vehiculo-en-paso-yobai\/#primaryimage\",\"url\":\"https:\/\/radioestacion.com.py\/wp-content\/uploads\/2026\/04\/fffgrsaa.png\",\"contentUrl\":\"https:\/\/radioestacion.com.py\/wp-content\/uploads\/2026\/04\/fffgrsaa.png\",\"width\":1920,\"height\":1080,\"caption\":\"La v\u00edctima fue identificada como Olga Brodkorb, de 56 a\u00f1os, quien falleci\u00f3 tras recibir un disparo de arma de fuego en la cabeza. Foto: Gentileza\"},{\"@type\":\"BreadcrumbList\",\"@id\":\"https:\/\/radioestacion.com.py\/index.php\/2026\/04\/26\/asaltan-y-asesinan-a-una-alemana-en-su-vivienda-y-queman-su-vehiculo-en-paso-yobai\/#breadcrumb\",\"itemListElement\":[{\"@type\":\"ListItem\",\"position\":1,\"name\":\"Portada\",\"item\":\"https:\/\/radioestacion.com.py\/\"},{\"@type\":\"ListItem\",\"position\":2,\"name\":\"Asaltan y asesinan a una alemana en su vivienda y queman su veh\u00edculo en Paso Yob\u00e1i\"}]},{\"@type\":\"WebSite\",\"@id\":\"https:\/\/radioestacion.com.py\/#website\",\"url\":\"https:\/\/radioestacion.com.py\/\",\"name\":\"Radio Estaci\u00f3n - 92.9 Fm Caazap\u00e1\",\"description\":\"Radio Estaci\u00f3n de Caazap\u00e1, 92.9 radio estaci\u00f3n\",\"publisher\":{\"@id\":\"https:\/\/radioestacion.com.py\/#organization\"},\"alternateName\":\"Radio Estacion de Caazap\u00e1\",\"potentialAction\":[{\"@type\":\"SearchAction\",\"target\":{\"@type\":\"EntryPoint\",\"urlTemplate\":\"https:\/\/radioestacion.com.py\/?s={search_term_string}\"},\"query-input\":{\"@type\":\"PropertyValueSpecification\",\"valueRequired\":true,\"valueName\":\"search_term_string\"}}],\"inLanguage\":\"es\"},{\"@type\":\"Organization\",\"@id\":\"https:\/\/radioestacion.com.py\/#organization\",\"name\":\"Radio Estaci\u00f3n 92.9\",\"url\":\"https:\/\/radioestacion.com.py\/\",\"logo\":{\"@type\":\"ImageObject\",\"inLanguage\":\"es\",\"@id\":\"https:\/\/radioestacion.com.py\/#\/schema\/logo\/image\/\",\"url\":\"https:\/\/radioestacion.com.py\/wp-content\/uploads\/2025\/07\/cropped-logo-1.png\",\"contentUrl\":\"https:\/\/radioestacion.com.py\/wp-content\/uploads\/2025\/07\/cropped-logo-1.png\",\"width\":512,\"height\":512,\"caption\":\"Radio Estaci\u00f3n 92.9\"},\"image\":{\"@id\":\"https:\/\/radioestacion.com.py\/#\/schema\/logo\/image\/\"},\"sameAs\":[\"https:\/\/www.facebook.com\/profile.php?id=61578076966227\"]},{\"@type\":\"Person\",\"@id\":\"https:\/\/radioestacion.com.py\/#\/schema\/person\/a4020e85409009300bd9898994b03a3f\",\"name\":\"Red Multimedios\",\"image\":{\"@type\":\"ImageObject\",\"inLanguage\":\"es\",\"@id\":\"https:\/\/radioestacion.com.py\/#\/schema\/person\/image\/\",\"url\":\"https:\/\/secure.gravatar.com\/avatar\/992b8061e4c1e7683a64e011a7972e7a58ee464d2afcc56539cf6454481292c7?s=96&d=mm&r=g\",\"contentUrl\":\"https:\/\/secure.gravatar.com\/avatar\/992b8061e4c1e7683a64e011a7972e7a58ee464d2afcc56539cf6454481292c7?s=96&d=mm&r=g\",\"caption\":\"Red Multimedios\"},\"url\":\"https:\/\/radioestacion.com.py\/index.php\/author\/red-multimedios\/\"}]}<\/script>\n<!-- \/ Yoast SEO plugin. -->","yoast_head_json":{"title":"Asaltan y asesinan a una alemana en su vivienda y queman su veh\u00edculo en Paso Yob\u00e1i - Radio Estaci\u00f3n - 92.9 Fm Caazap\u00e1 Pa\u00eds Asaltan, ASESINAN, Vivienda Pa\u00eds","description":"Radio Estaci\u00f3n - 92.9 Fm Caazap\u00e1 Pa\u00eds Asaltan y asesinan a una alemana en su vivienda y queman su veh\u00edculo en Paso Yob\u00e1i Asaltan, ASESINAN, Vivienda Pa\u00eds","robots":{"index":"index","follow":"follow","max-snippet":"max-snippet:-1","max-image-preview":"max-image-preview:large","max-video-preview":"max-video-preview:-1"},"canonical":"https:\/\/radioestacion.com.py\/index.php\/2026\/04\/26\/asaltan-y-asesinan-a-una-alemana-en-su-vivienda-y-queman-su-vehiculo-en-paso-yobai\/","og_locale":"es_ES","og_type":"article","og_title":"Asaltan y asesinan a una alemana en su vivienda y queman su veh\u00edculo en Paso Yob\u00e1i - Radio Estaci\u00f3n - 92.9 Fm Caazap\u00e1 Pa\u00eds Asaltan, ASESINAN, Vivienda Pa\u00eds","og_description":"Radio Estaci\u00f3n - 92.9 Fm Caazap\u00e1 Pa\u00eds Asaltan y asesinan a una alemana en su vivienda y queman su veh\u00edculo en Paso Yob\u00e1i Asaltan, ASESINAN, Vivienda Pa\u00eds","og_url":"https:\/\/radioestacion.com.py\/index.php\/2026\/04\/26\/asaltan-y-asesinan-a-una-alemana-en-su-vivienda-y-queman-su-vehiculo-en-paso-yobai\/","og_site_name":"Radio Estaci\u00f3n - 92.9 Fm Caazap\u00e1","article_publisher":"https:\/\/www.facebook.com\/profile.php?id=61578076966227","article_published_time":"2026-04-26T15:02:00+00:00","og_image":[{"width":1920,"height":1080,"url":"https:\/\/radioestacion.com.py\/wp-content\/uploads\/2026\/04\/fffgrsaa.png","type":"image\/png"}],"author":"Red Multimedios","twitter_card":"summary_large_image","twitter_misc":{"Escrito por":"Red Multimedios","Tiempo de lectura":"2 minutos"},"schema":{"@context":"https:\/\/schema.org","@graph":[{"@type":"Article","@id":"https:\/\/radioestacion.com.py\/index.php\/2026\/04\/26\/asaltan-y-asesinan-a-una-alemana-en-su-vivienda-y-queman-su-vehiculo-en-paso-yobai\/#article","isPartOf":{"@id":"https:\/\/radioestacion.com.py\/index.php\/2026\/04\/26\/asaltan-y-asesinan-a-una-alemana-en-su-vivienda-y-queman-su-vehiculo-en-paso-yobai\/"},"author":{"name":"Red Multimedios","@id":"https:\/\/radioestacion.com.py\/#\/schema\/person\/a4020e85409009300bd9898994b03a3f"},"headline":"Asaltan y asesinan a una alemana en su vivienda y queman su veh\u00edculo en Paso Yob\u00e1i","datePublished":"2026-04-26T15:02:00+00:00","mainEntityOfPage":{"@id":"https:\/\/radioestacion.com.py\/index.php\/2026\/04\/26\/asaltan-y-asesinan-a-una-alemana-en-su-vivienda-y-queman-su-vehiculo-en-paso-yobai\/"},"wordCount":309,"commentCount":0,"publisher":{"@id":"https:\/\/radioestacion.com.py\/#organization"},"image":{"@id":"https:\/\/radioestacion.com.py\/index.php\/2026\/04\/26\/asaltan-y-asesinan-a-una-alemana-en-su-vivienda-y-queman-su-vehiculo-en-paso-yobai\/#primaryimage"},"thumbnailUrl":"https:\/\/radioestacion.com.py\/wp-content\/uploads\/2026\/04\/fffgrsaa.png","keywords":["Asaltan","ASESINAN","Vivienda"],"articleSection":["Pa\u00eds"],"inLanguage":"es","potentialAction":[{"@type":"CommentAction","name":"Comment","target":["https:\/\/radioestacion.com.py\/index.php\/2026\/04\/26\/asaltan-y-asesinan-a-una-alemana-en-su-vivienda-y-queman-su-vehiculo-en-paso-yobai\/#respond"]}]},{"@type":"WebPage","@id":"https:\/\/radioestacion.com.py\/index.php\/2026\/04\/26\/asaltan-y-asesinan-a-una-alemana-en-su-vivienda-y-queman-su-vehiculo-en-paso-yobai\/","url":"https:\/\/radioestacion.com.py\/index.php\/2026\/04\/26\/asaltan-y-asesinan-a-una-alemana-en-su-vivienda-y-queman-su-vehiculo-en-paso-yobai\/","name":"Asaltan y asesinan a una alemana en su vivienda y queman su veh\u00edculo en Paso Yob\u00e1i - Radio Estaci\u00f3n - 92.9 Fm Caazap\u00e1 Pa\u00eds Asaltan, ASESINAN, Vivienda Pa\u00eds","isPartOf":{"@id":"https:\/\/radioestacion.com.py\/#website"},"primaryImageOfPage":{"@id":"https:\/\/radioestacion.com.py\/index.php\/2026\/04\/26\/asaltan-y-asesinan-a-una-alemana-en-su-vivienda-y-queman-su-vehiculo-en-paso-yobai\/#primaryimage"},"image":{"@id":"https:\/\/radioestacion.com.py\/index.php\/2026\/04\/26\/asaltan-y-asesinan-a-una-alemana-en-su-vivienda-y-queman-su-vehiculo-en-paso-yobai\/#primaryimage"},"thumbnailUrl":"https:\/\/radioestacion.com.py\/wp-content\/uploads\/2026\/04\/fffgrsaa.png","datePublished":"2026-04-26T15:02:00+00:00","description":"Radio Estaci\u00f3n - 92.9 Fm Caazap\u00e1 Pa\u00eds Asaltan y asesinan a una alemana en su vivienda y queman su veh\u00edculo en Paso Yob\u00e1i Asaltan, ASESINAN, Vivienda Pa\u00eds","breadcrumb":{"@id":"https:\/\/radioestacion.com.py\/index.php\/2026\/04\/26\/asaltan-y-asesinan-a-una-alemana-en-su-vivienda-y-queman-su-vehiculo-en-paso-yobai\/#breadcrumb"},"inLanguage":"es","potentialAction":[{"@type":"ReadAction","target":["https:\/\/radioestacion.com.py\/index.php\/2026\/04\/26\/asaltan-y-asesinan-a-una-alemana-en-su-vivienda-y-queman-su-vehiculo-en-paso-yobai\/"]}]},{"@type":"ImageObject","inLanguage":"es","@id":"https:\/\/radioestacion.com.py\/index.php\/2026\/04\/26\/asaltan-y-asesinan-a-una-alemana-en-su-vivienda-y-queman-su-vehiculo-en-paso-yobai\/#primaryimage","url":"https:\/\/radioestacion.com.py\/wp-content\/uploads\/2026\/04\/fffgrsaa.png","contentUrl":"https:\/\/radioestacion.com.py\/wp-content\/uploads\/2026\/04\/fffgrsaa.png","width":1920,"height":1080,"caption":"La v\u00edctima fue identificada como Olga Brodkorb, de 56 a\u00f1os, quien falleci\u00f3 tras recibir un disparo de arma de fuego en la cabeza. Foto: Gentileza"},{"@type":"BreadcrumbList","@id":"https:\/\/radioestacion.com.py\/index.php\/2026\/04\/26\/asaltan-y-asesinan-a-una-alemana-en-su-vivienda-y-queman-su-vehiculo-en-paso-yobai\/#breadcrumb","itemListElement":[{"@type":"ListItem","position":1,"name":"Portada","item":"https:\/\/radioestacion.com.py\/"},{"@type":"ListItem","position":2,"name":"Asaltan y asesinan a una alemana en su vivienda y queman su veh\u00edculo en Paso Yob\u00e1i"}]},{"@type":"WebSite","@id":"https:\/\/radioestacion.com.py\/#website","url":"https:\/\/radioestacion.com.py\/","name":"Radio Estaci\u00f3n - 92.9 Fm Caazap\u00e1","description":"Radio Estaci\u00f3n de Caazap\u00e1, 92.9 radio estaci\u00f3n","publisher":{"@id":"https:\/\/radioestacion.com.py\/#organization"},"alternateName":"Radio Estacion de Caazap\u00e1","potentialAction":[{"@type":"SearchAction","target":{"@type":"EntryPoint","urlTemplate":"https:\/\/radioestacion.com.py\/?s={search_term_string}"},"query-input":{"@type":"PropertyValueSpecification","valueRequired":true,"valueName":"search_term_string"}}],"inLanguage":"es"},{"@type":"Organization","@id":"https:\/\/radioestacion.com.py\/#organization","name":"Radio Estaci\u00f3n 92.9","url":"https:\/\/radioestacion.com.py\/","logo":{"@type":"ImageObject","inLanguage":"es","@id":"https:\/\/radioestacion.com.py\/#\/schema\/logo\/image\/","url":"https:\/\/radioestacion.com.py\/wp-content\/uploads\/2025\/07\/cropped-logo-1.png","contentUrl":"https:\/\/radioestacion.com.py\/wp-content\/uploads\/2025\/07\/cropped-logo-1.png","width":512,"height":512,"caption":"Radio Estaci\u00f3n 92.9"},"image":{"@id":"https:\/\/radioestacion.com.py\/#\/schema\/logo\/image\/"},"sameAs":["https:\/\/www.facebook.com\/profile.php?id=61578076966227"]},{"@type":"Person","@id":"https:\/\/radioestacion.com.py\/#\/schema\/person\/a4020e85409009300bd9898994b03a3f","name":"Red Multimedios","image":{"@type":"ImageObject","inLanguage":"es","@id":"https:\/\/radioestacion.com.py\/#\/schema\/person\/image\/","url":"https:\/\/secure.gravatar.com\/avatar\/992b8061e4c1e7683a64e011a7972e7a58ee464d2afcc56539cf6454481292c7?s=96&d=mm&r=g","contentUrl":"https:\/\/secure.gravatar.com\/avatar\/992b8061e4c1e7683a64e011a7972e7a58ee464d2afcc56539cf6454481292c7?s=96&d=mm&r=g","caption":"Red Multimedios"},"url":"https:\/\/radioestacion.com.py\/index.php\/author\/red-multimedios\/"}]}},"_links":{"self":[{"href":"https:\/\/radioestacion.com.py\/index.php\/wp-json\/wp\/v2\/posts\/2573","targetHints":{"allow":["GET"]}}],"collection":[{"href":"https:\/\/radioestacion.com.py\/index.php\/wp-json\/wp\/v2\/posts"}],"about":[{"href":"https:\/\/radioestacion.com.py\/index.php\/wp-json\/wp\/v2\/types\/post"}],"author":[{"embeddable":true,"href":"https:\/\/radioestacion.com.py\/index.php\/wp-json\/wp\/v2\/users\/4"}],"replies":[{"embeddable":true,"href":"https:\/\/radioestacion.com.py\/index.php\/wp-json\/wp\/v2\/comments?post=2573"}],"version-history":[{"count":1,"href":"https:\/\/radioestacion.com.py\/index.php\/wp-json\/wp\/v2\/posts\/2573\/revisions"}],"predecessor-version":[{"id":2575,"href":"https:\/\/radioestacion.com.py\/index.php\/wp-json\/wp\/v2\/posts\/2573\/revisions\/2575"}],"wp:featuredmedia":[{"embeddable":true,"href":"https:\/\/radioestacion.com.py\/index.php\/wp-json\/wp\/v2\/media\/2574"}],"wp:attachment":[{"href":"https:\/\/radioestacion.com.py\/index.php\/wp-json\/wp\/v2\/media?parent=2573"}],"wp:term":[{"taxonomy":"category","embeddable":true,"href":"https:\/\/radioestacion.com.py\/index.php\/wp-json\/wp\/v2\/categories?post=2573"},{"taxonomy":"post_tag","embeddable":true,"href":"https:\/\/radioestacion.com.py\/index.php\/wp-json\/wp\/v2\/tags?post=2573"},{"taxonomy":"post_badge","embeddable":true,"href":"https:\/\/radioestacion.com.py\/index.php\/wp-json\/wp\/v2\/post_badge?post=2573"}],"curies":[{"name":"wp","href":"https:\/\/api.w.org\/{rel}","templated":true}]}}