{"id":2577,"date":"2026-04-27T00:48:53","date_gmt":"2026-04-27T00:48:53","guid":{"rendered":"https:\/\/radioestacion.com.py\/?p=2577"},"modified":"2026-04-27T00:48:54","modified_gmt":"2026-04-27T00:48:54","slug":"agente-fiscal-pierde-la-vida-en-accidente-de-transito-en-campo-9","status":"publish","type":"post","link":"https:\/\/radioestacion.com.py\/index.php\/2026\/04\/27\/agente-fiscal-pierde-la-vida-en-accidente-de-transito-en-campo-9\/","title":{"rendered":"Agente fiscal pierde la vida en accidente de tr\u00e1nsito en Campo 9"},"content":{"rendered":"\n<h3 class=\"wp-block-heading\"><strong>Un agente fiscal del Ministerio P\u00fablico este domingo perdi\u00f3 la vida en un accidente de tr\u00e1nsito ocurrido en la zona de J. Eulogio Estigarribia (ex Campo 9). Su esposa y su hija resultaron con lesiones.<\/strong><\/h3>\n\n\n\n<p>En el transcurso de esta tarde se report\u00f3 el&nbsp;<strong>tr\u00e1gico deceso del fiscal \u00c9dgar Modesto Torales (60)<\/strong>, en un siniestro vial ocurrido a la altura del<strong>&nbsp;Km 235 de la Ruta PY02, en la zona del cruce Tor\u00edn de Juan Eulogio Estigarribia.<\/strong><\/p>\n\n\n\n<p>El representante del Ministerio P\u00fablico\u00a0<strong>viajaba rumbo a Ciudad del Este en compa\u00f1\u00eda de su esposa y su hija de 2 a\u00f1os\u00a0<\/strong>en una\u00a0<strong>camioneta de la marca Kia modelo Sportage color grafito\u00a0<\/strong>al momento de producirse el accidente.<\/p>\n\n\n\n<p>Reportes preliminares indican que este veh\u00edculo\u00a0<strong>choc\u00f3 violentamente contra un m\u00f3vil perteneciente a la empresa Tape Por\u00e3,<\/strong>\u00a0que se encontraba estacionado en la banquina para brindar asistencia a otro rodado.<\/p>\n\n\n\n<p>A ra\u00edz de la fuerza del impacto,&nbsp;<strong>la camioneta del fiscal y los otros dos veh\u00edculos salieron de la v\u00eda principal<\/strong>, siendo Torales quien se llev\u00f3 la peor parte,&nbsp;<strong>falleciendo minutos despu\u00e9s dentro del habit\u00e1culo.<\/strong><\/p>\n\n\n\n<p>Por su parte, su pareja sentimental, identificada como\u00a0<strong>Lidia Liliana Cardozo (39)<\/strong>, y la menor de edad\u00a0<strong>resultaron con lesiones<\/strong>, siendo asistidas y<strong>\u00a0trasladadas hasta el Sanatorio Luz y Vida<\/strong>\u00a0para recibir atenci\u00f3n m\u00e9dica.<\/p>\n\n\n\n<figure class=\"wp-block-image size-full\"><img loading=\"lazy\" decoding=\"async\" width=\"760\" height=\"456\" src=\"https:\/\/radioestacion.com.py\/wp-content\/uploads\/2026\/04\/LY2QXFKORVFRRDGRMTYHUABQF4.png\" alt=\"\" class=\"wp-image-2578\" srcset=\"https:\/\/radioestacion.com.py\/wp-content\/uploads\/2026\/04\/LY2QXFKORVFRRDGRMTYHUABQF4.png 760w, https:\/\/radioestacion.com.py\/wp-content\/uploads\/2026\/04\/LY2QXFKORVFRRDGRMTYHUABQF4-300x180.png 300w\" sizes=\"auto, (max-width: 760px) 100vw, 760px\" \/><\/figure>\n\n\n\n<p><a href=\"https:\/\/www.lanacion.com.py\/resizer\/v2\/4LANHIUJCNEINIGUJPREUSLAJE.jpg?auth=d6f30ed061258437be80c02eda75f61870f0b7c2681c0b141ac0fb0be07ef5ce&amp;width=760&amp;smart=true\"><\/a><\/p>\n\n\n\n<p>De momento,&nbsp;<strong>se desconocen las circunstancias exactas en que se produjo el accidente<\/strong>, aunque no se descarta que&nbsp;<strong>la pista mojada y la alta velocidad<\/strong>&nbsp;hayan podido influir en el percance fatal.<\/p>\n\n\n\n<p>Hasta antes de su deceso, \u00c9dgar Torales se desempe\u00f1aba como<strong>&nbsp;fiscal responsable de la Fiscal\u00eda Zonal de Yguaz\u00fa<\/strong>, en el departamento de Alto Paran\u00e1.<\/p>\n","protected":false},"excerpt":{"rendered":"<p>Un agente fiscal del Ministerio P\u00fablico este domingo perdi\u00f3 la vida en un accidente de tr\u00e1nsito ocurrido en<\/p>\n","protected":false},"author":4,"featured_media":2579,"comment_status":"open","ping_status":"open","sticky":false,"template":"","format":"standard","meta":{"footnotes":""},"categories":[42],"tags":[123,639,291],"post_badge":[],"class_list":["post-2577","post","type-post","status-publish","format-standard","has-post-thumbnail","hentry","category-nacionales","tag-accidente","tag-agente","tag-fallecido"],"yoast_head":"<!-- This site is optimized with the Yoast SEO plugin v26.9 - https:\/\/yoast.com\/product\/yoast-seo-wordpress\/ -->\n<title>Agente fiscal pierde la vida en accidente de tr\u00e1nsito en Campo 9 - Radio Estaci\u00f3n - 92.9 Fm Caazap\u00e1 Nacionales Accidente, AGENTE, FALLECIDO Nacionales<\/title>\n<meta name=\"description\" content=\"Radio Estaci\u00f3n - 92.9 Fm Caazap\u00e1 Nacionales Agente fiscal pierde la vida en accidente de tr\u00e1nsito en Campo 9 Accidente, AGENTE, FALLECIDO Nacionales\" \/>\n<meta name=\"robots\" content=\"index, follow, max-snippet:-1, max-image-preview:large, max-video-preview:-1\" \/>\n<link rel=\"canonical\" href=\"https:\/\/radioestacion.com.py\/index.php\/2026\/04\/27\/agente-fiscal-pierde-la-vida-en-accidente-de-transito-en-campo-9\/\" \/>\n<meta property=\"og:locale\" content=\"es_ES\" \/>\n<meta property=\"og:type\" content=\"article\" \/>\n<meta property=\"og:title\" content=\"Agente fiscal pierde la vida en accidente de tr\u00e1nsito en Campo 9 - Radio Estaci\u00f3n - 92.9 Fm Caazap\u00e1 Nacionales Accidente, AGENTE, FALLECIDO Nacionales\" \/>\n<meta property=\"og:description\" content=\"Radio Estaci\u00f3n - 92.9 Fm Caazap\u00e1 Nacionales Agente fiscal pierde la vida en accidente de tr\u00e1nsito en Campo 9 Accidente, AGENTE, FALLECIDO Nacionales\" \/>\n<meta property=\"og:url\" content=\"https:\/\/radioestacion.com.py\/index.php\/2026\/04\/27\/agente-fiscal-pierde-la-vida-en-accidente-de-transito-en-campo-9\/\" \/>\n<meta property=\"og:site_name\" content=\"Radio Estaci\u00f3n - 92.9 Fm Caazap\u00e1\" \/>\n<meta property=\"article:publisher\" content=\"https:\/\/www.facebook.com\/profile.php?id=61578076966227\" \/>\n<meta property=\"article:published_time\" content=\"2026-04-27T00:48:53+00:00\" \/>\n<meta property=\"article:modified_time\" content=\"2026-04-27T00:48:54+00:00\" \/>\n<meta property=\"og:image\" content=\"https:\/\/radioestacion.com.py\/wp-content\/uploads\/2026\/04\/4LANHIUJCNEINIGUJPREUSLAJE.png\" \/>\n\t<meta property=\"og:image:width\" content=\"760\" \/>\n\t<meta property=\"og:image:height\" content=\"420\" \/>\n\t<meta property=\"og:image:type\" content=\"image\/png\" \/>\n<meta name=\"author\" content=\"Red Multimedios\" \/>\n<meta name=\"twitter:card\" content=\"summary_large_image\" \/>\n<meta name=\"twitter:label1\" content=\"Escrito por\" \/>\n\t<meta name=\"twitter:data1\" content=\"Red Multimedios\" \/>\n\t<meta name=\"twitter:label2\" content=\"Tiempo de lectura\" \/>\n\t<meta name=\"twitter:data2\" content=\"1 minuto\" \/>\n<script type=\"application\/ld+json\" class=\"yoast-schema-graph\">{\"@context\":\"https:\/\/schema.org\",\"@graph\":[{\"@type\":\"Article\",\"@id\":\"https:\/\/radioestacion.com.py\/index.php\/2026\/04\/27\/agente-fiscal-pierde-la-vida-en-accidente-de-transito-en-campo-9\/#article\",\"isPartOf\":{\"@id\":\"https:\/\/radioestacion.com.py\/index.php\/2026\/04\/27\/agente-fiscal-pierde-la-vida-en-accidente-de-transito-en-campo-9\/\"},\"author\":{\"name\":\"Red Multimedios\",\"@id\":\"https:\/\/radioestacion.com.py\/#\/schema\/person\/a4020e85409009300bd9898994b03a3f\"},\"headline\":\"Agente fiscal pierde la vida en accidente de tr\u00e1nsito en Campo 9\",\"datePublished\":\"2026-04-27T00:48:53+00:00\",\"dateModified\":\"2026-04-27T00:48:54+00:00\",\"mainEntityOfPage\":{\"@id\":\"https:\/\/radioestacion.com.py\/index.php\/2026\/04\/27\/agente-fiscal-pierde-la-vida-en-accidente-de-transito-en-campo-9\/\"},\"wordCount\":304,\"commentCount\":0,\"publisher\":{\"@id\":\"https:\/\/radioestacion.com.py\/#organization\"},\"image\":{\"@id\":\"https:\/\/radioestacion.com.py\/index.php\/2026\/04\/27\/agente-fiscal-pierde-la-vida-en-accidente-de-transito-en-campo-9\/#primaryimage\"},\"thumbnailUrl\":\"https:\/\/radioestacion.com.py\/wp-content\/uploads\/2026\/04\/4LANHIUJCNEINIGUJPREUSLAJE.png\",\"keywords\":[\"Accidente\",\"AGENTE\",\"FALLECIDO\"],\"articleSection\":[\"Nacionales\"],\"inLanguage\":\"es\",\"potentialAction\":[{\"@type\":\"CommentAction\",\"name\":\"Comment\",\"target\":[\"https:\/\/radioestacion.com.py\/index.php\/2026\/04\/27\/agente-fiscal-pierde-la-vida-en-accidente-de-transito-en-campo-9\/#respond\"]}]},{\"@type\":\"WebPage\",\"@id\":\"https:\/\/radioestacion.com.py\/index.php\/2026\/04\/27\/agente-fiscal-pierde-la-vida-en-accidente-de-transito-en-campo-9\/\",\"url\":\"https:\/\/radioestacion.com.py\/index.php\/2026\/04\/27\/agente-fiscal-pierde-la-vida-en-accidente-de-transito-en-campo-9\/\",\"name\":\"Agente fiscal pierde la vida en accidente de tr\u00e1nsito en Campo 9 - Radio Estaci\u00f3n - 92.9 Fm Caazap\u00e1 Nacionales Accidente, AGENTE, FALLECIDO Nacionales\",\"isPartOf\":{\"@id\":\"https:\/\/radioestacion.com.py\/#website\"},\"primaryImageOfPage\":{\"@id\":\"https:\/\/radioestacion.com.py\/index.php\/2026\/04\/27\/agente-fiscal-pierde-la-vida-en-accidente-de-transito-en-campo-9\/#primaryimage\"},\"image\":{\"@id\":\"https:\/\/radioestacion.com.py\/index.php\/2026\/04\/27\/agente-fiscal-pierde-la-vida-en-accidente-de-transito-en-campo-9\/#primaryimage\"},\"thumbnailUrl\":\"https:\/\/radioestacion.com.py\/wp-content\/uploads\/2026\/04\/4LANHIUJCNEINIGUJPREUSLAJE.png\",\"datePublished\":\"2026-04-27T00:48:53+00:00\",\"dateModified\":\"2026-04-27T00:48:54+00:00\",\"description\":\"Radio Estaci\u00f3n - 92.9 Fm Caazap\u00e1 Nacionales Agente fiscal pierde la vida en accidente de tr\u00e1nsito en Campo 9 Accidente, AGENTE, FALLECIDO Nacionales\",\"breadcrumb\":{\"@id\":\"https:\/\/radioestacion.com.py\/index.php\/2026\/04\/27\/agente-fiscal-pierde-la-vida-en-accidente-de-transito-en-campo-9\/#breadcrumb\"},\"inLanguage\":\"es\",\"potentialAction\":[{\"@type\":\"ReadAction\",\"target\":[\"https:\/\/radioestacion.com.py\/index.php\/2026\/04\/27\/agente-fiscal-pierde-la-vida-en-accidente-de-transito-en-campo-9\/\"]}]},{\"@type\":\"ImageObject\",\"inLanguage\":\"es\",\"@id\":\"https:\/\/radioestacion.com.py\/index.php\/2026\/04\/27\/agente-fiscal-pierde-la-vida-en-accidente-de-transito-en-campo-9\/#primaryimage\",\"url\":\"https:\/\/radioestacion.com.py\/wp-content\/uploads\/2026\/04\/4LANHIUJCNEINIGUJPREUSLAJE.png\",\"contentUrl\":\"https:\/\/radioestacion.com.py\/wp-content\/uploads\/2026\/04\/4LANHIUJCNEINIGUJPREUSLAJE.png\",\"width\":760,\"height\":420,\"caption\":\"La camioneta del fiscal sali\u00f3 de la ruta tras el impacto. Foto: Gentileza.\"},{\"@type\":\"BreadcrumbList\",\"@id\":\"https:\/\/radioestacion.com.py\/index.php\/2026\/04\/27\/agente-fiscal-pierde-la-vida-en-accidente-de-transito-en-campo-9\/#breadcrumb\",\"itemListElement\":[{\"@type\":\"ListItem\",\"position\":1,\"name\":\"Portada\",\"item\":\"https:\/\/radioestacion.com.py\/\"},{\"@type\":\"ListItem\",\"position\":2,\"name\":\"Agente fiscal pierde la vida en accidente de tr\u00e1nsito en Campo 9\"}]},{\"@type\":\"WebSite\",\"@id\":\"https:\/\/radioestacion.com.py\/#website\",\"url\":\"https:\/\/radioestacion.com.py\/\",\"name\":\"Radio Estaci\u00f3n - 92.9 Fm Caazap\u00e1\",\"description\":\"Radio Estaci\u00f3n de Caazap\u00e1, 92.9 radio estaci\u00f3n\",\"publisher\":{\"@id\":\"https:\/\/radioestacion.com.py\/#organization\"},\"alternateName\":\"Radio Estacion de Caazap\u00e1\",\"potentialAction\":[{\"@type\":\"SearchAction\",\"target\":{\"@type\":\"EntryPoint\",\"urlTemplate\":\"https:\/\/radioestacion.com.py\/?s={search_term_string}\"},\"query-input\":{\"@type\":\"PropertyValueSpecification\",\"valueRequired\":true,\"valueName\":\"search_term_string\"}}],\"inLanguage\":\"es\"},{\"@type\":\"Organization\",\"@id\":\"https:\/\/radioestacion.com.py\/#organization\",\"name\":\"Radio Estaci\u00f3n 92.9\",\"url\":\"https:\/\/radioestacion.com.py\/\",\"logo\":{\"@type\":\"ImageObject\",\"inLanguage\":\"es\",\"@id\":\"https:\/\/radioestacion.com.py\/#\/schema\/logo\/image\/\",\"url\":\"https:\/\/radioestacion.com.py\/wp-content\/uploads\/2025\/07\/cropped-logo-1.png\",\"contentUrl\":\"https:\/\/radioestacion.com.py\/wp-content\/uploads\/2025\/07\/cropped-logo-1.png\",\"width\":512,\"height\":512,\"caption\":\"Radio Estaci\u00f3n 92.9\"},\"image\":{\"@id\":\"https:\/\/radioestacion.com.py\/#\/schema\/logo\/image\/\"},\"sameAs\":[\"https:\/\/www.facebook.com\/profile.php?id=61578076966227\"]},{\"@type\":\"Person\",\"@id\":\"https:\/\/radioestacion.com.py\/#\/schema\/person\/a4020e85409009300bd9898994b03a3f\",\"name\":\"Red Multimedios\",\"image\":{\"@type\":\"ImageObject\",\"inLanguage\":\"es\",\"@id\":\"https:\/\/radioestacion.com.py\/#\/schema\/person\/image\/\",\"url\":\"https:\/\/secure.gravatar.com\/avatar\/992b8061e4c1e7683a64e011a7972e7a58ee464d2afcc56539cf6454481292c7?s=96&d=mm&r=g\",\"contentUrl\":\"https:\/\/secure.gravatar.com\/avatar\/992b8061e4c1e7683a64e011a7972e7a58ee464d2afcc56539cf6454481292c7?s=96&d=mm&r=g\",\"caption\":\"Red Multimedios\"},\"url\":\"https:\/\/radioestacion.com.py\/index.php\/author\/red-multimedios\/\"}]}<\/script>\n<!-- \/ Yoast SEO plugin. -->","yoast_head_json":{"title":"Agente fiscal pierde la vida en accidente de tr\u00e1nsito en Campo 9 - Radio Estaci\u00f3n - 92.9 Fm Caazap\u00e1 Nacionales Accidente, AGENTE, FALLECIDO Nacionales","description":"Radio Estaci\u00f3n - 92.9 Fm Caazap\u00e1 Nacionales Agente fiscal pierde la vida en accidente de tr\u00e1nsito en Campo 9 Accidente, AGENTE, FALLECIDO Nacionales","robots":{"index":"index","follow":"follow","max-snippet":"max-snippet:-1","max-image-preview":"max-image-preview:large","max-video-preview":"max-video-preview:-1"},"canonical":"https:\/\/radioestacion.com.py\/index.php\/2026\/04\/27\/agente-fiscal-pierde-la-vida-en-accidente-de-transito-en-campo-9\/","og_locale":"es_ES","og_type":"article","og_title":"Agente fiscal pierde la vida en accidente de tr\u00e1nsito en Campo 9 - Radio Estaci\u00f3n - 92.9 Fm Caazap\u00e1 Nacionales Accidente, AGENTE, FALLECIDO Nacionales","og_description":"Radio Estaci\u00f3n - 92.9 Fm Caazap\u00e1 Nacionales Agente fiscal pierde la vida en accidente de tr\u00e1nsito en Campo 9 Accidente, AGENTE, FALLECIDO Nacionales","og_url":"https:\/\/radioestacion.com.py\/index.php\/2026\/04\/27\/agente-fiscal-pierde-la-vida-en-accidente-de-transito-en-campo-9\/","og_site_name":"Radio Estaci\u00f3n - 92.9 Fm Caazap\u00e1","article_publisher":"https:\/\/www.facebook.com\/profile.php?id=61578076966227","article_published_time":"2026-04-27T00:48:53+00:00","article_modified_time":"2026-04-27T00:48:54+00:00","og_image":[{"width":760,"height":420,"url":"https:\/\/radioestacion.com.py\/wp-content\/uploads\/2026\/04\/4LANHIUJCNEINIGUJPREUSLAJE.png","type":"image\/png"}],"author":"Red Multimedios","twitter_card":"summary_large_image","twitter_misc":{"Escrito por":"Red Multimedios","Tiempo de lectura":"1 minuto"},"schema":{"@context":"https:\/\/schema.org","@graph":[{"@type":"Article","@id":"https:\/\/radioestacion.com.py\/index.php\/2026\/04\/27\/agente-fiscal-pierde-la-vida-en-accidente-de-transito-en-campo-9\/#article","isPartOf":{"@id":"https:\/\/radioestacion.com.py\/index.php\/2026\/04\/27\/agente-fiscal-pierde-la-vida-en-accidente-de-transito-en-campo-9\/"},"author":{"name":"Red Multimedios","@id":"https:\/\/radioestacion.com.py\/#\/schema\/person\/a4020e85409009300bd9898994b03a3f"},"headline":"Agente fiscal pierde la vida en accidente de tr\u00e1nsito en Campo 9","datePublished":"2026-04-27T00:48:53+00:00","dateModified":"2026-04-27T00:48:54+00:00","mainEntityOfPage":{"@id":"https:\/\/radioestacion.com.py\/index.php\/2026\/04\/27\/agente-fiscal-pierde-la-vida-en-accidente-de-transito-en-campo-9\/"},"wordCount":304,"commentCount":0,"publisher":{"@id":"https:\/\/radioestacion.com.py\/#organization"},"image":{"@id":"https:\/\/radioestacion.com.py\/index.php\/2026\/04\/27\/agente-fiscal-pierde-la-vida-en-accidente-de-transito-en-campo-9\/#primaryimage"},"thumbnailUrl":"https:\/\/radioestacion.com.py\/wp-content\/uploads\/2026\/04\/4LANHIUJCNEINIGUJPREUSLAJE.png","keywords":["Accidente","AGENTE","FALLECIDO"],"articleSection":["Nacionales"],"inLanguage":"es","potentialAction":[{"@type":"CommentAction","name":"Comment","target":["https:\/\/radioestacion.com.py\/index.php\/2026\/04\/27\/agente-fiscal-pierde-la-vida-en-accidente-de-transito-en-campo-9\/#respond"]}]},{"@type":"WebPage","@id":"https:\/\/radioestacion.com.py\/index.php\/2026\/04\/27\/agente-fiscal-pierde-la-vida-en-accidente-de-transito-en-campo-9\/","url":"https:\/\/radioestacion.com.py\/index.php\/2026\/04\/27\/agente-fiscal-pierde-la-vida-en-accidente-de-transito-en-campo-9\/","name":"Agente fiscal pierde la vida en accidente de tr\u00e1nsito en Campo 9 - Radio Estaci\u00f3n - 92.9 Fm Caazap\u00e1 Nacionales Accidente, AGENTE, FALLECIDO Nacionales","isPartOf":{"@id":"https:\/\/radioestacion.com.py\/#website"},"primaryImageOfPage":{"@id":"https:\/\/radioestacion.com.py\/index.php\/2026\/04\/27\/agente-fiscal-pierde-la-vida-en-accidente-de-transito-en-campo-9\/#primaryimage"},"image":{"@id":"https:\/\/radioestacion.com.py\/index.php\/2026\/04\/27\/agente-fiscal-pierde-la-vida-en-accidente-de-transito-en-campo-9\/#primaryimage"},"thumbnailUrl":"https:\/\/radioestacion.com.py\/wp-content\/uploads\/2026\/04\/4LANHIUJCNEINIGUJPREUSLAJE.png","datePublished":"2026-04-27T00:48:53+00:00","dateModified":"2026-04-27T00:48:54+00:00","description":"Radio Estaci\u00f3n - 92.9 Fm Caazap\u00e1 Nacionales Agente fiscal pierde la vida en accidente de tr\u00e1nsito en Campo 9 Accidente, AGENTE, FALLECIDO Nacionales","breadcrumb":{"@id":"https:\/\/radioestacion.com.py\/index.php\/2026\/04\/27\/agente-fiscal-pierde-la-vida-en-accidente-de-transito-en-campo-9\/#breadcrumb"},"inLanguage":"es","potentialAction":[{"@type":"ReadAction","target":["https:\/\/radioestacion.com.py\/index.php\/2026\/04\/27\/agente-fiscal-pierde-la-vida-en-accidente-de-transito-en-campo-9\/"]}]},{"@type":"ImageObject","inLanguage":"es","@id":"https:\/\/radioestacion.com.py\/index.php\/2026\/04\/27\/agente-fiscal-pierde-la-vida-en-accidente-de-transito-en-campo-9\/#primaryimage","url":"https:\/\/radioestacion.com.py\/wp-content\/uploads\/2026\/04\/4LANHIUJCNEINIGUJPREUSLAJE.png","contentUrl":"https:\/\/radioestacion.com.py\/wp-content\/uploads\/2026\/04\/4LANHIUJCNEINIGUJPREUSLAJE.png","width":760,"height":420,"caption":"La camioneta del fiscal sali\u00f3 de la ruta tras el impacto. Foto: Gentileza."},{"@type":"BreadcrumbList","@id":"https:\/\/radioestacion.com.py\/index.php\/2026\/04\/27\/agente-fiscal-pierde-la-vida-en-accidente-de-transito-en-campo-9\/#breadcrumb","itemListElement":[{"@type":"ListItem","position":1,"name":"Portada","item":"https:\/\/radioestacion.com.py\/"},{"@type":"ListItem","position":2,"name":"Agente fiscal pierde la vida en accidente de tr\u00e1nsito en Campo 9"}]},{"@type":"WebSite","@id":"https:\/\/radioestacion.com.py\/#website","url":"https:\/\/radioestacion.com.py\/","name":"Radio Estaci\u00f3n - 92.9 Fm Caazap\u00e1","description":"Radio Estaci\u00f3n de Caazap\u00e1, 92.9 radio estaci\u00f3n","publisher":{"@id":"https:\/\/radioestacion.com.py\/#organization"},"alternateName":"Radio Estacion de Caazap\u00e1","potentialAction":[{"@type":"SearchAction","target":{"@type":"EntryPoint","urlTemplate":"https:\/\/radioestacion.com.py\/?s={search_term_string}"},"query-input":{"@type":"PropertyValueSpecification","valueRequired":true,"valueName":"search_term_string"}}],"inLanguage":"es"},{"@type":"Organization","@id":"https:\/\/radioestacion.com.py\/#organization","name":"Radio Estaci\u00f3n 92.9","url":"https:\/\/radioestacion.com.py\/","logo":{"@type":"ImageObject","inLanguage":"es","@id":"https:\/\/radioestacion.com.py\/#\/schema\/logo\/image\/","url":"https:\/\/radioestacion.com.py\/wp-content\/uploads\/2025\/07\/cropped-logo-1.png","contentUrl":"https:\/\/radioestacion.com.py\/wp-content\/uploads\/2025\/07\/cropped-logo-1.png","width":512,"height":512,"caption":"Radio Estaci\u00f3n 92.9"},"image":{"@id":"https:\/\/radioestacion.com.py\/#\/schema\/logo\/image\/"},"sameAs":["https:\/\/www.facebook.com\/profile.php?id=61578076966227"]},{"@type":"Person","@id":"https:\/\/radioestacion.com.py\/#\/schema\/person\/a4020e85409009300bd9898994b03a3f","name":"Red Multimedios","image":{"@type":"ImageObject","inLanguage":"es","@id":"https:\/\/radioestacion.com.py\/#\/schema\/person\/image\/","url":"https:\/\/secure.gravatar.com\/avatar\/992b8061e4c1e7683a64e011a7972e7a58ee464d2afcc56539cf6454481292c7?s=96&d=mm&r=g","contentUrl":"https:\/\/secure.gravatar.com\/avatar\/992b8061e4c1e7683a64e011a7972e7a58ee464d2afcc56539cf6454481292c7?s=96&d=mm&r=g","caption":"Red Multimedios"},"url":"https:\/\/radioestacion.com.py\/index.php\/author\/red-multimedios\/"}]}},"_links":{"self":[{"href":"https:\/\/radioestacion.com.py\/index.php\/wp-json\/wp\/v2\/posts\/2577","targetHints":{"allow":["GET"]}}],"collection":[{"href":"https:\/\/radioestacion.com.py\/index.php\/wp-json\/wp\/v2\/posts"}],"about":[{"href":"https:\/\/radioestacion.com.py\/index.php\/wp-json\/wp\/v2\/types\/post"}],"author":[{"embeddable":true,"href":"https:\/\/radioestacion.com.py\/index.php\/wp-json\/wp\/v2\/users\/4"}],"replies":[{"embeddable":true,"href":"https:\/\/radioestacion.com.py\/index.php\/wp-json\/wp\/v2\/comments?post=2577"}],"version-history":[{"count":1,"href":"https:\/\/radioestacion.com.py\/index.php\/wp-json\/wp\/v2\/posts\/2577\/revisions"}],"predecessor-version":[{"id":2580,"href":"https:\/\/radioestacion.com.py\/index.php\/wp-json\/wp\/v2\/posts\/2577\/revisions\/2580"}],"wp:featuredmedia":[{"embeddable":true,"href":"https:\/\/radioestacion.com.py\/index.php\/wp-json\/wp\/v2\/media\/2579"}],"wp:attachment":[{"href":"https:\/\/radioestacion.com.py\/index.php\/wp-json\/wp\/v2\/media?parent=2577"}],"wp:term":[{"taxonomy":"category","embeddable":true,"href":"https:\/\/radioestacion.com.py\/index.php\/wp-json\/wp\/v2\/categories?post=2577"},{"taxonomy":"post_tag","embeddable":true,"href":"https:\/\/radioestacion.com.py\/index.php\/wp-json\/wp\/v2\/tags?post=2577"},{"taxonomy":"post_badge","embeddable":true,"href":"https:\/\/radioestacion.com.py\/index.php\/wp-json\/wp\/v2\/post_badge?post=2577"}],"curies":[{"name":"wp","href":"https:\/\/api.w.org\/{rel}","templated":true}]}}