{"id":2596,"date":"2026-04-27T02:12:42","date_gmt":"2026-04-27T02:12:42","guid":{"rendered":"https:\/\/radioestacion.com.py\/?p=2596"},"modified":"2026-04-27T02:12:42","modified_gmt":"2026-04-27T02:12:42","slug":"ambiente-fresco-a-frio-dominara-el-inicio-de-la-semana-segun-pronostico","status":"publish","type":"post","link":"https:\/\/radioestacion.com.py\/index.php\/2026\/04\/27\/ambiente-fresco-a-frio-dominara-el-inicio-de-la-semana-segun-pronostico\/","title":{"rendered":"Ambiente fresco a fr\u00edo dominar\u00e1 el inicio de la semana, seg\u00fan pron\u00f3stico"},"content":{"rendered":"\n<h3 class=\"wp-block-heading\"><strong>El inicio de la semana estar\u00e1 marcado por un ambiente predominantemente fresco a fr\u00edo, acompa\u00f1ado de cielo mayormente nublado y vientos del sector sur, seg\u00fan el pron\u00f3stico extendido. Las condiciones clim\u00e1ticas incluir\u00e1n lluvias dispersas en las primeras jornadas, aunque se espera una tendencia gradual a la mejora hacia el transcurso de los d\u00edas.<\/strong><\/h3>\n\n\n\n<p>De acuerdo con los datos meteorol\u00f3gicos, el <strong>lunes 27 de abril de 2026<\/strong> se presentar\u00e1 con un ambiente fresco, cielo nublado a parcialmente nublado y vientos moderados del sur. Durante la jornada se prev\u00e9n <strong>lluvias dispersas<\/strong>, las cuales ir\u00edan cesando progresivamente, dando paso a una mejora en las condiciones hacia la tarde o noche. Las temperaturas oscilar\u00e1n entre una <strong>m\u00ednima de 14\u00b0C y una m\u00e1xima de 20\u00b0C<\/strong>, generando un ambiente t\u00edpicamente oto\u00f1al en gran parte del territorio.<\/p>\n\n\n\n<p>Para el <strong>martes 28 de abril<\/strong>, se prev\u00e9 un descenso m\u00e1s marcado de las temperaturas, con un ambiente que ir\u00e1 de fr\u00edo a fresco. El cielo se mantendr\u00e1 entre parcialmente nublado y nublado, con predominancia de vientos del sector sur, lo que contribuir\u00e1 a la sensaci\u00f3n t\u00e9rmica m\u00e1s baja durante las primeras horas del d\u00eda. En este caso, la temperatura m\u00ednima descender\u00eda hasta los <strong>9\u00b0C<\/strong>, mientras que la m\u00e1xima alcanzar\u00eda apenas los <strong>19\u00b0C<\/strong>, configurando una de las jornadas m\u00e1s fr\u00edas de la semana.<\/p>\n\n\n\n<p>En tanto, el <strong>mi\u00e9rcoles 29 de abril<\/strong> se anticipa un leve cambio en las condiciones, con un ambiente que ir\u00e1 de fresco a c\u00e1lido. El cielo continuar\u00e1 parcialmente nublado a nublado durante gran parte del d\u00eda, aunque con tendencia a variables hacia la tarde. Los vientos soplar\u00e1n inicialmente del sureste para luego volverse variables, lo que permitir\u00e1 un progresivo aumento de las temperaturas. Se esperan valores que ir\u00e1n desde una <strong>m\u00ednima de 11\u00b0C hasta una m\u00e1xima de 23\u00b0C<\/strong>, generando un ambiente m\u00e1s agradable en comparaci\u00f3n con los d\u00edas anteriores.<\/p>\n\n\n\n<p>En general, el panorama clim\u00e1tico para el inicio de la semana estar\u00e1 caracterizado por el ingreso de aire m\u00e1s fr\u00edo proveniente del sur, t\u00edpico de esta \u00e9poca del a\u00f1o, con una posterior estabilizaci\u00f3n que favorecer\u00e1 un aumento gradual de las temperaturas hacia mediados de semana.<\/p>\n","protected":false},"excerpt":{"rendered":"<p>El inicio de la semana estar\u00e1 marcado por un ambiente predominantemente fresco a fr\u00edo, acompa\u00f1ado de cielo mayormente<\/p>\n","protected":false},"author":4,"featured_media":2598,"comment_status":"open","ping_status":"open","sticky":false,"template":"","format":"standard","meta":{"footnotes":""},"categories":[43],"tags":[102,96],"post_badge":[],"class_list":["post-2596","post","type-post","status-publish","format-standard","has-post-thumbnail","hentry","category-meteorologia","tag-clima","tag-meteorologia-2"],"yoast_head":"<!-- This site is optimized with the Yoast SEO plugin v26.9 - https:\/\/yoast.com\/product\/yoast-seo-wordpress\/ -->\n<title>Ambiente fresco a fr\u00edo dominar\u00e1 el inicio de la semana, seg\u00fan pron\u00f3stico - Radio Estaci\u00f3n - 92.9 Fm Caazap\u00e1 Meteorolog\u00eda #Clima, #Meteorologia Meteorolog\u00eda<\/title>\n<meta name=\"description\" content=\"Radio Estaci\u00f3n - 92.9 Fm Caazap\u00e1 Meteorolog\u00eda Ambiente fresco a fr\u00edo dominar\u00e1 el inicio de la semana, seg\u00fan pron\u00f3stico #Clima, #Meteorologia Meteorolog\u00eda\" \/>\n<meta name=\"robots\" content=\"index, follow, max-snippet:-1, max-image-preview:large, max-video-preview:-1\" \/>\n<link rel=\"canonical\" href=\"https:\/\/radioestacion.com.py\/index.php\/2026\/04\/27\/ambiente-fresco-a-frio-dominara-el-inicio-de-la-semana-segun-pronostico\/\" \/>\n<meta property=\"og:locale\" content=\"es_ES\" \/>\n<meta property=\"og:type\" content=\"article\" \/>\n<meta property=\"og:title\" content=\"Ambiente fresco a fr\u00edo dominar\u00e1 el inicio de la semana, seg\u00fan pron\u00f3stico - Radio Estaci\u00f3n - 92.9 Fm Caazap\u00e1 Meteorolog\u00eda #Clima, #Meteorologia Meteorolog\u00eda\" \/>\n<meta property=\"og:description\" content=\"Radio Estaci\u00f3n - 92.9 Fm Caazap\u00e1 Meteorolog\u00eda Ambiente fresco a fr\u00edo dominar\u00e1 el inicio de la semana, seg\u00fan pron\u00f3stico #Clima, #Meteorologia Meteorolog\u00eda\" \/>\n<meta property=\"og:url\" content=\"https:\/\/radioestacion.com.py\/index.php\/2026\/04\/27\/ambiente-fresco-a-frio-dominara-el-inicio-de-la-semana-segun-pronostico\/\" \/>\n<meta property=\"og:site_name\" content=\"Radio Estaci\u00f3n - 92.9 Fm Caazap\u00e1\" \/>\n<meta property=\"article:publisher\" content=\"https:\/\/www.facebook.com\/profile.php?id=61578076966227\" \/>\n<meta property=\"article:published_time\" content=\"2026-04-27T02:12:42+00:00\" \/>\n<meta property=\"og:image\" content=\"https:\/\/radioestacion.com.py\/wp-content\/uploads\/2026\/04\/FOTOS-ESTACION-TV-WEBZ-1-1024x576.png\" \/>\n\t<meta property=\"og:image:width\" content=\"1024\" \/>\n\t<meta property=\"og:image:height\" content=\"576\" \/>\n\t<meta property=\"og:image:type\" content=\"image\/png\" \/>\n<meta name=\"author\" content=\"Red Multimedios\" \/>\n<meta name=\"twitter:card\" content=\"summary_large_image\" \/>\n<meta name=\"twitter:label1\" content=\"Escrito por\" \/>\n\t<meta name=\"twitter:data1\" content=\"Red Multimedios\" \/>\n\t<meta name=\"twitter:label2\" content=\"Tiempo de lectura\" \/>\n\t<meta name=\"twitter:data2\" content=\"2 minutos\" \/>\n<script type=\"application\/ld+json\" class=\"yoast-schema-graph\">{\"@context\":\"https:\/\/schema.org\",\"@graph\":[{\"@type\":\"Article\",\"@id\":\"https:\/\/radioestacion.com.py\/index.php\/2026\/04\/27\/ambiente-fresco-a-frio-dominara-el-inicio-de-la-semana-segun-pronostico\/#article\",\"isPartOf\":{\"@id\":\"https:\/\/radioestacion.com.py\/index.php\/2026\/04\/27\/ambiente-fresco-a-frio-dominara-el-inicio-de-la-semana-segun-pronostico\/\"},\"author\":{\"name\":\"Red Multimedios\",\"@id\":\"https:\/\/radioestacion.com.py\/#\/schema\/person\/a4020e85409009300bd9898994b03a3f\"},\"headline\":\"Ambiente fresco a fr\u00edo dominar\u00e1 el inicio de la semana, seg\u00fan pron\u00f3stico\",\"datePublished\":\"2026-04-27T02:12:42+00:00\",\"mainEntityOfPage\":{\"@id\":\"https:\/\/radioestacion.com.py\/index.php\/2026\/04\/27\/ambiente-fresco-a-frio-dominara-el-inicio-de-la-semana-segun-pronostico\/\"},\"wordCount\":401,\"commentCount\":0,\"publisher\":{\"@id\":\"https:\/\/radioestacion.com.py\/#organization\"},\"image\":{\"@id\":\"https:\/\/radioestacion.com.py\/index.php\/2026\/04\/27\/ambiente-fresco-a-frio-dominara-el-inicio-de-la-semana-segun-pronostico\/#primaryimage\"},\"thumbnailUrl\":\"https:\/\/radioestacion.com.py\/wp-content\/uploads\/2026\/04\/FOTOS-ESTACION-TV-WEBZ-1.png\",\"keywords\":[\"#Clima\",\"#Meteorologia\"],\"articleSection\":[\"Meteorolog\u00eda\"],\"inLanguage\":\"es\",\"potentialAction\":[{\"@type\":\"CommentAction\",\"name\":\"Comment\",\"target\":[\"https:\/\/radioestacion.com.py\/index.php\/2026\/04\/27\/ambiente-fresco-a-frio-dominara-el-inicio-de-la-semana-segun-pronostico\/#respond\"]}]},{\"@type\":\"WebPage\",\"@id\":\"https:\/\/radioestacion.com.py\/index.php\/2026\/04\/27\/ambiente-fresco-a-frio-dominara-el-inicio-de-la-semana-segun-pronostico\/\",\"url\":\"https:\/\/radioestacion.com.py\/index.php\/2026\/04\/27\/ambiente-fresco-a-frio-dominara-el-inicio-de-la-semana-segun-pronostico\/\",\"name\":\"Ambiente fresco a fr\u00edo dominar\u00e1 el inicio de la semana, seg\u00fan pron\u00f3stico - Radio Estaci\u00f3n - 92.9 Fm Caazap\u00e1 Meteorolog\u00eda #Clima, #Meteorologia Meteorolog\u00eda\",\"isPartOf\":{\"@id\":\"https:\/\/radioestacion.com.py\/#website\"},\"primaryImageOfPage\":{\"@id\":\"https:\/\/radioestacion.com.py\/index.php\/2026\/04\/27\/ambiente-fresco-a-frio-dominara-el-inicio-de-la-semana-segun-pronostico\/#primaryimage\"},\"image\":{\"@id\":\"https:\/\/radioestacion.com.py\/index.php\/2026\/04\/27\/ambiente-fresco-a-frio-dominara-el-inicio-de-la-semana-segun-pronostico\/#primaryimage\"},\"thumbnailUrl\":\"https:\/\/radioestacion.com.py\/wp-content\/uploads\/2026\/04\/FOTOS-ESTACION-TV-WEBZ-1.png\",\"datePublished\":\"2026-04-27T02:12:42+00:00\",\"description\":\"Radio Estaci\u00f3n - 92.9 Fm Caazap\u00e1 Meteorolog\u00eda Ambiente fresco a fr\u00edo dominar\u00e1 el inicio de la semana, seg\u00fan pron\u00f3stico #Clima, #Meteorologia Meteorolog\u00eda\",\"breadcrumb\":{\"@id\":\"https:\/\/radioestacion.com.py\/index.php\/2026\/04\/27\/ambiente-fresco-a-frio-dominara-el-inicio-de-la-semana-segun-pronostico\/#breadcrumb\"},\"inLanguage\":\"es\",\"potentialAction\":[{\"@type\":\"ReadAction\",\"target\":[\"https:\/\/radioestacion.com.py\/index.php\/2026\/04\/27\/ambiente-fresco-a-frio-dominara-el-inicio-de-la-semana-segun-pronostico\/\"]}]},{\"@type\":\"ImageObject\",\"inLanguage\":\"es\",\"@id\":\"https:\/\/radioestacion.com.py\/index.php\/2026\/04\/27\/ambiente-fresco-a-frio-dominara-el-inicio-de-la-semana-segun-pronostico\/#primaryimage\",\"url\":\"https:\/\/radioestacion.com.py\/wp-content\/uploads\/2026\/04\/FOTOS-ESTACION-TV-WEBZ-1.png\",\"contentUrl\":\"https:\/\/radioestacion.com.py\/wp-content\/uploads\/2026\/04\/FOTOS-ESTACION-TV-WEBZ-1.png\",\"width\":1920,\"height\":1080,\"caption\":\"Pronostican descenso de temperatura con vientos del sur y lluvias al inicio de la semana - Foto: Estacion Tv\/Caazap\u00e1\"},{\"@type\":\"BreadcrumbList\",\"@id\":\"https:\/\/radioestacion.com.py\/index.php\/2026\/04\/27\/ambiente-fresco-a-frio-dominara-el-inicio-de-la-semana-segun-pronostico\/#breadcrumb\",\"itemListElement\":[{\"@type\":\"ListItem\",\"position\":1,\"name\":\"Portada\",\"item\":\"https:\/\/radioestacion.com.py\/\"},{\"@type\":\"ListItem\",\"position\":2,\"name\":\"Ambiente fresco a fr\u00edo dominar\u00e1 el inicio de la semana, seg\u00fan pron\u00f3stico\"}]},{\"@type\":\"WebSite\",\"@id\":\"https:\/\/radioestacion.com.py\/#website\",\"url\":\"https:\/\/radioestacion.com.py\/\",\"name\":\"Radio Estaci\u00f3n - 92.9 Fm Caazap\u00e1\",\"description\":\"Radio Estaci\u00f3n de Caazap\u00e1, 92.9 radio estaci\u00f3n\",\"publisher\":{\"@id\":\"https:\/\/radioestacion.com.py\/#organization\"},\"alternateName\":\"Radio Estacion de Caazap\u00e1\",\"potentialAction\":[{\"@type\":\"SearchAction\",\"target\":{\"@type\":\"EntryPoint\",\"urlTemplate\":\"https:\/\/radioestacion.com.py\/?s={search_term_string}\"},\"query-input\":{\"@type\":\"PropertyValueSpecification\",\"valueRequired\":true,\"valueName\":\"search_term_string\"}}],\"inLanguage\":\"es\"},{\"@type\":\"Organization\",\"@id\":\"https:\/\/radioestacion.com.py\/#organization\",\"name\":\"Radio Estaci\u00f3n 92.9\",\"url\":\"https:\/\/radioestacion.com.py\/\",\"logo\":{\"@type\":\"ImageObject\",\"inLanguage\":\"es\",\"@id\":\"https:\/\/radioestacion.com.py\/#\/schema\/logo\/image\/\",\"url\":\"https:\/\/radioestacion.com.py\/wp-content\/uploads\/2025\/07\/cropped-logo-1.png\",\"contentUrl\":\"https:\/\/radioestacion.com.py\/wp-content\/uploads\/2025\/07\/cropped-logo-1.png\",\"width\":512,\"height\":512,\"caption\":\"Radio Estaci\u00f3n 92.9\"},\"image\":{\"@id\":\"https:\/\/radioestacion.com.py\/#\/schema\/logo\/image\/\"},\"sameAs\":[\"https:\/\/www.facebook.com\/profile.php?id=61578076966227\"]},{\"@type\":\"Person\",\"@id\":\"https:\/\/radioestacion.com.py\/#\/schema\/person\/a4020e85409009300bd9898994b03a3f\",\"name\":\"Red Multimedios\",\"image\":{\"@type\":\"ImageObject\",\"inLanguage\":\"es\",\"@id\":\"https:\/\/radioestacion.com.py\/#\/schema\/person\/image\/\",\"url\":\"https:\/\/secure.gravatar.com\/avatar\/992b8061e4c1e7683a64e011a7972e7a58ee464d2afcc56539cf6454481292c7?s=96&d=mm&r=g\",\"contentUrl\":\"https:\/\/secure.gravatar.com\/avatar\/992b8061e4c1e7683a64e011a7972e7a58ee464d2afcc56539cf6454481292c7?s=96&d=mm&r=g\",\"caption\":\"Red Multimedios\"},\"url\":\"https:\/\/radioestacion.com.py\/index.php\/author\/red-multimedios\/\"}]}<\/script>\n<!-- \/ Yoast SEO plugin. -->","yoast_head_json":{"title":"Ambiente fresco a fr\u00edo dominar\u00e1 el inicio de la semana, seg\u00fan pron\u00f3stico - Radio Estaci\u00f3n - 92.9 Fm Caazap\u00e1 Meteorolog\u00eda #Clima, #Meteorologia Meteorolog\u00eda","description":"Radio Estaci\u00f3n - 92.9 Fm Caazap\u00e1 Meteorolog\u00eda Ambiente fresco a fr\u00edo dominar\u00e1 el inicio de la semana, seg\u00fan pron\u00f3stico #Clima, #Meteorologia Meteorolog\u00eda","robots":{"index":"index","follow":"follow","max-snippet":"max-snippet:-1","max-image-preview":"max-image-preview:large","max-video-preview":"max-video-preview:-1"},"canonical":"https:\/\/radioestacion.com.py\/index.php\/2026\/04\/27\/ambiente-fresco-a-frio-dominara-el-inicio-de-la-semana-segun-pronostico\/","og_locale":"es_ES","og_type":"article","og_title":"Ambiente fresco a fr\u00edo dominar\u00e1 el inicio de la semana, seg\u00fan pron\u00f3stico - Radio Estaci\u00f3n - 92.9 Fm Caazap\u00e1 Meteorolog\u00eda #Clima, #Meteorologia Meteorolog\u00eda","og_description":"Radio Estaci\u00f3n - 92.9 Fm Caazap\u00e1 Meteorolog\u00eda Ambiente fresco a fr\u00edo dominar\u00e1 el inicio de la semana, seg\u00fan pron\u00f3stico #Clima, #Meteorologia Meteorolog\u00eda","og_url":"https:\/\/radioestacion.com.py\/index.php\/2026\/04\/27\/ambiente-fresco-a-frio-dominara-el-inicio-de-la-semana-segun-pronostico\/","og_site_name":"Radio Estaci\u00f3n - 92.9 Fm Caazap\u00e1","article_publisher":"https:\/\/www.facebook.com\/profile.php?id=61578076966227","article_published_time":"2026-04-27T02:12:42+00:00","og_image":[{"width":1024,"height":576,"url":"https:\/\/radioestacion.com.py\/wp-content\/uploads\/2026\/04\/FOTOS-ESTACION-TV-WEBZ-1-1024x576.png","type":"image\/png"}],"author":"Red Multimedios","twitter_card":"summary_large_image","twitter_misc":{"Escrito por":"Red Multimedios","Tiempo de lectura":"2 minutos"},"schema":{"@context":"https:\/\/schema.org","@graph":[{"@type":"Article","@id":"https:\/\/radioestacion.com.py\/index.php\/2026\/04\/27\/ambiente-fresco-a-frio-dominara-el-inicio-de-la-semana-segun-pronostico\/#article","isPartOf":{"@id":"https:\/\/radioestacion.com.py\/index.php\/2026\/04\/27\/ambiente-fresco-a-frio-dominara-el-inicio-de-la-semana-segun-pronostico\/"},"author":{"name":"Red Multimedios","@id":"https:\/\/radioestacion.com.py\/#\/schema\/person\/a4020e85409009300bd9898994b03a3f"},"headline":"Ambiente fresco a fr\u00edo dominar\u00e1 el inicio de la semana, seg\u00fan pron\u00f3stico","datePublished":"2026-04-27T02:12:42+00:00","mainEntityOfPage":{"@id":"https:\/\/radioestacion.com.py\/index.php\/2026\/04\/27\/ambiente-fresco-a-frio-dominara-el-inicio-de-la-semana-segun-pronostico\/"},"wordCount":401,"commentCount":0,"publisher":{"@id":"https:\/\/radioestacion.com.py\/#organization"},"image":{"@id":"https:\/\/radioestacion.com.py\/index.php\/2026\/04\/27\/ambiente-fresco-a-frio-dominara-el-inicio-de-la-semana-segun-pronostico\/#primaryimage"},"thumbnailUrl":"https:\/\/radioestacion.com.py\/wp-content\/uploads\/2026\/04\/FOTOS-ESTACION-TV-WEBZ-1.png","keywords":["#Clima","#Meteorologia"],"articleSection":["Meteorolog\u00eda"],"inLanguage":"es","potentialAction":[{"@type":"CommentAction","name":"Comment","target":["https:\/\/radioestacion.com.py\/index.php\/2026\/04\/27\/ambiente-fresco-a-frio-dominara-el-inicio-de-la-semana-segun-pronostico\/#respond"]}]},{"@type":"WebPage","@id":"https:\/\/radioestacion.com.py\/index.php\/2026\/04\/27\/ambiente-fresco-a-frio-dominara-el-inicio-de-la-semana-segun-pronostico\/","url":"https:\/\/radioestacion.com.py\/index.php\/2026\/04\/27\/ambiente-fresco-a-frio-dominara-el-inicio-de-la-semana-segun-pronostico\/","name":"Ambiente fresco a fr\u00edo dominar\u00e1 el inicio de la semana, seg\u00fan pron\u00f3stico - Radio Estaci\u00f3n - 92.9 Fm Caazap\u00e1 Meteorolog\u00eda #Clima, #Meteorologia Meteorolog\u00eda","isPartOf":{"@id":"https:\/\/radioestacion.com.py\/#website"},"primaryImageOfPage":{"@id":"https:\/\/radioestacion.com.py\/index.php\/2026\/04\/27\/ambiente-fresco-a-frio-dominara-el-inicio-de-la-semana-segun-pronostico\/#primaryimage"},"image":{"@id":"https:\/\/radioestacion.com.py\/index.php\/2026\/04\/27\/ambiente-fresco-a-frio-dominara-el-inicio-de-la-semana-segun-pronostico\/#primaryimage"},"thumbnailUrl":"https:\/\/radioestacion.com.py\/wp-content\/uploads\/2026\/04\/FOTOS-ESTACION-TV-WEBZ-1.png","datePublished":"2026-04-27T02:12:42+00:00","description":"Radio Estaci\u00f3n - 92.9 Fm Caazap\u00e1 Meteorolog\u00eda Ambiente fresco a fr\u00edo dominar\u00e1 el inicio de la semana, seg\u00fan pron\u00f3stico #Clima, #Meteorologia Meteorolog\u00eda","breadcrumb":{"@id":"https:\/\/radioestacion.com.py\/index.php\/2026\/04\/27\/ambiente-fresco-a-frio-dominara-el-inicio-de-la-semana-segun-pronostico\/#breadcrumb"},"inLanguage":"es","potentialAction":[{"@type":"ReadAction","target":["https:\/\/radioestacion.com.py\/index.php\/2026\/04\/27\/ambiente-fresco-a-frio-dominara-el-inicio-de-la-semana-segun-pronostico\/"]}]},{"@type":"ImageObject","inLanguage":"es","@id":"https:\/\/radioestacion.com.py\/index.php\/2026\/04\/27\/ambiente-fresco-a-frio-dominara-el-inicio-de-la-semana-segun-pronostico\/#primaryimage","url":"https:\/\/radioestacion.com.py\/wp-content\/uploads\/2026\/04\/FOTOS-ESTACION-TV-WEBZ-1.png","contentUrl":"https:\/\/radioestacion.com.py\/wp-content\/uploads\/2026\/04\/FOTOS-ESTACION-TV-WEBZ-1.png","width":1920,"height":1080,"caption":"Pronostican descenso de temperatura con vientos del sur y lluvias al inicio de la semana - Foto: Estacion Tv\/Caazap\u00e1"},{"@type":"BreadcrumbList","@id":"https:\/\/radioestacion.com.py\/index.php\/2026\/04\/27\/ambiente-fresco-a-frio-dominara-el-inicio-de-la-semana-segun-pronostico\/#breadcrumb","itemListElement":[{"@type":"ListItem","position":1,"name":"Portada","item":"https:\/\/radioestacion.com.py\/"},{"@type":"ListItem","position":2,"name":"Ambiente fresco a fr\u00edo dominar\u00e1 el inicio de la semana, seg\u00fan pron\u00f3stico"}]},{"@type":"WebSite","@id":"https:\/\/radioestacion.com.py\/#website","url":"https:\/\/radioestacion.com.py\/","name":"Radio Estaci\u00f3n - 92.9 Fm Caazap\u00e1","description":"Radio Estaci\u00f3n de Caazap\u00e1, 92.9 radio estaci\u00f3n","publisher":{"@id":"https:\/\/radioestacion.com.py\/#organization"},"alternateName":"Radio Estacion de Caazap\u00e1","potentialAction":[{"@type":"SearchAction","target":{"@type":"EntryPoint","urlTemplate":"https:\/\/radioestacion.com.py\/?s={search_term_string}"},"query-input":{"@type":"PropertyValueSpecification","valueRequired":true,"valueName":"search_term_string"}}],"inLanguage":"es"},{"@type":"Organization","@id":"https:\/\/radioestacion.com.py\/#organization","name":"Radio Estaci\u00f3n 92.9","url":"https:\/\/radioestacion.com.py\/","logo":{"@type":"ImageObject","inLanguage":"es","@id":"https:\/\/radioestacion.com.py\/#\/schema\/logo\/image\/","url":"https:\/\/radioestacion.com.py\/wp-content\/uploads\/2025\/07\/cropped-logo-1.png","contentUrl":"https:\/\/radioestacion.com.py\/wp-content\/uploads\/2025\/07\/cropped-logo-1.png","width":512,"height":512,"caption":"Radio Estaci\u00f3n 92.9"},"image":{"@id":"https:\/\/radioestacion.com.py\/#\/schema\/logo\/image\/"},"sameAs":["https:\/\/www.facebook.com\/profile.php?id=61578076966227"]},{"@type":"Person","@id":"https:\/\/radioestacion.com.py\/#\/schema\/person\/a4020e85409009300bd9898994b03a3f","name":"Red Multimedios","image":{"@type":"ImageObject","inLanguage":"es","@id":"https:\/\/radioestacion.com.py\/#\/schema\/person\/image\/","url":"https:\/\/secure.gravatar.com\/avatar\/992b8061e4c1e7683a64e011a7972e7a58ee464d2afcc56539cf6454481292c7?s=96&d=mm&r=g","contentUrl":"https:\/\/secure.gravatar.com\/avatar\/992b8061e4c1e7683a64e011a7972e7a58ee464d2afcc56539cf6454481292c7?s=96&d=mm&r=g","caption":"Red Multimedios"},"url":"https:\/\/radioestacion.com.py\/index.php\/author\/red-multimedios\/"}]}},"_links":{"self":[{"href":"https:\/\/radioestacion.com.py\/index.php\/wp-json\/wp\/v2\/posts\/2596","targetHints":{"allow":["GET"]}}],"collection":[{"href":"https:\/\/radioestacion.com.py\/index.php\/wp-json\/wp\/v2\/posts"}],"about":[{"href":"https:\/\/radioestacion.com.py\/index.php\/wp-json\/wp\/v2\/types\/post"}],"author":[{"embeddable":true,"href":"https:\/\/radioestacion.com.py\/index.php\/wp-json\/wp\/v2\/users\/4"}],"replies":[{"embeddable":true,"href":"https:\/\/radioestacion.com.py\/index.php\/wp-json\/wp\/v2\/comments?post=2596"}],"version-history":[{"count":1,"href":"https:\/\/radioestacion.com.py\/index.php\/wp-json\/wp\/v2\/posts\/2596\/revisions"}],"predecessor-version":[{"id":2599,"href":"https:\/\/radioestacion.com.py\/index.php\/wp-json\/wp\/v2\/posts\/2596\/revisions\/2599"}],"wp:featuredmedia":[{"embeddable":true,"href":"https:\/\/radioestacion.com.py\/index.php\/wp-json\/wp\/v2\/media\/2598"}],"wp:attachment":[{"href":"https:\/\/radioestacion.com.py\/index.php\/wp-json\/wp\/v2\/media?parent=2596"}],"wp:term":[{"taxonomy":"category","embeddable":true,"href":"https:\/\/radioestacion.com.py\/index.php\/wp-json\/wp\/v2\/categories?post=2596"},{"taxonomy":"post_tag","embeddable":true,"href":"https:\/\/radioestacion.com.py\/index.php\/wp-json\/wp\/v2\/tags?post=2596"},{"taxonomy":"post_badge","embeddable":true,"href":"https:\/\/radioestacion.com.py\/index.php\/wp-json\/wp\/v2\/post_badge?post=2596"}],"curies":[{"name":"wp","href":"https:\/\/api.w.org\/{rel}","templated":true}]}}