{"id":2601,"date":"2026-04-27T02:56:51","date_gmt":"2026-04-27T02:56:51","guid":{"rendered":"https:\/\/radioestacion.com.py\/?p=2601"},"modified":"2026-04-27T02:56:51","modified_gmt":"2026-04-27T02:56:51","slug":"accidente-fatal-en-eugenio-a-garay-deja-un-muerto-y-dos-heridos-tras-vuelco-de-vehiculo","status":"publish","type":"post","link":"https:\/\/radioestacion.com.py\/index.php\/2026\/04\/27\/accidente-fatal-en-eugenio-a-garay-deja-un-muerto-y-dos-heridos-tras-vuelco-de-vehiculo\/","title":{"rendered":"Accidente fatal en Eugenio A. Garay deja un muerto y dos heridos tras vuelco de veh\u00edculo"},"content":{"rendered":"\n<h3 class=\"wp-block-heading\"><strong>Un tr\u00e1gico accidente de tr\u00e1nsito con derivaci\u00f3n fatal se registr\u00f3 el viernes a las 21:50 horas sobre la Ruta Nueva, en la compa\u00f1\u00eda Colonia Guaran\u00ed, zona conocida como Tres Bocas, distrito de Eugenio A. Garay, departamento del Guair\u00e1.<\/strong><\/h3>\n\n\n\n<p>El percance involucr\u00f3 a una <strong>camioneta Toyota Townace Noah, color plomo<\/strong>, que termin\u00f3 volcando por causas que a\u00fan se investigan, seg\u00fan el informe de la <strong>Comisar\u00eda 17\u00aa jurisdiccional<\/strong>.<\/p>\n\n\n\n<p>En el rodado viajaba como conductor <strong>Adam Noguera Aquino (35)<\/strong>, quien lamentablemente perdi\u00f3 la vida a ra\u00edz del siniestro vial. El mismo iba acompa\u00f1ado por <strong>Reinaldo Vega Vargas (35)<\/strong> y un menor de edad, quienes resultaron con <strong>lesiones de distinta consideraci\u00f3n<\/strong>.<\/p>\n\n\n\n<p>De acuerdo con los datos policiales, el hecho fue reportado a trav\u00e9s del sistema de emergencias <strong>911<\/strong>, lo que permiti\u00f3 la r\u00e1pida intervenci\u00f3n de agentes de patrulla, quienes acudieron al lugar junto con <strong>bomberos voluntarios de la ciudad de Jos\u00e9 Fassardi<\/strong> para las labores de auxilio.<\/p>\n\n\n\n<p>Los heridos fueron asistidos en el sitio y posteriormente trasladados en primera instancia hasta el <strong>centro de salud de Jos\u00e9 Fassardi<\/strong>, desde donde fueron derivados al <strong>Hospital Regional de Villarrica<\/strong> para una atenci\u00f3n de mayor complejidad.<\/p>\n\n\n\n<p>Las circunstancias del vuelco a\u00fan son materia de investigaci\u00f3n por parte de las autoridades competentes, a fin de determinar qu\u00e9 origin\u00f3 el fatal percance.<\/p>\n","protected":false},"excerpt":{"rendered":"<p>Un tr\u00e1gico accidente de tr\u00e1nsito con derivaci\u00f3n fatal se registr\u00f3 el viernes a las 21:50 horas sobre la<\/p>\n","protected":false},"author":4,"featured_media":2602,"comment_status":"open","ping_status":"open","sticky":false,"template":"","format":"standard","meta":{"footnotes":""},"categories":[477],"tags":[123,648,649],"post_badge":[],"class_list":["post-2601","post","type-post","status-publish","format-standard","has-post-thumbnail","hentry","category-gral-eugenio-a-garay-dpto-guaira","tag-accidente","tag-fatal","tag-vehiculo-2"],"yoast_head":"<!-- This site is optimized with the Yoast SEO plugin v26.9 - https:\/\/yoast.com\/product\/yoast-seo-wordpress\/ -->\n<title>Accidente fatal en Eugenio A. Garay deja un muerto y dos heridos tras vuelco de veh\u00edculo - Radio Estaci\u00f3n - 92.9 Fm Caazap\u00e1 Gral. Eugenio A. Garay - Dpto. Guair\u00e1 Accidente, FATAL, VEHICULO Gral. Eugenio A. Garay - Dpto. Guair\u00e1<\/title>\n<meta name=\"description\" content=\"Radio Estaci\u00f3n - 92.9 Fm Caazap\u00e1 Gral. Eugenio A. Garay - Dpto. Guair\u00e1 Accidente fatal en Eugenio A. Garay deja un muerto y dos heridos tras vuelco de veh\u00edculo Accidente, FATAL, VEHICULO Gral. Eugenio A. Garay - Dpto. Guair\u00e1\" \/>\n<meta name=\"robots\" content=\"index, follow, max-snippet:-1, max-image-preview:large, max-video-preview:-1\" \/>\n<link rel=\"canonical\" href=\"https:\/\/radioestacion.com.py\/index.php\/2026\/04\/27\/accidente-fatal-en-eugenio-a-garay-deja-un-muerto-y-dos-heridos-tras-vuelco-de-vehiculo\/\" \/>\n<meta property=\"og:locale\" content=\"es_ES\" \/>\n<meta property=\"og:type\" content=\"article\" \/>\n<meta property=\"og:title\" content=\"Accidente fatal en Eugenio A. Garay deja un muerto y dos heridos tras vuelco de veh\u00edculo - Radio Estaci\u00f3n - 92.9 Fm Caazap\u00e1 Gral. Eugenio A. Garay - Dpto. Guair\u00e1 Accidente, FATAL, VEHICULO Gral. Eugenio A. Garay - Dpto. Guair\u00e1\" \/>\n<meta property=\"og:description\" content=\"Radio Estaci\u00f3n - 92.9 Fm Caazap\u00e1 Gral. Eugenio A. Garay - Dpto. Guair\u00e1 Accidente fatal en Eugenio A. Garay deja un muerto y dos heridos tras vuelco de veh\u00edculo Accidente, FATAL, VEHICULO Gral. Eugenio A. Garay - Dpto. Guair\u00e1\" \/>\n<meta property=\"og:url\" content=\"https:\/\/radioestacion.com.py\/index.php\/2026\/04\/27\/accidente-fatal-en-eugenio-a-garay-deja-un-muerto-y-dos-heridos-tras-vuelco-de-vehiculo\/\" \/>\n<meta property=\"og:site_name\" content=\"Radio Estaci\u00f3n - 92.9 Fm Caazap\u00e1\" \/>\n<meta property=\"article:publisher\" content=\"https:\/\/www.facebook.com\/profile.php?id=61578076966227\" \/>\n<meta property=\"article:published_time\" content=\"2026-04-27T02:56:51+00:00\" \/>\n<meta property=\"og:image\" content=\"https:\/\/radioestacion.com.py\/wp-content\/uploads\/2026\/04\/FOTOS-ESTACION-TV-WEBT-1024x576.png\" \/>\n\t<meta property=\"og:image:width\" content=\"1024\" \/>\n\t<meta property=\"og:image:height\" content=\"576\" \/>\n\t<meta property=\"og:image:type\" content=\"image\/png\" \/>\n<meta name=\"author\" content=\"Red Multimedios\" \/>\n<meta name=\"twitter:card\" content=\"summary_large_image\" \/>\n<meta name=\"twitter:label1\" content=\"Escrito por\" \/>\n\t<meta name=\"twitter:data1\" content=\"Red Multimedios\" \/>\n\t<meta name=\"twitter:label2\" content=\"Tiempo de lectura\" \/>\n\t<meta name=\"twitter:data2\" content=\"2 minutos\" \/>\n<script type=\"application\/ld+json\" class=\"yoast-schema-graph\">{\"@context\":\"https:\/\/schema.org\",\"@graph\":[{\"@type\":\"Article\",\"@id\":\"https:\/\/radioestacion.com.py\/index.php\/2026\/04\/27\/accidente-fatal-en-eugenio-a-garay-deja-un-muerto-y-dos-heridos-tras-vuelco-de-vehiculo\/#article\",\"isPartOf\":{\"@id\":\"https:\/\/radioestacion.com.py\/index.php\/2026\/04\/27\/accidente-fatal-en-eugenio-a-garay-deja-un-muerto-y-dos-heridos-tras-vuelco-de-vehiculo\/\"},\"author\":{\"name\":\"Red Multimedios\",\"@id\":\"https:\/\/radioestacion.com.py\/#\/schema\/person\/a4020e85409009300bd9898994b03a3f\"},\"headline\":\"Accidente fatal en Eugenio A. Garay deja un muerto y dos heridos tras vuelco de veh\u00edculo\",\"datePublished\":\"2026-04-27T02:56:51+00:00\",\"mainEntityOfPage\":{\"@id\":\"https:\/\/radioestacion.com.py\/index.php\/2026\/04\/27\/accidente-fatal-en-eugenio-a-garay-deja-un-muerto-y-dos-heridos-tras-vuelco-de-vehiculo\/\"},\"wordCount\":241,\"commentCount\":0,\"publisher\":{\"@id\":\"https:\/\/radioestacion.com.py\/#organization\"},\"image\":{\"@id\":\"https:\/\/radioestacion.com.py\/index.php\/2026\/04\/27\/accidente-fatal-en-eugenio-a-garay-deja-un-muerto-y-dos-heridos-tras-vuelco-de-vehiculo\/#primaryimage\"},\"thumbnailUrl\":\"https:\/\/radioestacion.com.py\/wp-content\/uploads\/2026\/04\/FOTOS-ESTACION-TV-WEBT.png\",\"keywords\":[\"Accidente\",\"FATAL\",\"VEHICULO\"],\"articleSection\":[\"Gral. Eugenio A. Garay - Dpto. Guair\u00e1\"],\"inLanguage\":\"es\",\"potentialAction\":[{\"@type\":\"CommentAction\",\"name\":\"Comment\",\"target\":[\"https:\/\/radioestacion.com.py\/index.php\/2026\/04\/27\/accidente-fatal-en-eugenio-a-garay-deja-un-muerto-y-dos-heridos-tras-vuelco-de-vehiculo\/#respond\"]}]},{\"@type\":\"WebPage\",\"@id\":\"https:\/\/radioestacion.com.py\/index.php\/2026\/04\/27\/accidente-fatal-en-eugenio-a-garay-deja-un-muerto-y-dos-heridos-tras-vuelco-de-vehiculo\/\",\"url\":\"https:\/\/radioestacion.com.py\/index.php\/2026\/04\/27\/accidente-fatal-en-eugenio-a-garay-deja-un-muerto-y-dos-heridos-tras-vuelco-de-vehiculo\/\",\"name\":\"Accidente fatal en Eugenio A. Garay deja un muerto y dos heridos tras vuelco de veh\u00edculo - Radio Estaci\u00f3n - 92.9 Fm Caazap\u00e1 Gral. Eugenio A. Garay - Dpto. Guair\u00e1 Accidente, FATAL, VEHICULO Gral. Eugenio A. Garay - Dpto. Guair\u00e1\",\"isPartOf\":{\"@id\":\"https:\/\/radioestacion.com.py\/#website\"},\"primaryImageOfPage\":{\"@id\":\"https:\/\/radioestacion.com.py\/index.php\/2026\/04\/27\/accidente-fatal-en-eugenio-a-garay-deja-un-muerto-y-dos-heridos-tras-vuelco-de-vehiculo\/#primaryimage\"},\"image\":{\"@id\":\"https:\/\/radioestacion.com.py\/index.php\/2026\/04\/27\/accidente-fatal-en-eugenio-a-garay-deja-un-muerto-y-dos-heridos-tras-vuelco-de-vehiculo\/#primaryimage\"},\"thumbnailUrl\":\"https:\/\/radioestacion.com.py\/wp-content\/uploads\/2026\/04\/FOTOS-ESTACION-TV-WEBT.png\",\"datePublished\":\"2026-04-27T02:56:51+00:00\",\"description\":\"Radio Estaci\u00f3n - 92.9 Fm Caazap\u00e1 Gral. Eugenio A. Garay - Dpto. Guair\u00e1 Accidente fatal en Eugenio A. Garay deja un muerto y dos heridos tras vuelco de veh\u00edculo Accidente, FATAL, VEHICULO Gral. Eugenio A. Garay - Dpto. Guair\u00e1\",\"breadcrumb\":{\"@id\":\"https:\/\/radioestacion.com.py\/index.php\/2026\/04\/27\/accidente-fatal-en-eugenio-a-garay-deja-un-muerto-y-dos-heridos-tras-vuelco-de-vehiculo\/#breadcrumb\"},\"inLanguage\":\"es\",\"potentialAction\":[{\"@type\":\"ReadAction\",\"target\":[\"https:\/\/radioestacion.com.py\/index.php\/2026\/04\/27\/accidente-fatal-en-eugenio-a-garay-deja-un-muerto-y-dos-heridos-tras-vuelco-de-vehiculo\/\"]}]},{\"@type\":\"ImageObject\",\"inLanguage\":\"es\",\"@id\":\"https:\/\/radioestacion.com.py\/index.php\/2026\/04\/27\/accidente-fatal-en-eugenio-a-garay-deja-un-muerto-y-dos-heridos-tras-vuelco-de-vehiculo\/#primaryimage\",\"url\":\"https:\/\/radioestacion.com.py\/wp-content\/uploads\/2026\/04\/FOTOS-ESTACION-TV-WEBT.png\",\"contentUrl\":\"https:\/\/radioestacion.com.py\/wp-content\/uploads\/2026\/04\/FOTOS-ESTACION-TV-WEBT.png\",\"width\":1920,\"height\":1080},{\"@type\":\"BreadcrumbList\",\"@id\":\"https:\/\/radioestacion.com.py\/index.php\/2026\/04\/27\/accidente-fatal-en-eugenio-a-garay-deja-un-muerto-y-dos-heridos-tras-vuelco-de-vehiculo\/#breadcrumb\",\"itemListElement\":[{\"@type\":\"ListItem\",\"position\":1,\"name\":\"Portada\",\"item\":\"https:\/\/radioestacion.com.py\/\"},{\"@type\":\"ListItem\",\"position\":2,\"name\":\"Accidente fatal en Eugenio A. Garay deja un muerto y dos heridos tras vuelco de veh\u00edculo\"}]},{\"@type\":\"WebSite\",\"@id\":\"https:\/\/radioestacion.com.py\/#website\",\"url\":\"https:\/\/radioestacion.com.py\/\",\"name\":\"Radio Estaci\u00f3n - 92.9 Fm Caazap\u00e1\",\"description\":\"Radio Estaci\u00f3n de Caazap\u00e1, 92.9 radio estaci\u00f3n\",\"publisher\":{\"@id\":\"https:\/\/radioestacion.com.py\/#organization\"},\"alternateName\":\"Radio Estacion de Caazap\u00e1\",\"potentialAction\":[{\"@type\":\"SearchAction\",\"target\":{\"@type\":\"EntryPoint\",\"urlTemplate\":\"https:\/\/radioestacion.com.py\/?s={search_term_string}\"},\"query-input\":{\"@type\":\"PropertyValueSpecification\",\"valueRequired\":true,\"valueName\":\"search_term_string\"}}],\"inLanguage\":\"es\"},{\"@type\":\"Organization\",\"@id\":\"https:\/\/radioestacion.com.py\/#organization\",\"name\":\"Radio Estaci\u00f3n 92.9\",\"url\":\"https:\/\/radioestacion.com.py\/\",\"logo\":{\"@type\":\"ImageObject\",\"inLanguage\":\"es\",\"@id\":\"https:\/\/radioestacion.com.py\/#\/schema\/logo\/image\/\",\"url\":\"https:\/\/radioestacion.com.py\/wp-content\/uploads\/2025\/07\/cropped-logo-1.png\",\"contentUrl\":\"https:\/\/radioestacion.com.py\/wp-content\/uploads\/2025\/07\/cropped-logo-1.png\",\"width\":512,\"height\":512,\"caption\":\"Radio Estaci\u00f3n 92.9\"},\"image\":{\"@id\":\"https:\/\/radioestacion.com.py\/#\/schema\/logo\/image\/\"},\"sameAs\":[\"https:\/\/www.facebook.com\/profile.php?id=61578076966227\"]},{\"@type\":\"Person\",\"@id\":\"https:\/\/radioestacion.com.py\/#\/schema\/person\/a4020e85409009300bd9898994b03a3f\",\"name\":\"Red Multimedios\",\"image\":{\"@type\":\"ImageObject\",\"inLanguage\":\"es\",\"@id\":\"https:\/\/radioestacion.com.py\/#\/schema\/person\/image\/\",\"url\":\"https:\/\/secure.gravatar.com\/avatar\/992b8061e4c1e7683a64e011a7972e7a58ee464d2afcc56539cf6454481292c7?s=96&d=mm&r=g\",\"contentUrl\":\"https:\/\/secure.gravatar.com\/avatar\/992b8061e4c1e7683a64e011a7972e7a58ee464d2afcc56539cf6454481292c7?s=96&d=mm&r=g\",\"caption\":\"Red Multimedios\"},\"url\":\"https:\/\/radioestacion.com.py\/index.php\/author\/red-multimedios\/\"}]}<\/script>\n<!-- \/ Yoast SEO plugin. -->","yoast_head_json":{"title":"Accidente fatal en Eugenio A. Garay deja un muerto y dos heridos tras vuelco de veh\u00edculo - Radio Estaci\u00f3n - 92.9 Fm Caazap\u00e1 Gral. Eugenio A. Garay - Dpto. Guair\u00e1 Accidente, FATAL, VEHICULO Gral. Eugenio A. Garay - Dpto. Guair\u00e1","description":"Radio Estaci\u00f3n - 92.9 Fm Caazap\u00e1 Gral. Eugenio A. Garay - Dpto. Guair\u00e1 Accidente fatal en Eugenio A. Garay deja un muerto y dos heridos tras vuelco de veh\u00edculo Accidente, FATAL, VEHICULO Gral. Eugenio A. Garay - Dpto. Guair\u00e1","robots":{"index":"index","follow":"follow","max-snippet":"max-snippet:-1","max-image-preview":"max-image-preview:large","max-video-preview":"max-video-preview:-1"},"canonical":"https:\/\/radioestacion.com.py\/index.php\/2026\/04\/27\/accidente-fatal-en-eugenio-a-garay-deja-un-muerto-y-dos-heridos-tras-vuelco-de-vehiculo\/","og_locale":"es_ES","og_type":"article","og_title":"Accidente fatal en Eugenio A. Garay deja un muerto y dos heridos tras vuelco de veh\u00edculo - Radio Estaci\u00f3n - 92.9 Fm Caazap\u00e1 Gral. Eugenio A. Garay - Dpto. Guair\u00e1 Accidente, FATAL, VEHICULO Gral. Eugenio A. Garay - Dpto. Guair\u00e1","og_description":"Radio Estaci\u00f3n - 92.9 Fm Caazap\u00e1 Gral. Eugenio A. Garay - Dpto. Guair\u00e1 Accidente fatal en Eugenio A. Garay deja un muerto y dos heridos tras vuelco de veh\u00edculo Accidente, FATAL, VEHICULO Gral. Eugenio A. Garay - Dpto. Guair\u00e1","og_url":"https:\/\/radioestacion.com.py\/index.php\/2026\/04\/27\/accidente-fatal-en-eugenio-a-garay-deja-un-muerto-y-dos-heridos-tras-vuelco-de-vehiculo\/","og_site_name":"Radio Estaci\u00f3n - 92.9 Fm Caazap\u00e1","article_publisher":"https:\/\/www.facebook.com\/profile.php?id=61578076966227","article_published_time":"2026-04-27T02:56:51+00:00","og_image":[{"width":1024,"height":576,"url":"https:\/\/radioestacion.com.py\/wp-content\/uploads\/2026\/04\/FOTOS-ESTACION-TV-WEBT-1024x576.png","type":"image\/png"}],"author":"Red Multimedios","twitter_card":"summary_large_image","twitter_misc":{"Escrito por":"Red Multimedios","Tiempo de lectura":"2 minutos"},"schema":{"@context":"https:\/\/schema.org","@graph":[{"@type":"Article","@id":"https:\/\/radioestacion.com.py\/index.php\/2026\/04\/27\/accidente-fatal-en-eugenio-a-garay-deja-un-muerto-y-dos-heridos-tras-vuelco-de-vehiculo\/#article","isPartOf":{"@id":"https:\/\/radioestacion.com.py\/index.php\/2026\/04\/27\/accidente-fatal-en-eugenio-a-garay-deja-un-muerto-y-dos-heridos-tras-vuelco-de-vehiculo\/"},"author":{"name":"Red Multimedios","@id":"https:\/\/radioestacion.com.py\/#\/schema\/person\/a4020e85409009300bd9898994b03a3f"},"headline":"Accidente fatal en Eugenio A. Garay deja un muerto y dos heridos tras vuelco de veh\u00edculo","datePublished":"2026-04-27T02:56:51+00:00","mainEntityOfPage":{"@id":"https:\/\/radioestacion.com.py\/index.php\/2026\/04\/27\/accidente-fatal-en-eugenio-a-garay-deja-un-muerto-y-dos-heridos-tras-vuelco-de-vehiculo\/"},"wordCount":241,"commentCount":0,"publisher":{"@id":"https:\/\/radioestacion.com.py\/#organization"},"image":{"@id":"https:\/\/radioestacion.com.py\/index.php\/2026\/04\/27\/accidente-fatal-en-eugenio-a-garay-deja-un-muerto-y-dos-heridos-tras-vuelco-de-vehiculo\/#primaryimage"},"thumbnailUrl":"https:\/\/radioestacion.com.py\/wp-content\/uploads\/2026\/04\/FOTOS-ESTACION-TV-WEBT.png","keywords":["Accidente","FATAL","VEHICULO"],"articleSection":["Gral. Eugenio A. Garay - Dpto. Guair\u00e1"],"inLanguage":"es","potentialAction":[{"@type":"CommentAction","name":"Comment","target":["https:\/\/radioestacion.com.py\/index.php\/2026\/04\/27\/accidente-fatal-en-eugenio-a-garay-deja-un-muerto-y-dos-heridos-tras-vuelco-de-vehiculo\/#respond"]}]},{"@type":"WebPage","@id":"https:\/\/radioestacion.com.py\/index.php\/2026\/04\/27\/accidente-fatal-en-eugenio-a-garay-deja-un-muerto-y-dos-heridos-tras-vuelco-de-vehiculo\/","url":"https:\/\/radioestacion.com.py\/index.php\/2026\/04\/27\/accidente-fatal-en-eugenio-a-garay-deja-un-muerto-y-dos-heridos-tras-vuelco-de-vehiculo\/","name":"Accidente fatal en Eugenio A. Garay deja un muerto y dos heridos tras vuelco de veh\u00edculo - Radio Estaci\u00f3n - 92.9 Fm Caazap\u00e1 Gral. Eugenio A. Garay - Dpto. Guair\u00e1 Accidente, FATAL, VEHICULO Gral. Eugenio A. Garay - Dpto. Guair\u00e1","isPartOf":{"@id":"https:\/\/radioestacion.com.py\/#website"},"primaryImageOfPage":{"@id":"https:\/\/radioestacion.com.py\/index.php\/2026\/04\/27\/accidente-fatal-en-eugenio-a-garay-deja-un-muerto-y-dos-heridos-tras-vuelco-de-vehiculo\/#primaryimage"},"image":{"@id":"https:\/\/radioestacion.com.py\/index.php\/2026\/04\/27\/accidente-fatal-en-eugenio-a-garay-deja-un-muerto-y-dos-heridos-tras-vuelco-de-vehiculo\/#primaryimage"},"thumbnailUrl":"https:\/\/radioestacion.com.py\/wp-content\/uploads\/2026\/04\/FOTOS-ESTACION-TV-WEBT.png","datePublished":"2026-04-27T02:56:51+00:00","description":"Radio Estaci\u00f3n - 92.9 Fm Caazap\u00e1 Gral. Eugenio A. Garay - Dpto. Guair\u00e1 Accidente fatal en Eugenio A. Garay deja un muerto y dos heridos tras vuelco de veh\u00edculo Accidente, FATAL, VEHICULO Gral. Eugenio A. Garay - Dpto. Guair\u00e1","breadcrumb":{"@id":"https:\/\/radioestacion.com.py\/index.php\/2026\/04\/27\/accidente-fatal-en-eugenio-a-garay-deja-un-muerto-y-dos-heridos-tras-vuelco-de-vehiculo\/#breadcrumb"},"inLanguage":"es","potentialAction":[{"@type":"ReadAction","target":["https:\/\/radioestacion.com.py\/index.php\/2026\/04\/27\/accidente-fatal-en-eugenio-a-garay-deja-un-muerto-y-dos-heridos-tras-vuelco-de-vehiculo\/"]}]},{"@type":"ImageObject","inLanguage":"es","@id":"https:\/\/radioestacion.com.py\/index.php\/2026\/04\/27\/accidente-fatal-en-eugenio-a-garay-deja-un-muerto-y-dos-heridos-tras-vuelco-de-vehiculo\/#primaryimage","url":"https:\/\/radioestacion.com.py\/wp-content\/uploads\/2026\/04\/FOTOS-ESTACION-TV-WEBT.png","contentUrl":"https:\/\/radioestacion.com.py\/wp-content\/uploads\/2026\/04\/FOTOS-ESTACION-TV-WEBT.png","width":1920,"height":1080},{"@type":"BreadcrumbList","@id":"https:\/\/radioestacion.com.py\/index.php\/2026\/04\/27\/accidente-fatal-en-eugenio-a-garay-deja-un-muerto-y-dos-heridos-tras-vuelco-de-vehiculo\/#breadcrumb","itemListElement":[{"@type":"ListItem","position":1,"name":"Portada","item":"https:\/\/radioestacion.com.py\/"},{"@type":"ListItem","position":2,"name":"Accidente fatal en Eugenio A. Garay deja un muerto y dos heridos tras vuelco de veh\u00edculo"}]},{"@type":"WebSite","@id":"https:\/\/radioestacion.com.py\/#website","url":"https:\/\/radioestacion.com.py\/","name":"Radio Estaci\u00f3n - 92.9 Fm Caazap\u00e1","description":"Radio Estaci\u00f3n de Caazap\u00e1, 92.9 radio estaci\u00f3n","publisher":{"@id":"https:\/\/radioestacion.com.py\/#organization"},"alternateName":"Radio Estacion de Caazap\u00e1","potentialAction":[{"@type":"SearchAction","target":{"@type":"EntryPoint","urlTemplate":"https:\/\/radioestacion.com.py\/?s={search_term_string}"},"query-input":{"@type":"PropertyValueSpecification","valueRequired":true,"valueName":"search_term_string"}}],"inLanguage":"es"},{"@type":"Organization","@id":"https:\/\/radioestacion.com.py\/#organization","name":"Radio Estaci\u00f3n 92.9","url":"https:\/\/radioestacion.com.py\/","logo":{"@type":"ImageObject","inLanguage":"es","@id":"https:\/\/radioestacion.com.py\/#\/schema\/logo\/image\/","url":"https:\/\/radioestacion.com.py\/wp-content\/uploads\/2025\/07\/cropped-logo-1.png","contentUrl":"https:\/\/radioestacion.com.py\/wp-content\/uploads\/2025\/07\/cropped-logo-1.png","width":512,"height":512,"caption":"Radio Estaci\u00f3n 92.9"},"image":{"@id":"https:\/\/radioestacion.com.py\/#\/schema\/logo\/image\/"},"sameAs":["https:\/\/www.facebook.com\/profile.php?id=61578076966227"]},{"@type":"Person","@id":"https:\/\/radioestacion.com.py\/#\/schema\/person\/a4020e85409009300bd9898994b03a3f","name":"Red Multimedios","image":{"@type":"ImageObject","inLanguage":"es","@id":"https:\/\/radioestacion.com.py\/#\/schema\/person\/image\/","url":"https:\/\/secure.gravatar.com\/avatar\/992b8061e4c1e7683a64e011a7972e7a58ee464d2afcc56539cf6454481292c7?s=96&d=mm&r=g","contentUrl":"https:\/\/secure.gravatar.com\/avatar\/992b8061e4c1e7683a64e011a7972e7a58ee464d2afcc56539cf6454481292c7?s=96&d=mm&r=g","caption":"Red Multimedios"},"url":"https:\/\/radioestacion.com.py\/index.php\/author\/red-multimedios\/"}]}},"_links":{"self":[{"href":"https:\/\/radioestacion.com.py\/index.php\/wp-json\/wp\/v2\/posts\/2601","targetHints":{"allow":["GET"]}}],"collection":[{"href":"https:\/\/radioestacion.com.py\/index.php\/wp-json\/wp\/v2\/posts"}],"about":[{"href":"https:\/\/radioestacion.com.py\/index.php\/wp-json\/wp\/v2\/types\/post"}],"author":[{"embeddable":true,"href":"https:\/\/radioestacion.com.py\/index.php\/wp-json\/wp\/v2\/users\/4"}],"replies":[{"embeddable":true,"href":"https:\/\/radioestacion.com.py\/index.php\/wp-json\/wp\/v2\/comments?post=2601"}],"version-history":[{"count":1,"href":"https:\/\/radioestacion.com.py\/index.php\/wp-json\/wp\/v2\/posts\/2601\/revisions"}],"predecessor-version":[{"id":2603,"href":"https:\/\/radioestacion.com.py\/index.php\/wp-json\/wp\/v2\/posts\/2601\/revisions\/2603"}],"wp:featuredmedia":[{"embeddable":true,"href":"https:\/\/radioestacion.com.py\/index.php\/wp-json\/wp\/v2\/media\/2602"}],"wp:attachment":[{"href":"https:\/\/radioestacion.com.py\/index.php\/wp-json\/wp\/v2\/media?parent=2601"}],"wp:term":[{"taxonomy":"category","embeddable":true,"href":"https:\/\/radioestacion.com.py\/index.php\/wp-json\/wp\/v2\/categories?post=2601"},{"taxonomy":"post_tag","embeddable":true,"href":"https:\/\/radioestacion.com.py\/index.php\/wp-json\/wp\/v2\/tags?post=2601"},{"taxonomy":"post_badge","embeddable":true,"href":"https:\/\/radioestacion.com.py\/index.php\/wp-json\/wp\/v2\/post_badge?post=2601"}],"curies":[{"name":"wp","href":"https:\/\/api.w.org\/{rel}","templated":true}]}}