{"id":2613,"date":"2026-04-28T00:26:11","date_gmt":"2026-04-28T00:26:11","guid":{"rendered":"https:\/\/radioestacion.com.py\/?p=2613"},"modified":"2026-04-28T00:26:12","modified_gmt":"2026-04-28T00:26:12","slug":"posponen-juicio-por-el-caso-maria-fernanda-tras-incidentes-presentados-por-la-defensa","status":"publish","type":"post","link":"https:\/\/radioestacion.com.py\/index.php\/2026\/04\/28\/posponen-juicio-por-el-caso-maria-fernanda-tras-incidentes-presentados-por-la-defensa\/","title":{"rendered":"Posponen juicio por el caso Mar\u00eda Fernanda tras incidentes presentados por la defensa"},"content":{"rendered":"\n<h3 class=\"wp-block-heading\"><strong>La presentaci\u00f3n de varios incidentes por parte de defensores de algunos acusados hizo que el Tribunal de Sentencia pospusiera el inicio del juicio oral y p\u00fablico en el\u00a0caso Mar\u00eda Fernanda Ben\u00edtez,\u00a0la adolescente v\u00edctima de un crimen brutal en\u00a0Coronel Oviedo\u00a0en el mes de mayo del a\u00f1o pasado.<\/strong><\/h3>\n\n\n\n<p>Este lunes estaba marcado el inicio del juzgamiento de cinco acusados mayores de edad, que son los padres del supuesto criminal, el suegro de \u00e9l, una amiga que surge como c\u00f3mplice y un farmac\u00e9utico que habr\u00eda colaborado proveyendo medicamentos abortivos prohibidos.<\/p>\n\n\n\n<p>El incidente mayor fue la ausencia justificada de la abogada Tatiana Duarte, defensora t\u00e9cnica de la acusada Kiara Micaela Rol\u00f3n Melgarejo, amiga del presunto autor.<\/p>\n\n\n\n<p>La profesional adujo encontrarse en un estado de estr\u00e9s agudo, lo que dificult\u00f3 su presencia en la convocatoria para el inicio del juicio oral y p\u00fablico.<\/p>\n\n\n\n<p>El Tribunal de Sentencia, presidido por el magistrado Luis Ovelar e integrado por V\u00edctor Vera Valloud y Andrea Riquelme, fij\u00f3 como pr\u00f3xima fecha de convocatoria el lunes 18 de mayo.<\/p>\n\n\n\n<p>Los cinco acusados mayores de edad son los padres del adolescente sospechoso de la muerte de Mar\u00eda Fernanda, el suegro del adolescente, Kiara Micaela Rol\u00f3n Melgarejo y Franco Acosta, due\u00f1o de una farmacia.<\/p>\n\n\n\n<p>Estas personas cuentan con la defensa de conocidos profesionales del foro.<\/p>\n\n\n\n<p>La acusaci\u00f3n est\u00e1 a cargo de los fiscales Ferm\u00edn Segovia y Noelia Montan\u00eda, ambos de Coronel Oviedo. Los representantes del Ministerio P\u00fablico aseguraron contar con elementos comprometedores que servir\u00e1n para la obtenci\u00f3n de condenas de los cinco procesados.<\/p>\n","protected":false},"excerpt":{"rendered":"<p>La presentaci\u00f3n de varios incidentes por parte de defensores de algunos acusados hizo que el Tribunal de Sentencia<\/p>\n","protected":false},"author":4,"featured_media":2614,"comment_status":"open","ping_status":"open","sticky":false,"template":"","format":"standard","meta":{"footnotes":""},"categories":[654],"tags":[656,470,655],"post_badge":[],"class_list":["post-2613","post","type-post","status-publish","format-standard","has-post-thumbnail","hentry","category-coronel-oviedo","tag-defensa","tag-incidentes","tag-juicio"],"yoast_head":"<!-- This site is optimized with the Yoast SEO plugin v26.9 - https:\/\/yoast.com\/product\/yoast-seo-wordpress\/ -->\n<title>Posponen juicio por el caso Mar\u00eda Fernanda tras incidentes presentados por la defensa - Radio Estaci\u00f3n - 92.9 Fm Caazap\u00e1 Coronel Oviedo DEFENSA, INCIDENTES, JUICIO Coronel Oviedo<\/title>\n<meta name=\"description\" content=\"Radio Estaci\u00f3n - 92.9 Fm Caazap\u00e1 Coronel Oviedo Posponen juicio por el caso Mar\u00eda Fernanda tras incidentes presentados por la defensa DEFENSA, INCIDENTES, JUICIO Coronel Oviedo\" \/>\n<meta name=\"robots\" content=\"index, follow, max-snippet:-1, max-image-preview:large, max-video-preview:-1\" \/>\n<link rel=\"canonical\" href=\"https:\/\/radioestacion.com.py\/index.php\/2026\/04\/28\/posponen-juicio-por-el-caso-maria-fernanda-tras-incidentes-presentados-por-la-defensa\/\" \/>\n<meta property=\"og:locale\" content=\"es_ES\" \/>\n<meta property=\"og:type\" content=\"article\" \/>\n<meta property=\"og:title\" content=\"Posponen juicio por el caso Mar\u00eda Fernanda tras incidentes presentados por la defensa - Radio Estaci\u00f3n - 92.9 Fm Caazap\u00e1 Coronel Oviedo DEFENSA, INCIDENTES, JUICIO Coronel Oviedo\" \/>\n<meta property=\"og:description\" content=\"Radio Estaci\u00f3n - 92.9 Fm Caazap\u00e1 Coronel Oviedo Posponen juicio por el caso Mar\u00eda Fernanda tras incidentes presentados por la defensa DEFENSA, INCIDENTES, JUICIO Coronel Oviedo\" \/>\n<meta property=\"og:url\" content=\"https:\/\/radioestacion.com.py\/index.php\/2026\/04\/28\/posponen-juicio-por-el-caso-maria-fernanda-tras-incidentes-presentados-por-la-defensa\/\" \/>\n<meta property=\"og:site_name\" content=\"Radio Estaci\u00f3n - 92.9 Fm Caazap\u00e1\" \/>\n<meta property=\"article:publisher\" content=\"https:\/\/www.facebook.com\/profile.php?id=61578076966227\" \/>\n<meta property=\"article:published_time\" content=\"2026-04-28T00:26:11+00:00\" \/>\n<meta property=\"article:modified_time\" content=\"2026-04-28T00:26:12+00:00\" \/>\n<meta property=\"og:image\" content=\"https:\/\/radioestacion.com.py\/wp-content\/uploads\/2026\/04\/descarga-6.webp\" \/>\n\t<meta property=\"og:image:width\" content=\"1000\" \/>\n\t<meta property=\"og:image:height\" content=\"563\" \/>\n\t<meta property=\"og:image:type\" content=\"image\/webp\" \/>\n<meta name=\"author\" content=\"Red Multimedios\" \/>\n<meta name=\"twitter:card\" content=\"summary_large_image\" \/>\n<meta name=\"twitter:label1\" content=\"Escrito por\" \/>\n\t<meta name=\"twitter:data1\" content=\"Red Multimedios\" \/>\n\t<meta name=\"twitter:label2\" content=\"Tiempo de lectura\" \/>\n\t<meta name=\"twitter:data2\" content=\"2 minutos\" \/>\n<script type=\"application\/ld+json\" class=\"yoast-schema-graph\">{\"@context\":\"https:\/\/schema.org\",\"@graph\":[{\"@type\":\"Article\",\"@id\":\"https:\/\/radioestacion.com.py\/index.php\/2026\/04\/28\/posponen-juicio-por-el-caso-maria-fernanda-tras-incidentes-presentados-por-la-defensa\/#article\",\"isPartOf\":{\"@id\":\"https:\/\/radioestacion.com.py\/index.php\/2026\/04\/28\/posponen-juicio-por-el-caso-maria-fernanda-tras-incidentes-presentados-por-la-defensa\/\"},\"author\":{\"name\":\"Red Multimedios\",\"@id\":\"https:\/\/radioestacion.com.py\/#\/schema\/person\/a4020e85409009300bd9898994b03a3f\"},\"headline\":\"Posponen juicio por el caso Mar\u00eda Fernanda tras incidentes presentados por la defensa\",\"datePublished\":\"2026-04-28T00:26:11+00:00\",\"dateModified\":\"2026-04-28T00:26:12+00:00\",\"mainEntityOfPage\":{\"@id\":\"https:\/\/radioestacion.com.py\/index.php\/2026\/04\/28\/posponen-juicio-por-el-caso-maria-fernanda-tras-incidentes-presentados-por-la-defensa\/\"},\"wordCount\":291,\"commentCount\":0,\"publisher\":{\"@id\":\"https:\/\/radioestacion.com.py\/#organization\"},\"image\":{\"@id\":\"https:\/\/radioestacion.com.py\/index.php\/2026\/04\/28\/posponen-juicio-por-el-caso-maria-fernanda-tras-incidentes-presentados-por-la-defensa\/#primaryimage\"},\"thumbnailUrl\":\"https:\/\/radioestacion.com.py\/wp-content\/uploads\/2026\/04\/descarga-6.webp\",\"keywords\":[\"DEFENSA\",\"INCIDENTES\",\"JUICIO\"],\"articleSection\":[\"Coronel Oviedo\"],\"inLanguage\":\"es\",\"potentialAction\":[{\"@type\":\"CommentAction\",\"name\":\"Comment\",\"target\":[\"https:\/\/radioestacion.com.py\/index.php\/2026\/04\/28\/posponen-juicio-por-el-caso-maria-fernanda-tras-incidentes-presentados-por-la-defensa\/#respond\"]}]},{\"@type\":\"WebPage\",\"@id\":\"https:\/\/radioestacion.com.py\/index.php\/2026\/04\/28\/posponen-juicio-por-el-caso-maria-fernanda-tras-incidentes-presentados-por-la-defensa\/\",\"url\":\"https:\/\/radioestacion.com.py\/index.php\/2026\/04\/28\/posponen-juicio-por-el-caso-maria-fernanda-tras-incidentes-presentados-por-la-defensa\/\",\"name\":\"Posponen juicio por el caso Mar\u00eda Fernanda tras incidentes presentados por la defensa - Radio Estaci\u00f3n - 92.9 Fm Caazap\u00e1 Coronel Oviedo DEFENSA, INCIDENTES, JUICIO Coronel Oviedo\",\"isPartOf\":{\"@id\":\"https:\/\/radioestacion.com.py\/#website\"},\"primaryImageOfPage\":{\"@id\":\"https:\/\/radioestacion.com.py\/index.php\/2026\/04\/28\/posponen-juicio-por-el-caso-maria-fernanda-tras-incidentes-presentados-por-la-defensa\/#primaryimage\"},\"image\":{\"@id\":\"https:\/\/radioestacion.com.py\/index.php\/2026\/04\/28\/posponen-juicio-por-el-caso-maria-fernanda-tras-incidentes-presentados-por-la-defensa\/#primaryimage\"},\"thumbnailUrl\":\"https:\/\/radioestacion.com.py\/wp-content\/uploads\/2026\/04\/descarga-6.webp\",\"datePublished\":\"2026-04-28T00:26:11+00:00\",\"dateModified\":\"2026-04-28T00:26:12+00:00\",\"description\":\"Radio Estaci\u00f3n - 92.9 Fm Caazap\u00e1 Coronel Oviedo Posponen juicio por el caso Mar\u00eda Fernanda tras incidentes presentados por la defensa DEFENSA, INCIDENTES, JUICIO Coronel Oviedo\",\"breadcrumb\":{\"@id\":\"https:\/\/radioestacion.com.py\/index.php\/2026\/04\/28\/posponen-juicio-por-el-caso-maria-fernanda-tras-incidentes-presentados-por-la-defensa\/#breadcrumb\"},\"inLanguage\":\"es\",\"potentialAction\":[{\"@type\":\"ReadAction\",\"target\":[\"https:\/\/radioestacion.com.py\/index.php\/2026\/04\/28\/posponen-juicio-por-el-caso-maria-fernanda-tras-incidentes-presentados-por-la-defensa\/\"]}]},{\"@type\":\"ImageObject\",\"inLanguage\":\"es\",\"@id\":\"https:\/\/radioestacion.com.py\/index.php\/2026\/04\/28\/posponen-juicio-por-el-caso-maria-fernanda-tras-incidentes-presentados-por-la-defensa\/#primaryimage\",\"url\":\"https:\/\/radioestacion.com.py\/wp-content\/uploads\/2026\/04\/descarga-6.webp\",\"contentUrl\":\"https:\/\/radioestacion.com.py\/wp-content\/uploads\/2026\/04\/descarga-6.webp\",\"width\":1000,\"height\":563,\"caption\":\"El cuerpo de Mar\u00eda Fernanda fue encontrado en un patio bald\u00edo semicalcinado.Foto: Redes sociales\"},{\"@type\":\"BreadcrumbList\",\"@id\":\"https:\/\/radioestacion.com.py\/index.php\/2026\/04\/28\/posponen-juicio-por-el-caso-maria-fernanda-tras-incidentes-presentados-por-la-defensa\/#breadcrumb\",\"itemListElement\":[{\"@type\":\"ListItem\",\"position\":1,\"name\":\"Portada\",\"item\":\"https:\/\/radioestacion.com.py\/\"},{\"@type\":\"ListItem\",\"position\":2,\"name\":\"Posponen juicio por el caso Mar\u00eda Fernanda tras incidentes presentados por la defensa\"}]},{\"@type\":\"WebSite\",\"@id\":\"https:\/\/radioestacion.com.py\/#website\",\"url\":\"https:\/\/radioestacion.com.py\/\",\"name\":\"Radio Estaci\u00f3n - 92.9 Fm Caazap\u00e1\",\"description\":\"Radio Estaci\u00f3n de Caazap\u00e1, 92.9 radio estaci\u00f3n\",\"publisher\":{\"@id\":\"https:\/\/radioestacion.com.py\/#organization\"},\"alternateName\":\"Radio Estacion de Caazap\u00e1\",\"potentialAction\":[{\"@type\":\"SearchAction\",\"target\":{\"@type\":\"EntryPoint\",\"urlTemplate\":\"https:\/\/radioestacion.com.py\/?s={search_term_string}\"},\"query-input\":{\"@type\":\"PropertyValueSpecification\",\"valueRequired\":true,\"valueName\":\"search_term_string\"}}],\"inLanguage\":\"es\"},{\"@type\":\"Organization\",\"@id\":\"https:\/\/radioestacion.com.py\/#organization\",\"name\":\"Radio Estaci\u00f3n 92.9\",\"url\":\"https:\/\/radioestacion.com.py\/\",\"logo\":{\"@type\":\"ImageObject\",\"inLanguage\":\"es\",\"@id\":\"https:\/\/radioestacion.com.py\/#\/schema\/logo\/image\/\",\"url\":\"https:\/\/radioestacion.com.py\/wp-content\/uploads\/2025\/07\/cropped-logo-1.png\",\"contentUrl\":\"https:\/\/radioestacion.com.py\/wp-content\/uploads\/2025\/07\/cropped-logo-1.png\",\"width\":512,\"height\":512,\"caption\":\"Radio Estaci\u00f3n 92.9\"},\"image\":{\"@id\":\"https:\/\/radioestacion.com.py\/#\/schema\/logo\/image\/\"},\"sameAs\":[\"https:\/\/www.facebook.com\/profile.php?id=61578076966227\"]},{\"@type\":\"Person\",\"@id\":\"https:\/\/radioestacion.com.py\/#\/schema\/person\/a4020e85409009300bd9898994b03a3f\",\"name\":\"Red Multimedios\",\"image\":{\"@type\":\"ImageObject\",\"inLanguage\":\"es\",\"@id\":\"https:\/\/radioestacion.com.py\/#\/schema\/person\/image\/\",\"url\":\"https:\/\/secure.gravatar.com\/avatar\/992b8061e4c1e7683a64e011a7972e7a58ee464d2afcc56539cf6454481292c7?s=96&d=mm&r=g\",\"contentUrl\":\"https:\/\/secure.gravatar.com\/avatar\/992b8061e4c1e7683a64e011a7972e7a58ee464d2afcc56539cf6454481292c7?s=96&d=mm&r=g\",\"caption\":\"Red Multimedios\"},\"url\":\"https:\/\/radioestacion.com.py\/index.php\/author\/red-multimedios\/\"}]}<\/script>\n<!-- \/ Yoast SEO plugin. -->","yoast_head_json":{"title":"Posponen juicio por el caso Mar\u00eda Fernanda tras incidentes presentados por la defensa - Radio Estaci\u00f3n - 92.9 Fm Caazap\u00e1 Coronel Oviedo DEFENSA, INCIDENTES, JUICIO Coronel Oviedo","description":"Radio Estaci\u00f3n - 92.9 Fm Caazap\u00e1 Coronel Oviedo Posponen juicio por el caso Mar\u00eda Fernanda tras incidentes presentados por la defensa DEFENSA, INCIDENTES, JUICIO Coronel Oviedo","robots":{"index":"index","follow":"follow","max-snippet":"max-snippet:-1","max-image-preview":"max-image-preview:large","max-video-preview":"max-video-preview:-1"},"canonical":"https:\/\/radioestacion.com.py\/index.php\/2026\/04\/28\/posponen-juicio-por-el-caso-maria-fernanda-tras-incidentes-presentados-por-la-defensa\/","og_locale":"es_ES","og_type":"article","og_title":"Posponen juicio por el caso Mar\u00eda Fernanda tras incidentes presentados por la defensa - Radio Estaci\u00f3n - 92.9 Fm Caazap\u00e1 Coronel Oviedo DEFENSA, INCIDENTES, JUICIO Coronel Oviedo","og_description":"Radio Estaci\u00f3n - 92.9 Fm Caazap\u00e1 Coronel Oviedo Posponen juicio por el caso Mar\u00eda Fernanda tras incidentes presentados por la defensa DEFENSA, INCIDENTES, JUICIO Coronel Oviedo","og_url":"https:\/\/radioestacion.com.py\/index.php\/2026\/04\/28\/posponen-juicio-por-el-caso-maria-fernanda-tras-incidentes-presentados-por-la-defensa\/","og_site_name":"Radio Estaci\u00f3n - 92.9 Fm Caazap\u00e1","article_publisher":"https:\/\/www.facebook.com\/profile.php?id=61578076966227","article_published_time":"2026-04-28T00:26:11+00:00","article_modified_time":"2026-04-28T00:26:12+00:00","og_image":[{"width":1000,"height":563,"url":"https:\/\/radioestacion.com.py\/wp-content\/uploads\/2026\/04\/descarga-6.webp","type":"image\/webp"}],"author":"Red Multimedios","twitter_card":"summary_large_image","twitter_misc":{"Escrito por":"Red Multimedios","Tiempo de lectura":"2 minutos"},"schema":{"@context":"https:\/\/schema.org","@graph":[{"@type":"Article","@id":"https:\/\/radioestacion.com.py\/index.php\/2026\/04\/28\/posponen-juicio-por-el-caso-maria-fernanda-tras-incidentes-presentados-por-la-defensa\/#article","isPartOf":{"@id":"https:\/\/radioestacion.com.py\/index.php\/2026\/04\/28\/posponen-juicio-por-el-caso-maria-fernanda-tras-incidentes-presentados-por-la-defensa\/"},"author":{"name":"Red Multimedios","@id":"https:\/\/radioestacion.com.py\/#\/schema\/person\/a4020e85409009300bd9898994b03a3f"},"headline":"Posponen juicio por el caso Mar\u00eda Fernanda tras incidentes presentados por la defensa","datePublished":"2026-04-28T00:26:11+00:00","dateModified":"2026-04-28T00:26:12+00:00","mainEntityOfPage":{"@id":"https:\/\/radioestacion.com.py\/index.php\/2026\/04\/28\/posponen-juicio-por-el-caso-maria-fernanda-tras-incidentes-presentados-por-la-defensa\/"},"wordCount":291,"commentCount":0,"publisher":{"@id":"https:\/\/radioestacion.com.py\/#organization"},"image":{"@id":"https:\/\/radioestacion.com.py\/index.php\/2026\/04\/28\/posponen-juicio-por-el-caso-maria-fernanda-tras-incidentes-presentados-por-la-defensa\/#primaryimage"},"thumbnailUrl":"https:\/\/radioestacion.com.py\/wp-content\/uploads\/2026\/04\/descarga-6.webp","keywords":["DEFENSA","INCIDENTES","JUICIO"],"articleSection":["Coronel Oviedo"],"inLanguage":"es","potentialAction":[{"@type":"CommentAction","name":"Comment","target":["https:\/\/radioestacion.com.py\/index.php\/2026\/04\/28\/posponen-juicio-por-el-caso-maria-fernanda-tras-incidentes-presentados-por-la-defensa\/#respond"]}]},{"@type":"WebPage","@id":"https:\/\/radioestacion.com.py\/index.php\/2026\/04\/28\/posponen-juicio-por-el-caso-maria-fernanda-tras-incidentes-presentados-por-la-defensa\/","url":"https:\/\/radioestacion.com.py\/index.php\/2026\/04\/28\/posponen-juicio-por-el-caso-maria-fernanda-tras-incidentes-presentados-por-la-defensa\/","name":"Posponen juicio por el caso Mar\u00eda Fernanda tras incidentes presentados por la defensa - Radio Estaci\u00f3n - 92.9 Fm Caazap\u00e1 Coronel Oviedo DEFENSA, INCIDENTES, JUICIO Coronel Oviedo","isPartOf":{"@id":"https:\/\/radioestacion.com.py\/#website"},"primaryImageOfPage":{"@id":"https:\/\/radioestacion.com.py\/index.php\/2026\/04\/28\/posponen-juicio-por-el-caso-maria-fernanda-tras-incidentes-presentados-por-la-defensa\/#primaryimage"},"image":{"@id":"https:\/\/radioestacion.com.py\/index.php\/2026\/04\/28\/posponen-juicio-por-el-caso-maria-fernanda-tras-incidentes-presentados-por-la-defensa\/#primaryimage"},"thumbnailUrl":"https:\/\/radioestacion.com.py\/wp-content\/uploads\/2026\/04\/descarga-6.webp","datePublished":"2026-04-28T00:26:11+00:00","dateModified":"2026-04-28T00:26:12+00:00","description":"Radio Estaci\u00f3n - 92.9 Fm Caazap\u00e1 Coronel Oviedo Posponen juicio por el caso Mar\u00eda Fernanda tras incidentes presentados por la defensa DEFENSA, INCIDENTES, JUICIO Coronel Oviedo","breadcrumb":{"@id":"https:\/\/radioestacion.com.py\/index.php\/2026\/04\/28\/posponen-juicio-por-el-caso-maria-fernanda-tras-incidentes-presentados-por-la-defensa\/#breadcrumb"},"inLanguage":"es","potentialAction":[{"@type":"ReadAction","target":["https:\/\/radioestacion.com.py\/index.php\/2026\/04\/28\/posponen-juicio-por-el-caso-maria-fernanda-tras-incidentes-presentados-por-la-defensa\/"]}]},{"@type":"ImageObject","inLanguage":"es","@id":"https:\/\/radioestacion.com.py\/index.php\/2026\/04\/28\/posponen-juicio-por-el-caso-maria-fernanda-tras-incidentes-presentados-por-la-defensa\/#primaryimage","url":"https:\/\/radioestacion.com.py\/wp-content\/uploads\/2026\/04\/descarga-6.webp","contentUrl":"https:\/\/radioestacion.com.py\/wp-content\/uploads\/2026\/04\/descarga-6.webp","width":1000,"height":563,"caption":"El cuerpo de Mar\u00eda Fernanda fue encontrado en un patio bald\u00edo semicalcinado.Foto: Redes sociales"},{"@type":"BreadcrumbList","@id":"https:\/\/radioestacion.com.py\/index.php\/2026\/04\/28\/posponen-juicio-por-el-caso-maria-fernanda-tras-incidentes-presentados-por-la-defensa\/#breadcrumb","itemListElement":[{"@type":"ListItem","position":1,"name":"Portada","item":"https:\/\/radioestacion.com.py\/"},{"@type":"ListItem","position":2,"name":"Posponen juicio por el caso Mar\u00eda Fernanda tras incidentes presentados por la defensa"}]},{"@type":"WebSite","@id":"https:\/\/radioestacion.com.py\/#website","url":"https:\/\/radioestacion.com.py\/","name":"Radio Estaci\u00f3n - 92.9 Fm Caazap\u00e1","description":"Radio Estaci\u00f3n de Caazap\u00e1, 92.9 radio estaci\u00f3n","publisher":{"@id":"https:\/\/radioestacion.com.py\/#organization"},"alternateName":"Radio Estacion de Caazap\u00e1","potentialAction":[{"@type":"SearchAction","target":{"@type":"EntryPoint","urlTemplate":"https:\/\/radioestacion.com.py\/?s={search_term_string}"},"query-input":{"@type":"PropertyValueSpecification","valueRequired":true,"valueName":"search_term_string"}}],"inLanguage":"es"},{"@type":"Organization","@id":"https:\/\/radioestacion.com.py\/#organization","name":"Radio Estaci\u00f3n 92.9","url":"https:\/\/radioestacion.com.py\/","logo":{"@type":"ImageObject","inLanguage":"es","@id":"https:\/\/radioestacion.com.py\/#\/schema\/logo\/image\/","url":"https:\/\/radioestacion.com.py\/wp-content\/uploads\/2025\/07\/cropped-logo-1.png","contentUrl":"https:\/\/radioestacion.com.py\/wp-content\/uploads\/2025\/07\/cropped-logo-1.png","width":512,"height":512,"caption":"Radio Estaci\u00f3n 92.9"},"image":{"@id":"https:\/\/radioestacion.com.py\/#\/schema\/logo\/image\/"},"sameAs":["https:\/\/www.facebook.com\/profile.php?id=61578076966227"]},{"@type":"Person","@id":"https:\/\/radioestacion.com.py\/#\/schema\/person\/a4020e85409009300bd9898994b03a3f","name":"Red Multimedios","image":{"@type":"ImageObject","inLanguage":"es","@id":"https:\/\/radioestacion.com.py\/#\/schema\/person\/image\/","url":"https:\/\/secure.gravatar.com\/avatar\/992b8061e4c1e7683a64e011a7972e7a58ee464d2afcc56539cf6454481292c7?s=96&d=mm&r=g","contentUrl":"https:\/\/secure.gravatar.com\/avatar\/992b8061e4c1e7683a64e011a7972e7a58ee464d2afcc56539cf6454481292c7?s=96&d=mm&r=g","caption":"Red Multimedios"},"url":"https:\/\/radioestacion.com.py\/index.php\/author\/red-multimedios\/"}]}},"_links":{"self":[{"href":"https:\/\/radioestacion.com.py\/index.php\/wp-json\/wp\/v2\/posts\/2613","targetHints":{"allow":["GET"]}}],"collection":[{"href":"https:\/\/radioestacion.com.py\/index.php\/wp-json\/wp\/v2\/posts"}],"about":[{"href":"https:\/\/radioestacion.com.py\/index.php\/wp-json\/wp\/v2\/types\/post"}],"author":[{"embeddable":true,"href":"https:\/\/radioestacion.com.py\/index.php\/wp-json\/wp\/v2\/users\/4"}],"replies":[{"embeddable":true,"href":"https:\/\/radioestacion.com.py\/index.php\/wp-json\/wp\/v2\/comments?post=2613"}],"version-history":[{"count":1,"href":"https:\/\/radioestacion.com.py\/index.php\/wp-json\/wp\/v2\/posts\/2613\/revisions"}],"predecessor-version":[{"id":2615,"href":"https:\/\/radioestacion.com.py\/index.php\/wp-json\/wp\/v2\/posts\/2613\/revisions\/2615"}],"wp:featuredmedia":[{"embeddable":true,"href":"https:\/\/radioestacion.com.py\/index.php\/wp-json\/wp\/v2\/media\/2614"}],"wp:attachment":[{"href":"https:\/\/radioestacion.com.py\/index.php\/wp-json\/wp\/v2\/media?parent=2613"}],"wp:term":[{"taxonomy":"category","embeddable":true,"href":"https:\/\/radioestacion.com.py\/index.php\/wp-json\/wp\/v2\/categories?post=2613"},{"taxonomy":"post_tag","embeddable":true,"href":"https:\/\/radioestacion.com.py\/index.php\/wp-json\/wp\/v2\/tags?post=2613"},{"taxonomy":"post_badge","embeddable":true,"href":"https:\/\/radioestacion.com.py\/index.php\/wp-json\/wp\/v2\/post_badge?post=2613"}],"curies":[{"name":"wp","href":"https:\/\/api.w.org\/{rel}","templated":true}]}}