{"id":2619,"date":"2026-04-28T00:25:47","date_gmt":"2026-04-28T00:25:47","guid":{"rendered":"https:\/\/radioestacion.com.py\/?p=2619"},"modified":"2026-04-28T00:25:48","modified_gmt":"2026-04-28T00:25:48","slug":"dengue-salud-pide-extremar-cuidado-tras-confirmarse-dos-casos-de-den-3","status":"publish","type":"post","link":"https:\/\/radioestacion.com.py\/index.php\/2026\/04\/28\/dengue-salud-pide-extremar-cuidado-tras-confirmarse-dos-casos-de-den-3\/","title":{"rendered":"Dengue: Salud pide extremar cuidado tras confirmarse dos casos de DEN-3"},"content":{"rendered":"\n<h3 class=\"wp-block-heading\"><strong>El DENV-3 reaparece en el pa\u00eds luego de varios meses de no registrarse un solo caso de este serotipo de dengue, por lo que, las autoridades sanitarias est\u00e1n en alerta ante un posible brote masivo en temporada de oto\u00f1o-invierno.<\/strong><\/h3>\n\n\n\n<p>La Dra. Andrea Ojeda, directora de Vigilancia de la Salud, confirm\u00f3 que&nbsp;<strong>existen dos casos del serotipo en personas que llegaron recientemente del extranjero<\/strong>, uno de ellos, de Brasil.<\/p>\n\n\n\n<p>Seg\u00fan expres\u00f3 en conversaci\u00f3n con la radio 780 AM, si bien no es el m\u00e1s peligroso de los serotipos de la enfermedad, ocurre que<strong>&nbsp;no tuvo predominio en el pa\u00eds, entonces las personas son m\u00e1s susceptibles.<\/strong><\/p>\n\n\n\n<p>La preocupaci\u00f3n para la cartera sanitaria est\u00e1 en<strong>&nbsp;las \u00faltimas lluvias que se fueron registrando en el pa\u00eds, y que favorecen a la proliferaci\u00f3n de mosquitos.<\/strong><\/p>\n\n\n\n<p>\u201cTeniendo en cuenta que en este momento estamos con el fen\u00f3meno de El Ni\u00f1o, estos cambios clim\u00e1ticos,&nbsp;<strong>las lluvias frecuentes, son el caldo perfecto para los mosquitos\u201d<\/strong>, expres\u00f3 la doctora Ojeda.<\/p>\n\n\n\n<p>En ese sentido, recomend\u00f3 extremar cuidados, eliminar criaderos de mosquitos como&nbsp;<strong>neum\u00e1ticos usados, aparatos dom\u00e9sticos descartables, cubetas, latas y botellas.<\/strong><\/p>\n\n\n\n<p>La directora de Vigilancia insisti\u00f3 en la<strong>&nbsp;importancia de la vacunaci\u00f3n contra del dengue<\/strong>, que ayuda a prevenir complicaciones de la enfermedad en caso de contraer.<\/p>\n","protected":false},"excerpt":{"rendered":"<p>El DENV-3 reaparece en el pa\u00eds luego de varios meses de no registrarse un solo caso de este<\/p>\n","protected":false},"author":4,"featured_media":2620,"comment_status":"open","ping_status":"open","sticky":false,"template":"","format":"standard","meta":{"footnotes":""},"categories":[42],"tags":[661,662,255],"post_badge":[],"class_list":["post-2619","post","type-post","status-publish","format-standard","has-post-thumbnail","hentry","category-nacionales","tag-casos","tag-dengue-2","tag-salud-2"],"yoast_head":"<!-- This site is optimized with the Yoast SEO plugin v26.9 - https:\/\/yoast.com\/product\/yoast-seo-wordpress\/ -->\n<title>Dengue: Salud pide extremar cuidado tras confirmarse dos casos de DEN-3 - Radio Estaci\u00f3n - 92.9 Fm Caazap\u00e1 Nacionales CASOS, DENGUE, SALUD Nacionales<\/title>\n<meta name=\"description\" content=\"Radio Estaci\u00f3n - 92.9 Fm Caazap\u00e1 Nacionales Dengue: Salud pide extremar cuidado tras confirmarse dos casos de DEN-3 CASOS, DENGUE, SALUD Nacionales\" \/>\n<meta name=\"robots\" content=\"index, follow, max-snippet:-1, max-image-preview:large, max-video-preview:-1\" \/>\n<link rel=\"canonical\" href=\"https:\/\/radioestacion.com.py\/index.php\/2026\/04\/28\/dengue-salud-pide-extremar-cuidado-tras-confirmarse-dos-casos-de-den-3\/\" \/>\n<meta property=\"og:locale\" content=\"es_ES\" \/>\n<meta property=\"og:type\" content=\"article\" \/>\n<meta property=\"og:title\" content=\"Dengue: Salud pide extremar cuidado tras confirmarse dos casos de DEN-3 - Radio Estaci\u00f3n - 92.9 Fm Caazap\u00e1 Nacionales CASOS, DENGUE, SALUD Nacionales\" \/>\n<meta property=\"og:description\" content=\"Radio Estaci\u00f3n - 92.9 Fm Caazap\u00e1 Nacionales Dengue: Salud pide extremar cuidado tras confirmarse dos casos de DEN-3 CASOS, DENGUE, SALUD Nacionales\" \/>\n<meta property=\"og:url\" content=\"https:\/\/radioestacion.com.py\/index.php\/2026\/04\/28\/dengue-salud-pide-extremar-cuidado-tras-confirmarse-dos-casos-de-den-3\/\" \/>\n<meta property=\"og:site_name\" content=\"Radio Estaci\u00f3n - 92.9 Fm Caazap\u00e1\" \/>\n<meta property=\"article:publisher\" content=\"https:\/\/www.facebook.com\/profile.php?id=61578076966227\" \/>\n<meta property=\"article:published_time\" content=\"2026-04-28T00:25:47+00:00\" \/>\n<meta property=\"article:modified_time\" content=\"2026-04-28T00:25:48+00:00\" \/>\n<meta property=\"og:image\" content=\"https:\/\/radioestacion.com.py\/wp-content\/uploads\/2026\/04\/ET5HLJSXDJGYROJTERPOWNXC4Q.png\" \/>\n\t<meta property=\"og:image:width\" content=\"760\" \/>\n\t<meta property=\"og:image:height\" content=\"420\" \/>\n\t<meta property=\"og:image:type\" content=\"image\/png\" \/>\n<meta name=\"author\" content=\"Red Multimedios\" \/>\n<meta name=\"twitter:card\" content=\"summary_large_image\" \/>\n<meta name=\"twitter:label1\" content=\"Escrito por\" \/>\n\t<meta name=\"twitter:data1\" content=\"Red Multimedios\" \/>\n\t<meta name=\"twitter:label2\" content=\"Tiempo de lectura\" \/>\n\t<meta name=\"twitter:data2\" content=\"2 minutos\" \/>\n<script type=\"application\/ld+json\" class=\"yoast-schema-graph\">{\"@context\":\"https:\/\/schema.org\",\"@graph\":[{\"@type\":\"Article\",\"@id\":\"https:\/\/radioestacion.com.py\/index.php\/2026\/04\/28\/dengue-salud-pide-extremar-cuidado-tras-confirmarse-dos-casos-de-den-3\/#article\",\"isPartOf\":{\"@id\":\"https:\/\/radioestacion.com.py\/index.php\/2026\/04\/28\/dengue-salud-pide-extremar-cuidado-tras-confirmarse-dos-casos-de-den-3\/\"},\"author\":{\"name\":\"Red Multimedios\",\"@id\":\"https:\/\/radioestacion.com.py\/#\/schema\/person\/a4020e85409009300bd9898994b03a3f\"},\"headline\":\"Dengue: Salud pide extremar cuidado tras confirmarse dos casos de DEN-3\",\"datePublished\":\"2026-04-28T00:25:47+00:00\",\"dateModified\":\"2026-04-28T00:25:48+00:00\",\"mainEntityOfPage\":{\"@id\":\"https:\/\/radioestacion.com.py\/index.php\/2026\/04\/28\/dengue-salud-pide-extremar-cuidado-tras-confirmarse-dos-casos-de-den-3\/\"},\"wordCount\":240,\"commentCount\":0,\"publisher\":{\"@id\":\"https:\/\/radioestacion.com.py\/#organization\"},\"image\":{\"@id\":\"https:\/\/radioestacion.com.py\/index.php\/2026\/04\/28\/dengue-salud-pide-extremar-cuidado-tras-confirmarse-dos-casos-de-den-3\/#primaryimage\"},\"thumbnailUrl\":\"https:\/\/radioestacion.com.py\/wp-content\/uploads\/2026\/04\/ET5HLJSXDJGYROJTERPOWNXC4Q.png\",\"keywords\":[\"CASOS\",\"DENGUE\",\"SALUD\"],\"articleSection\":[\"Nacionales\"],\"inLanguage\":\"es\",\"potentialAction\":[{\"@type\":\"CommentAction\",\"name\":\"Comment\",\"target\":[\"https:\/\/radioestacion.com.py\/index.php\/2026\/04\/28\/dengue-salud-pide-extremar-cuidado-tras-confirmarse-dos-casos-de-den-3\/#respond\"]}]},{\"@type\":\"WebPage\",\"@id\":\"https:\/\/radioestacion.com.py\/index.php\/2026\/04\/28\/dengue-salud-pide-extremar-cuidado-tras-confirmarse-dos-casos-de-den-3\/\",\"url\":\"https:\/\/radioestacion.com.py\/index.php\/2026\/04\/28\/dengue-salud-pide-extremar-cuidado-tras-confirmarse-dos-casos-de-den-3\/\",\"name\":\"Dengue: Salud pide extremar cuidado tras confirmarse dos casos de DEN-3 - Radio Estaci\u00f3n - 92.9 Fm Caazap\u00e1 Nacionales CASOS, DENGUE, SALUD Nacionales\",\"isPartOf\":{\"@id\":\"https:\/\/radioestacion.com.py\/#website\"},\"primaryImageOfPage\":{\"@id\":\"https:\/\/radioestacion.com.py\/index.php\/2026\/04\/28\/dengue-salud-pide-extremar-cuidado-tras-confirmarse-dos-casos-de-den-3\/#primaryimage\"},\"image\":{\"@id\":\"https:\/\/radioestacion.com.py\/index.php\/2026\/04\/28\/dengue-salud-pide-extremar-cuidado-tras-confirmarse-dos-casos-de-den-3\/#primaryimage\"},\"thumbnailUrl\":\"https:\/\/radioestacion.com.py\/wp-content\/uploads\/2026\/04\/ET5HLJSXDJGYROJTERPOWNXC4Q.png\",\"datePublished\":\"2026-04-28T00:25:47+00:00\",\"dateModified\":\"2026-04-28T00:25:48+00:00\",\"description\":\"Radio Estaci\u00f3n - 92.9 Fm Caazap\u00e1 Nacionales Dengue: Salud pide extremar cuidado tras confirmarse dos casos de DEN-3 CASOS, DENGUE, SALUD Nacionales\",\"breadcrumb\":{\"@id\":\"https:\/\/radioestacion.com.py\/index.php\/2026\/04\/28\/dengue-salud-pide-extremar-cuidado-tras-confirmarse-dos-casos-de-den-3\/#breadcrumb\"},\"inLanguage\":\"es\",\"potentialAction\":[{\"@type\":\"ReadAction\",\"target\":[\"https:\/\/radioestacion.com.py\/index.php\/2026\/04\/28\/dengue-salud-pide-extremar-cuidado-tras-confirmarse-dos-casos-de-den-3\/\"]}]},{\"@type\":\"ImageObject\",\"inLanguage\":\"es\",\"@id\":\"https:\/\/radioestacion.com.py\/index.php\/2026\/04\/28\/dengue-salud-pide-extremar-cuidado-tras-confirmarse-dos-casos-de-den-3\/#primaryimage\",\"url\":\"https:\/\/radioestacion.com.py\/wp-content\/uploads\/2026\/04\/ET5HLJSXDJGYROJTERPOWNXC4Q.png\",\"contentUrl\":\"https:\/\/radioestacion.com.py\/wp-content\/uploads\/2026\/04\/ET5HLJSXDJGYROJTERPOWNXC4Q.png\",\"width\":760,\"height\":420,\"caption\":\"Instan en la eliminaci\u00f3n de criaderos de mosquitos. Foto: Ilustrativa.\"},{\"@type\":\"BreadcrumbList\",\"@id\":\"https:\/\/radioestacion.com.py\/index.php\/2026\/04\/28\/dengue-salud-pide-extremar-cuidado-tras-confirmarse-dos-casos-de-den-3\/#breadcrumb\",\"itemListElement\":[{\"@type\":\"ListItem\",\"position\":1,\"name\":\"Portada\",\"item\":\"https:\/\/radioestacion.com.py\/\"},{\"@type\":\"ListItem\",\"position\":2,\"name\":\"Dengue: Salud pide extremar cuidado tras confirmarse dos casos de DEN-3\"}]},{\"@type\":\"WebSite\",\"@id\":\"https:\/\/radioestacion.com.py\/#website\",\"url\":\"https:\/\/radioestacion.com.py\/\",\"name\":\"Radio Estaci\u00f3n - 92.9 Fm Caazap\u00e1\",\"description\":\"Radio Estaci\u00f3n de Caazap\u00e1, 92.9 radio estaci\u00f3n\",\"publisher\":{\"@id\":\"https:\/\/radioestacion.com.py\/#organization\"},\"alternateName\":\"Radio Estacion de Caazap\u00e1\",\"potentialAction\":[{\"@type\":\"SearchAction\",\"target\":{\"@type\":\"EntryPoint\",\"urlTemplate\":\"https:\/\/radioestacion.com.py\/?s={search_term_string}\"},\"query-input\":{\"@type\":\"PropertyValueSpecification\",\"valueRequired\":true,\"valueName\":\"search_term_string\"}}],\"inLanguage\":\"es\"},{\"@type\":\"Organization\",\"@id\":\"https:\/\/radioestacion.com.py\/#organization\",\"name\":\"Radio Estaci\u00f3n 92.9\",\"url\":\"https:\/\/radioestacion.com.py\/\",\"logo\":{\"@type\":\"ImageObject\",\"inLanguage\":\"es\",\"@id\":\"https:\/\/radioestacion.com.py\/#\/schema\/logo\/image\/\",\"url\":\"https:\/\/radioestacion.com.py\/wp-content\/uploads\/2025\/07\/cropped-logo-1.png\",\"contentUrl\":\"https:\/\/radioestacion.com.py\/wp-content\/uploads\/2025\/07\/cropped-logo-1.png\",\"width\":512,\"height\":512,\"caption\":\"Radio Estaci\u00f3n 92.9\"},\"image\":{\"@id\":\"https:\/\/radioestacion.com.py\/#\/schema\/logo\/image\/\"},\"sameAs\":[\"https:\/\/www.facebook.com\/profile.php?id=61578076966227\"]},{\"@type\":\"Person\",\"@id\":\"https:\/\/radioestacion.com.py\/#\/schema\/person\/a4020e85409009300bd9898994b03a3f\",\"name\":\"Red Multimedios\",\"image\":{\"@type\":\"ImageObject\",\"inLanguage\":\"es\",\"@id\":\"https:\/\/radioestacion.com.py\/#\/schema\/person\/image\/\",\"url\":\"https:\/\/secure.gravatar.com\/avatar\/992b8061e4c1e7683a64e011a7972e7a58ee464d2afcc56539cf6454481292c7?s=96&d=mm&r=g\",\"contentUrl\":\"https:\/\/secure.gravatar.com\/avatar\/992b8061e4c1e7683a64e011a7972e7a58ee464d2afcc56539cf6454481292c7?s=96&d=mm&r=g\",\"caption\":\"Red Multimedios\"},\"url\":\"https:\/\/radioestacion.com.py\/index.php\/author\/red-multimedios\/\"}]}<\/script>\n<!-- \/ Yoast SEO plugin. -->","yoast_head_json":{"title":"Dengue: Salud pide extremar cuidado tras confirmarse dos casos de DEN-3 - Radio Estaci\u00f3n - 92.9 Fm Caazap\u00e1 Nacionales CASOS, DENGUE, SALUD Nacionales","description":"Radio Estaci\u00f3n - 92.9 Fm Caazap\u00e1 Nacionales Dengue: Salud pide extremar cuidado tras confirmarse dos casos de DEN-3 CASOS, DENGUE, SALUD Nacionales","robots":{"index":"index","follow":"follow","max-snippet":"max-snippet:-1","max-image-preview":"max-image-preview:large","max-video-preview":"max-video-preview:-1"},"canonical":"https:\/\/radioestacion.com.py\/index.php\/2026\/04\/28\/dengue-salud-pide-extremar-cuidado-tras-confirmarse-dos-casos-de-den-3\/","og_locale":"es_ES","og_type":"article","og_title":"Dengue: Salud pide extremar cuidado tras confirmarse dos casos de DEN-3 - Radio Estaci\u00f3n - 92.9 Fm Caazap\u00e1 Nacionales CASOS, DENGUE, SALUD Nacionales","og_description":"Radio Estaci\u00f3n - 92.9 Fm Caazap\u00e1 Nacionales Dengue: Salud pide extremar cuidado tras confirmarse dos casos de DEN-3 CASOS, DENGUE, SALUD Nacionales","og_url":"https:\/\/radioestacion.com.py\/index.php\/2026\/04\/28\/dengue-salud-pide-extremar-cuidado-tras-confirmarse-dos-casos-de-den-3\/","og_site_name":"Radio Estaci\u00f3n - 92.9 Fm Caazap\u00e1","article_publisher":"https:\/\/www.facebook.com\/profile.php?id=61578076966227","article_published_time":"2026-04-28T00:25:47+00:00","article_modified_time":"2026-04-28T00:25:48+00:00","og_image":[{"width":760,"height":420,"url":"https:\/\/radioestacion.com.py\/wp-content\/uploads\/2026\/04\/ET5HLJSXDJGYROJTERPOWNXC4Q.png","type":"image\/png"}],"author":"Red Multimedios","twitter_card":"summary_large_image","twitter_misc":{"Escrito por":"Red Multimedios","Tiempo de lectura":"2 minutos"},"schema":{"@context":"https:\/\/schema.org","@graph":[{"@type":"Article","@id":"https:\/\/radioestacion.com.py\/index.php\/2026\/04\/28\/dengue-salud-pide-extremar-cuidado-tras-confirmarse-dos-casos-de-den-3\/#article","isPartOf":{"@id":"https:\/\/radioestacion.com.py\/index.php\/2026\/04\/28\/dengue-salud-pide-extremar-cuidado-tras-confirmarse-dos-casos-de-den-3\/"},"author":{"name":"Red Multimedios","@id":"https:\/\/radioestacion.com.py\/#\/schema\/person\/a4020e85409009300bd9898994b03a3f"},"headline":"Dengue: Salud pide extremar cuidado tras confirmarse dos casos de DEN-3","datePublished":"2026-04-28T00:25:47+00:00","dateModified":"2026-04-28T00:25:48+00:00","mainEntityOfPage":{"@id":"https:\/\/radioestacion.com.py\/index.php\/2026\/04\/28\/dengue-salud-pide-extremar-cuidado-tras-confirmarse-dos-casos-de-den-3\/"},"wordCount":240,"commentCount":0,"publisher":{"@id":"https:\/\/radioestacion.com.py\/#organization"},"image":{"@id":"https:\/\/radioestacion.com.py\/index.php\/2026\/04\/28\/dengue-salud-pide-extremar-cuidado-tras-confirmarse-dos-casos-de-den-3\/#primaryimage"},"thumbnailUrl":"https:\/\/radioestacion.com.py\/wp-content\/uploads\/2026\/04\/ET5HLJSXDJGYROJTERPOWNXC4Q.png","keywords":["CASOS","DENGUE","SALUD"],"articleSection":["Nacionales"],"inLanguage":"es","potentialAction":[{"@type":"CommentAction","name":"Comment","target":["https:\/\/radioestacion.com.py\/index.php\/2026\/04\/28\/dengue-salud-pide-extremar-cuidado-tras-confirmarse-dos-casos-de-den-3\/#respond"]}]},{"@type":"WebPage","@id":"https:\/\/radioestacion.com.py\/index.php\/2026\/04\/28\/dengue-salud-pide-extremar-cuidado-tras-confirmarse-dos-casos-de-den-3\/","url":"https:\/\/radioestacion.com.py\/index.php\/2026\/04\/28\/dengue-salud-pide-extremar-cuidado-tras-confirmarse-dos-casos-de-den-3\/","name":"Dengue: Salud pide extremar cuidado tras confirmarse dos casos de DEN-3 - Radio Estaci\u00f3n - 92.9 Fm Caazap\u00e1 Nacionales CASOS, DENGUE, SALUD Nacionales","isPartOf":{"@id":"https:\/\/radioestacion.com.py\/#website"},"primaryImageOfPage":{"@id":"https:\/\/radioestacion.com.py\/index.php\/2026\/04\/28\/dengue-salud-pide-extremar-cuidado-tras-confirmarse-dos-casos-de-den-3\/#primaryimage"},"image":{"@id":"https:\/\/radioestacion.com.py\/index.php\/2026\/04\/28\/dengue-salud-pide-extremar-cuidado-tras-confirmarse-dos-casos-de-den-3\/#primaryimage"},"thumbnailUrl":"https:\/\/radioestacion.com.py\/wp-content\/uploads\/2026\/04\/ET5HLJSXDJGYROJTERPOWNXC4Q.png","datePublished":"2026-04-28T00:25:47+00:00","dateModified":"2026-04-28T00:25:48+00:00","description":"Radio Estaci\u00f3n - 92.9 Fm Caazap\u00e1 Nacionales Dengue: Salud pide extremar cuidado tras confirmarse dos casos de DEN-3 CASOS, DENGUE, SALUD Nacionales","breadcrumb":{"@id":"https:\/\/radioestacion.com.py\/index.php\/2026\/04\/28\/dengue-salud-pide-extremar-cuidado-tras-confirmarse-dos-casos-de-den-3\/#breadcrumb"},"inLanguage":"es","potentialAction":[{"@type":"ReadAction","target":["https:\/\/radioestacion.com.py\/index.php\/2026\/04\/28\/dengue-salud-pide-extremar-cuidado-tras-confirmarse-dos-casos-de-den-3\/"]}]},{"@type":"ImageObject","inLanguage":"es","@id":"https:\/\/radioestacion.com.py\/index.php\/2026\/04\/28\/dengue-salud-pide-extremar-cuidado-tras-confirmarse-dos-casos-de-den-3\/#primaryimage","url":"https:\/\/radioestacion.com.py\/wp-content\/uploads\/2026\/04\/ET5HLJSXDJGYROJTERPOWNXC4Q.png","contentUrl":"https:\/\/radioestacion.com.py\/wp-content\/uploads\/2026\/04\/ET5HLJSXDJGYROJTERPOWNXC4Q.png","width":760,"height":420,"caption":"Instan en la eliminaci\u00f3n de criaderos de mosquitos. Foto: Ilustrativa."},{"@type":"BreadcrumbList","@id":"https:\/\/radioestacion.com.py\/index.php\/2026\/04\/28\/dengue-salud-pide-extremar-cuidado-tras-confirmarse-dos-casos-de-den-3\/#breadcrumb","itemListElement":[{"@type":"ListItem","position":1,"name":"Portada","item":"https:\/\/radioestacion.com.py\/"},{"@type":"ListItem","position":2,"name":"Dengue: Salud pide extremar cuidado tras confirmarse dos casos de DEN-3"}]},{"@type":"WebSite","@id":"https:\/\/radioestacion.com.py\/#website","url":"https:\/\/radioestacion.com.py\/","name":"Radio Estaci\u00f3n - 92.9 Fm Caazap\u00e1","description":"Radio Estaci\u00f3n de Caazap\u00e1, 92.9 radio estaci\u00f3n","publisher":{"@id":"https:\/\/radioestacion.com.py\/#organization"},"alternateName":"Radio Estacion de Caazap\u00e1","potentialAction":[{"@type":"SearchAction","target":{"@type":"EntryPoint","urlTemplate":"https:\/\/radioestacion.com.py\/?s={search_term_string}"},"query-input":{"@type":"PropertyValueSpecification","valueRequired":true,"valueName":"search_term_string"}}],"inLanguage":"es"},{"@type":"Organization","@id":"https:\/\/radioestacion.com.py\/#organization","name":"Radio Estaci\u00f3n 92.9","url":"https:\/\/radioestacion.com.py\/","logo":{"@type":"ImageObject","inLanguage":"es","@id":"https:\/\/radioestacion.com.py\/#\/schema\/logo\/image\/","url":"https:\/\/radioestacion.com.py\/wp-content\/uploads\/2025\/07\/cropped-logo-1.png","contentUrl":"https:\/\/radioestacion.com.py\/wp-content\/uploads\/2025\/07\/cropped-logo-1.png","width":512,"height":512,"caption":"Radio Estaci\u00f3n 92.9"},"image":{"@id":"https:\/\/radioestacion.com.py\/#\/schema\/logo\/image\/"},"sameAs":["https:\/\/www.facebook.com\/profile.php?id=61578076966227"]},{"@type":"Person","@id":"https:\/\/radioestacion.com.py\/#\/schema\/person\/a4020e85409009300bd9898994b03a3f","name":"Red Multimedios","image":{"@type":"ImageObject","inLanguage":"es","@id":"https:\/\/radioestacion.com.py\/#\/schema\/person\/image\/","url":"https:\/\/secure.gravatar.com\/avatar\/992b8061e4c1e7683a64e011a7972e7a58ee464d2afcc56539cf6454481292c7?s=96&d=mm&r=g","contentUrl":"https:\/\/secure.gravatar.com\/avatar\/992b8061e4c1e7683a64e011a7972e7a58ee464d2afcc56539cf6454481292c7?s=96&d=mm&r=g","caption":"Red Multimedios"},"url":"https:\/\/radioestacion.com.py\/index.php\/author\/red-multimedios\/"}]}},"_links":{"self":[{"href":"https:\/\/radioestacion.com.py\/index.php\/wp-json\/wp\/v2\/posts\/2619","targetHints":{"allow":["GET"]}}],"collection":[{"href":"https:\/\/radioestacion.com.py\/index.php\/wp-json\/wp\/v2\/posts"}],"about":[{"href":"https:\/\/radioestacion.com.py\/index.php\/wp-json\/wp\/v2\/types\/post"}],"author":[{"embeddable":true,"href":"https:\/\/radioestacion.com.py\/index.php\/wp-json\/wp\/v2\/users\/4"}],"replies":[{"embeddable":true,"href":"https:\/\/radioestacion.com.py\/index.php\/wp-json\/wp\/v2\/comments?post=2619"}],"version-history":[{"count":1,"href":"https:\/\/radioestacion.com.py\/index.php\/wp-json\/wp\/v2\/posts\/2619\/revisions"}],"predecessor-version":[{"id":2621,"href":"https:\/\/radioestacion.com.py\/index.php\/wp-json\/wp\/v2\/posts\/2619\/revisions\/2621"}],"wp:featuredmedia":[{"embeddable":true,"href":"https:\/\/radioestacion.com.py\/index.php\/wp-json\/wp\/v2\/media\/2620"}],"wp:attachment":[{"href":"https:\/\/radioestacion.com.py\/index.php\/wp-json\/wp\/v2\/media?parent=2619"}],"wp:term":[{"taxonomy":"category","embeddable":true,"href":"https:\/\/radioestacion.com.py\/index.php\/wp-json\/wp\/v2\/categories?post=2619"},{"taxonomy":"post_tag","embeddable":true,"href":"https:\/\/radioestacion.com.py\/index.php\/wp-json\/wp\/v2\/tags?post=2619"},{"taxonomy":"post_badge","embeddable":true,"href":"https:\/\/radioestacion.com.py\/index.php\/wp-json\/wp\/v2\/post_badge?post=2619"}],"curies":[{"name":"wp","href":"https:\/\/api.w.org\/{rel}","templated":true}]}}