{"id":2625,"date":"2026-04-28T00:24:58","date_gmt":"2026-04-28T00:24:58","guid":{"rendered":"https:\/\/radioestacion.com.py\/?p=2625"},"modified":"2026-04-28T00:24:59","modified_gmt":"2026-04-28T00:24:59","slug":"este-martes-inicia-debate-para-definir-nuevo-metodo-de-reajuste-del-salario-minimo","status":"publish","type":"post","link":"https:\/\/radioestacion.com.py\/index.php\/2026\/04\/28\/este-martes-inicia-debate-para-definir-nuevo-metodo-de-reajuste-del-salario-minimo\/","title":{"rendered":"Este martes inicia debate para definir nuevo m\u00e9todo de reajuste del salario m\u00ednimo"},"content":{"rendered":"\n<h3 class=\"wp-block-heading\"><strong>Este martes se re\u00fane el Consejo Consultivo Tripartito y con eso se da inicio al proceso para definir una nueva herramienta que servir\u00e1 para calcular el reajuste para el salario m\u00ednimo de este a\u00f1o.<\/strong><\/h3>\n\n\n\n<p>A las 14:00 horas est\u00e1 convocada la reuni\u00f3n entre los representantes del&nbsp;<strong>Poder Ejecutivo, gremios sindicales y empresariales en la sede del Ministerio de Trabajo<\/strong>.<\/p>\n\n\n\n<p>Esta convocatoria por parte de la cartera de Estado se da con el objetivo de iniciar las negociaciones de cara a al&nbsp;<strong>reajuste del salario m\u00ednimo anual que deber\u00e1 regir desde el pr\u00f3ximo 1 de julio.<\/strong><\/p>\n\n\n\n<p><strong>El Gobierno est\u00e1 decidido a cambiar el sistema de c\u00e1lculo<\/strong>&nbsp;y eval\u00faa otras opciones de medici\u00f3n del reajuste del salario, que sean acordes a las necesidades de los trabajadores y estos puedan recuperar su poder adquisitivo.<\/p>\n\n\n\n<p><strong>Existen algunas alternativas para su modificaci\u00f3n<\/strong>. El instrumento actual es el&nbsp;<strong>\u00cdndice de Precios del Consumidor (IPC)<\/strong>, elaborado por el Banco Central del Paraguay (BCP).<\/p>\n\n\n\n<p>Los trabajadores plantean aplicar un reajuste del&nbsp;<strong>20 % al 25%<\/strong>, diferencia que, seg\u00fan las centrales sindicales, representa la&nbsp;<strong>p\u00e9rdida hist\u00f3rica del poder adquisitivo en la \u00faltima d\u00e9cada.<\/strong><\/p>\n\n\n\n<p>El sector empresarial, por su parte, insiste en mantener el IPC como m\u00e9todo de medici\u00f3n.<a href=\"https:\/\/www.lanacion.com.py\/resizer\/v2\/F5UYXQ5W7ZGWFEN6EQ3JMODVMI.JPG?auth=c403d7c6ce658a5748feeeefe108ac8eda9fd2a0005d10ae3f5ae62099279f0c&amp;width=1280&amp;smart=true\"><\/a><\/p>\n","protected":false},"excerpt":{"rendered":"<p>Este martes se re\u00fane el Consejo Consultivo Tripartito y con eso se da inicio al proceso para definir<\/p>\n","protected":false},"author":4,"featured_media":2626,"comment_status":"open","ping_status":"open","sticky":false,"template":"","format":"standard","meta":{"footnotes":""},"categories":[39],"tags":[666,665,146],"post_badge":[],"class_list":["post-2625","post","type-post","status-publish","format-standard","has-post-thumbnail","hentry","category-pais-2","tag-debate","tag-reajuste","tag-salario"],"yoast_head":"<!-- This site is optimized with the Yoast SEO plugin v26.9 - https:\/\/yoast.com\/product\/yoast-seo-wordpress\/ -->\n<title>Este martes inicia debate para definir nuevo m\u00e9todo de reajuste del salario m\u00ednimo - Radio Estaci\u00f3n - 92.9 Fm Caazap\u00e1 Pa\u00eds DEBATE, REAJUSTE, Salario Pa\u00eds<\/title>\n<meta name=\"description\" content=\"Radio Estaci\u00f3n - 92.9 Fm Caazap\u00e1 Pa\u00eds Este martes inicia debate para definir nuevo m\u00e9todo de reajuste del salario m\u00ednimo DEBATE, REAJUSTE, Salario Pa\u00eds\" \/>\n<meta name=\"robots\" content=\"index, follow, max-snippet:-1, max-image-preview:large, max-video-preview:-1\" \/>\n<link rel=\"canonical\" href=\"https:\/\/radioestacion.com.py\/index.php\/2026\/04\/28\/este-martes-inicia-debate-para-definir-nuevo-metodo-de-reajuste-del-salario-minimo\/\" \/>\n<meta property=\"og:locale\" content=\"es_ES\" \/>\n<meta property=\"og:type\" content=\"article\" \/>\n<meta property=\"og:title\" content=\"Este martes inicia debate para definir nuevo m\u00e9todo de reajuste del salario m\u00ednimo - Radio Estaci\u00f3n - 92.9 Fm Caazap\u00e1 Pa\u00eds DEBATE, REAJUSTE, Salario Pa\u00eds\" \/>\n<meta property=\"og:description\" content=\"Radio Estaci\u00f3n - 92.9 Fm Caazap\u00e1 Pa\u00eds Este martes inicia debate para definir nuevo m\u00e9todo de reajuste del salario m\u00ednimo DEBATE, REAJUSTE, Salario Pa\u00eds\" \/>\n<meta property=\"og:url\" content=\"https:\/\/radioestacion.com.py\/index.php\/2026\/04\/28\/este-martes-inicia-debate-para-definir-nuevo-metodo-de-reajuste-del-salario-minimo\/\" \/>\n<meta property=\"og:site_name\" content=\"Radio Estaci\u00f3n - 92.9 Fm Caazap\u00e1\" \/>\n<meta property=\"article:publisher\" content=\"https:\/\/www.facebook.com\/profile.php?id=61578076966227\" \/>\n<meta property=\"article:published_time\" content=\"2026-04-28T00:24:58+00:00\" \/>\n<meta property=\"article:modified_time\" content=\"2026-04-28T00:24:59+00:00\" \/>\n<meta property=\"og:image\" content=\"https:\/\/radioestacion.com.py\/wp-content\/uploads\/2026\/04\/xWhatsApp_Image_2024-09-25_at_15.55.25_1.jpeg.pagespeed.ic_.7KLlWcRgpV-1536x864-1-1024x576.png\" \/>\n\t<meta property=\"og:image:width\" content=\"1024\" \/>\n\t<meta property=\"og:image:height\" content=\"576\" \/>\n\t<meta property=\"og:image:type\" content=\"image\/png\" \/>\n<meta name=\"author\" content=\"Red Multimedios\" \/>\n<meta name=\"twitter:card\" content=\"summary_large_image\" \/>\n<meta name=\"twitter:label1\" content=\"Escrito por\" \/>\n\t<meta name=\"twitter:data1\" content=\"Red Multimedios\" \/>\n\t<meta name=\"twitter:label2\" content=\"Tiempo de lectura\" \/>\n\t<meta name=\"twitter:data2\" content=\"2 minutos\" \/>\n<script type=\"application\/ld+json\" class=\"yoast-schema-graph\">{\"@context\":\"https:\/\/schema.org\",\"@graph\":[{\"@type\":\"Article\",\"@id\":\"https:\/\/radioestacion.com.py\/index.php\/2026\/04\/28\/este-martes-inicia-debate-para-definir-nuevo-metodo-de-reajuste-del-salario-minimo\/#article\",\"isPartOf\":{\"@id\":\"https:\/\/radioestacion.com.py\/index.php\/2026\/04\/28\/este-martes-inicia-debate-para-definir-nuevo-metodo-de-reajuste-del-salario-minimo\/\"},\"author\":{\"name\":\"Red Multimedios\",\"@id\":\"https:\/\/radioestacion.com.py\/#\/schema\/person\/a4020e85409009300bd9898994b03a3f\"},\"headline\":\"Este martes inicia debate para definir nuevo m\u00e9todo de reajuste del salario m\u00ednimo\",\"datePublished\":\"2026-04-28T00:24:58+00:00\",\"dateModified\":\"2026-04-28T00:24:59+00:00\",\"mainEntityOfPage\":{\"@id\":\"https:\/\/radioestacion.com.py\/index.php\/2026\/04\/28\/este-martes-inicia-debate-para-definir-nuevo-metodo-de-reajuste-del-salario-minimo\/\"},\"wordCount\":231,\"commentCount\":0,\"publisher\":{\"@id\":\"https:\/\/radioestacion.com.py\/#organization\"},\"image\":{\"@id\":\"https:\/\/radioestacion.com.py\/index.php\/2026\/04\/28\/este-martes-inicia-debate-para-definir-nuevo-metodo-de-reajuste-del-salario-minimo\/#primaryimage\"},\"thumbnailUrl\":\"https:\/\/radioestacion.com.py\/wp-content\/uploads\/2026\/04\/xWhatsApp_Image_2024-09-25_at_15.55.25_1.jpeg.pagespeed.ic_.7KLlWcRgpV-1536x864-1.png\",\"keywords\":[\"DEBATE\",\"REAJUSTE\",\"Salario\"],\"articleSection\":[\"Pa\u00eds\"],\"inLanguage\":\"es\",\"potentialAction\":[{\"@type\":\"CommentAction\",\"name\":\"Comment\",\"target\":[\"https:\/\/radioestacion.com.py\/index.php\/2026\/04\/28\/este-martes-inicia-debate-para-definir-nuevo-metodo-de-reajuste-del-salario-minimo\/#respond\"]}]},{\"@type\":\"WebPage\",\"@id\":\"https:\/\/radioestacion.com.py\/index.php\/2026\/04\/28\/este-martes-inicia-debate-para-definir-nuevo-metodo-de-reajuste-del-salario-minimo\/\",\"url\":\"https:\/\/radioestacion.com.py\/index.php\/2026\/04\/28\/este-martes-inicia-debate-para-definir-nuevo-metodo-de-reajuste-del-salario-minimo\/\",\"name\":\"Este martes inicia debate para definir nuevo m\u00e9todo de reajuste del salario m\u00ednimo - Radio Estaci\u00f3n - 92.9 Fm Caazap\u00e1 Pa\u00eds DEBATE, REAJUSTE, Salario Pa\u00eds\",\"isPartOf\":{\"@id\":\"https:\/\/radioestacion.com.py\/#website\"},\"primaryImageOfPage\":{\"@id\":\"https:\/\/radioestacion.com.py\/index.php\/2026\/04\/28\/este-martes-inicia-debate-para-definir-nuevo-metodo-de-reajuste-del-salario-minimo\/#primaryimage\"},\"image\":{\"@id\":\"https:\/\/radioestacion.com.py\/index.php\/2026\/04\/28\/este-martes-inicia-debate-para-definir-nuevo-metodo-de-reajuste-del-salario-minimo\/#primaryimage\"},\"thumbnailUrl\":\"https:\/\/radioestacion.com.py\/wp-content\/uploads\/2026\/04\/xWhatsApp_Image_2024-09-25_at_15.55.25_1.jpeg.pagespeed.ic_.7KLlWcRgpV-1536x864-1.png\",\"datePublished\":\"2026-04-28T00:24:58+00:00\",\"dateModified\":\"2026-04-28T00:24:59+00:00\",\"description\":\"Radio Estaci\u00f3n - 92.9 Fm Caazap\u00e1 Pa\u00eds Este martes inicia debate para definir nuevo m\u00e9todo de reajuste del salario m\u00ednimo DEBATE, REAJUSTE, Salario Pa\u00eds\",\"breadcrumb\":{\"@id\":\"https:\/\/radioestacion.com.py\/index.php\/2026\/04\/28\/este-martes-inicia-debate-para-definir-nuevo-metodo-de-reajuste-del-salario-minimo\/#breadcrumb\"},\"inLanguage\":\"es\",\"potentialAction\":[{\"@type\":\"ReadAction\",\"target\":[\"https:\/\/radioestacion.com.py\/index.php\/2026\/04\/28\/este-martes-inicia-debate-para-definir-nuevo-metodo-de-reajuste-del-salario-minimo\/\"]}]},{\"@type\":\"ImageObject\",\"inLanguage\":\"es\",\"@id\":\"https:\/\/radioestacion.com.py\/index.php\/2026\/04\/28\/este-martes-inicia-debate-para-definir-nuevo-metodo-de-reajuste-del-salario-minimo\/#primaryimage\",\"url\":\"https:\/\/radioestacion.com.py\/wp-content\/uploads\/2026\/04\/xWhatsApp_Image_2024-09-25_at_15.55.25_1.jpeg.pagespeed.ic_.7KLlWcRgpV-1536x864-1.png\",\"contentUrl\":\"https:\/\/radioestacion.com.py\/wp-content\/uploads\/2026\/04\/xWhatsApp_Image_2024-09-25_at_15.55.25_1.jpeg.pagespeed.ic_.7KLlWcRgpV-1536x864-1.png\",\"width\":1536,\"height\":864},{\"@type\":\"BreadcrumbList\",\"@id\":\"https:\/\/radioestacion.com.py\/index.php\/2026\/04\/28\/este-martes-inicia-debate-para-definir-nuevo-metodo-de-reajuste-del-salario-minimo\/#breadcrumb\",\"itemListElement\":[{\"@type\":\"ListItem\",\"position\":1,\"name\":\"Portada\",\"item\":\"https:\/\/radioestacion.com.py\/\"},{\"@type\":\"ListItem\",\"position\":2,\"name\":\"Este martes inicia debate para definir nuevo m\u00e9todo de reajuste del salario m\u00ednimo\"}]},{\"@type\":\"WebSite\",\"@id\":\"https:\/\/radioestacion.com.py\/#website\",\"url\":\"https:\/\/radioestacion.com.py\/\",\"name\":\"Radio Estaci\u00f3n - 92.9 Fm Caazap\u00e1\",\"description\":\"Radio Estaci\u00f3n de Caazap\u00e1, 92.9 radio estaci\u00f3n\",\"publisher\":{\"@id\":\"https:\/\/radioestacion.com.py\/#organization\"},\"alternateName\":\"Radio Estacion de Caazap\u00e1\",\"potentialAction\":[{\"@type\":\"SearchAction\",\"target\":{\"@type\":\"EntryPoint\",\"urlTemplate\":\"https:\/\/radioestacion.com.py\/?s={search_term_string}\"},\"query-input\":{\"@type\":\"PropertyValueSpecification\",\"valueRequired\":true,\"valueName\":\"search_term_string\"}}],\"inLanguage\":\"es\"},{\"@type\":\"Organization\",\"@id\":\"https:\/\/radioestacion.com.py\/#organization\",\"name\":\"Radio Estaci\u00f3n 92.9\",\"url\":\"https:\/\/radioestacion.com.py\/\",\"logo\":{\"@type\":\"ImageObject\",\"inLanguage\":\"es\",\"@id\":\"https:\/\/radioestacion.com.py\/#\/schema\/logo\/image\/\",\"url\":\"https:\/\/radioestacion.com.py\/wp-content\/uploads\/2025\/07\/cropped-logo-1.png\",\"contentUrl\":\"https:\/\/radioestacion.com.py\/wp-content\/uploads\/2025\/07\/cropped-logo-1.png\",\"width\":512,\"height\":512,\"caption\":\"Radio Estaci\u00f3n 92.9\"},\"image\":{\"@id\":\"https:\/\/radioestacion.com.py\/#\/schema\/logo\/image\/\"},\"sameAs\":[\"https:\/\/www.facebook.com\/profile.php?id=61578076966227\"]},{\"@type\":\"Person\",\"@id\":\"https:\/\/radioestacion.com.py\/#\/schema\/person\/a4020e85409009300bd9898994b03a3f\",\"name\":\"Red Multimedios\",\"image\":{\"@type\":\"ImageObject\",\"inLanguage\":\"es\",\"@id\":\"https:\/\/radioestacion.com.py\/#\/schema\/person\/image\/\",\"url\":\"https:\/\/secure.gravatar.com\/avatar\/992b8061e4c1e7683a64e011a7972e7a58ee464d2afcc56539cf6454481292c7?s=96&d=mm&r=g\",\"contentUrl\":\"https:\/\/secure.gravatar.com\/avatar\/992b8061e4c1e7683a64e011a7972e7a58ee464d2afcc56539cf6454481292c7?s=96&d=mm&r=g\",\"caption\":\"Red Multimedios\"},\"url\":\"https:\/\/radioestacion.com.py\/index.php\/author\/red-multimedios\/\"}]}<\/script>\n<!-- \/ Yoast SEO plugin. -->","yoast_head_json":{"title":"Este martes inicia debate para definir nuevo m\u00e9todo de reajuste del salario m\u00ednimo - Radio Estaci\u00f3n - 92.9 Fm Caazap\u00e1 Pa\u00eds DEBATE, REAJUSTE, Salario Pa\u00eds","description":"Radio Estaci\u00f3n - 92.9 Fm Caazap\u00e1 Pa\u00eds Este martes inicia debate para definir nuevo m\u00e9todo de reajuste del salario m\u00ednimo DEBATE, REAJUSTE, Salario Pa\u00eds","robots":{"index":"index","follow":"follow","max-snippet":"max-snippet:-1","max-image-preview":"max-image-preview:large","max-video-preview":"max-video-preview:-1"},"canonical":"https:\/\/radioestacion.com.py\/index.php\/2026\/04\/28\/este-martes-inicia-debate-para-definir-nuevo-metodo-de-reajuste-del-salario-minimo\/","og_locale":"es_ES","og_type":"article","og_title":"Este martes inicia debate para definir nuevo m\u00e9todo de reajuste del salario m\u00ednimo - Radio Estaci\u00f3n - 92.9 Fm Caazap\u00e1 Pa\u00eds DEBATE, REAJUSTE, Salario Pa\u00eds","og_description":"Radio Estaci\u00f3n - 92.9 Fm Caazap\u00e1 Pa\u00eds Este martes inicia debate para definir nuevo m\u00e9todo de reajuste del salario m\u00ednimo DEBATE, REAJUSTE, Salario Pa\u00eds","og_url":"https:\/\/radioestacion.com.py\/index.php\/2026\/04\/28\/este-martes-inicia-debate-para-definir-nuevo-metodo-de-reajuste-del-salario-minimo\/","og_site_name":"Radio Estaci\u00f3n - 92.9 Fm Caazap\u00e1","article_publisher":"https:\/\/www.facebook.com\/profile.php?id=61578076966227","article_published_time":"2026-04-28T00:24:58+00:00","article_modified_time":"2026-04-28T00:24:59+00:00","og_image":[{"width":1024,"height":576,"url":"https:\/\/radioestacion.com.py\/wp-content\/uploads\/2026\/04\/xWhatsApp_Image_2024-09-25_at_15.55.25_1.jpeg.pagespeed.ic_.7KLlWcRgpV-1536x864-1-1024x576.png","type":"image\/png"}],"author":"Red Multimedios","twitter_card":"summary_large_image","twitter_misc":{"Escrito por":"Red Multimedios","Tiempo de lectura":"2 minutos"},"schema":{"@context":"https:\/\/schema.org","@graph":[{"@type":"Article","@id":"https:\/\/radioestacion.com.py\/index.php\/2026\/04\/28\/este-martes-inicia-debate-para-definir-nuevo-metodo-de-reajuste-del-salario-minimo\/#article","isPartOf":{"@id":"https:\/\/radioestacion.com.py\/index.php\/2026\/04\/28\/este-martes-inicia-debate-para-definir-nuevo-metodo-de-reajuste-del-salario-minimo\/"},"author":{"name":"Red Multimedios","@id":"https:\/\/radioestacion.com.py\/#\/schema\/person\/a4020e85409009300bd9898994b03a3f"},"headline":"Este martes inicia debate para definir nuevo m\u00e9todo de reajuste del salario m\u00ednimo","datePublished":"2026-04-28T00:24:58+00:00","dateModified":"2026-04-28T00:24:59+00:00","mainEntityOfPage":{"@id":"https:\/\/radioestacion.com.py\/index.php\/2026\/04\/28\/este-martes-inicia-debate-para-definir-nuevo-metodo-de-reajuste-del-salario-minimo\/"},"wordCount":231,"commentCount":0,"publisher":{"@id":"https:\/\/radioestacion.com.py\/#organization"},"image":{"@id":"https:\/\/radioestacion.com.py\/index.php\/2026\/04\/28\/este-martes-inicia-debate-para-definir-nuevo-metodo-de-reajuste-del-salario-minimo\/#primaryimage"},"thumbnailUrl":"https:\/\/radioestacion.com.py\/wp-content\/uploads\/2026\/04\/xWhatsApp_Image_2024-09-25_at_15.55.25_1.jpeg.pagespeed.ic_.7KLlWcRgpV-1536x864-1.png","keywords":["DEBATE","REAJUSTE","Salario"],"articleSection":["Pa\u00eds"],"inLanguage":"es","potentialAction":[{"@type":"CommentAction","name":"Comment","target":["https:\/\/radioestacion.com.py\/index.php\/2026\/04\/28\/este-martes-inicia-debate-para-definir-nuevo-metodo-de-reajuste-del-salario-minimo\/#respond"]}]},{"@type":"WebPage","@id":"https:\/\/radioestacion.com.py\/index.php\/2026\/04\/28\/este-martes-inicia-debate-para-definir-nuevo-metodo-de-reajuste-del-salario-minimo\/","url":"https:\/\/radioestacion.com.py\/index.php\/2026\/04\/28\/este-martes-inicia-debate-para-definir-nuevo-metodo-de-reajuste-del-salario-minimo\/","name":"Este martes inicia debate para definir nuevo m\u00e9todo de reajuste del salario m\u00ednimo - Radio Estaci\u00f3n - 92.9 Fm Caazap\u00e1 Pa\u00eds DEBATE, REAJUSTE, Salario Pa\u00eds","isPartOf":{"@id":"https:\/\/radioestacion.com.py\/#website"},"primaryImageOfPage":{"@id":"https:\/\/radioestacion.com.py\/index.php\/2026\/04\/28\/este-martes-inicia-debate-para-definir-nuevo-metodo-de-reajuste-del-salario-minimo\/#primaryimage"},"image":{"@id":"https:\/\/radioestacion.com.py\/index.php\/2026\/04\/28\/este-martes-inicia-debate-para-definir-nuevo-metodo-de-reajuste-del-salario-minimo\/#primaryimage"},"thumbnailUrl":"https:\/\/radioestacion.com.py\/wp-content\/uploads\/2026\/04\/xWhatsApp_Image_2024-09-25_at_15.55.25_1.jpeg.pagespeed.ic_.7KLlWcRgpV-1536x864-1.png","datePublished":"2026-04-28T00:24:58+00:00","dateModified":"2026-04-28T00:24:59+00:00","description":"Radio Estaci\u00f3n - 92.9 Fm Caazap\u00e1 Pa\u00eds Este martes inicia debate para definir nuevo m\u00e9todo de reajuste del salario m\u00ednimo DEBATE, REAJUSTE, Salario Pa\u00eds","breadcrumb":{"@id":"https:\/\/radioestacion.com.py\/index.php\/2026\/04\/28\/este-martes-inicia-debate-para-definir-nuevo-metodo-de-reajuste-del-salario-minimo\/#breadcrumb"},"inLanguage":"es","potentialAction":[{"@type":"ReadAction","target":["https:\/\/radioestacion.com.py\/index.php\/2026\/04\/28\/este-martes-inicia-debate-para-definir-nuevo-metodo-de-reajuste-del-salario-minimo\/"]}]},{"@type":"ImageObject","inLanguage":"es","@id":"https:\/\/radioestacion.com.py\/index.php\/2026\/04\/28\/este-martes-inicia-debate-para-definir-nuevo-metodo-de-reajuste-del-salario-minimo\/#primaryimage","url":"https:\/\/radioestacion.com.py\/wp-content\/uploads\/2026\/04\/xWhatsApp_Image_2024-09-25_at_15.55.25_1.jpeg.pagespeed.ic_.7KLlWcRgpV-1536x864-1.png","contentUrl":"https:\/\/radioestacion.com.py\/wp-content\/uploads\/2026\/04\/xWhatsApp_Image_2024-09-25_at_15.55.25_1.jpeg.pagespeed.ic_.7KLlWcRgpV-1536x864-1.png","width":1536,"height":864},{"@type":"BreadcrumbList","@id":"https:\/\/radioestacion.com.py\/index.php\/2026\/04\/28\/este-martes-inicia-debate-para-definir-nuevo-metodo-de-reajuste-del-salario-minimo\/#breadcrumb","itemListElement":[{"@type":"ListItem","position":1,"name":"Portada","item":"https:\/\/radioestacion.com.py\/"},{"@type":"ListItem","position":2,"name":"Este martes inicia debate para definir nuevo m\u00e9todo de reajuste del salario m\u00ednimo"}]},{"@type":"WebSite","@id":"https:\/\/radioestacion.com.py\/#website","url":"https:\/\/radioestacion.com.py\/","name":"Radio Estaci\u00f3n - 92.9 Fm Caazap\u00e1","description":"Radio Estaci\u00f3n de Caazap\u00e1, 92.9 radio estaci\u00f3n","publisher":{"@id":"https:\/\/radioestacion.com.py\/#organization"},"alternateName":"Radio Estacion de Caazap\u00e1","potentialAction":[{"@type":"SearchAction","target":{"@type":"EntryPoint","urlTemplate":"https:\/\/radioestacion.com.py\/?s={search_term_string}"},"query-input":{"@type":"PropertyValueSpecification","valueRequired":true,"valueName":"search_term_string"}}],"inLanguage":"es"},{"@type":"Organization","@id":"https:\/\/radioestacion.com.py\/#organization","name":"Radio Estaci\u00f3n 92.9","url":"https:\/\/radioestacion.com.py\/","logo":{"@type":"ImageObject","inLanguage":"es","@id":"https:\/\/radioestacion.com.py\/#\/schema\/logo\/image\/","url":"https:\/\/radioestacion.com.py\/wp-content\/uploads\/2025\/07\/cropped-logo-1.png","contentUrl":"https:\/\/radioestacion.com.py\/wp-content\/uploads\/2025\/07\/cropped-logo-1.png","width":512,"height":512,"caption":"Radio Estaci\u00f3n 92.9"},"image":{"@id":"https:\/\/radioestacion.com.py\/#\/schema\/logo\/image\/"},"sameAs":["https:\/\/www.facebook.com\/profile.php?id=61578076966227"]},{"@type":"Person","@id":"https:\/\/radioestacion.com.py\/#\/schema\/person\/a4020e85409009300bd9898994b03a3f","name":"Red Multimedios","image":{"@type":"ImageObject","inLanguage":"es","@id":"https:\/\/radioestacion.com.py\/#\/schema\/person\/image\/","url":"https:\/\/secure.gravatar.com\/avatar\/992b8061e4c1e7683a64e011a7972e7a58ee464d2afcc56539cf6454481292c7?s=96&d=mm&r=g","contentUrl":"https:\/\/secure.gravatar.com\/avatar\/992b8061e4c1e7683a64e011a7972e7a58ee464d2afcc56539cf6454481292c7?s=96&d=mm&r=g","caption":"Red Multimedios"},"url":"https:\/\/radioestacion.com.py\/index.php\/author\/red-multimedios\/"}]}},"_links":{"self":[{"href":"https:\/\/radioestacion.com.py\/index.php\/wp-json\/wp\/v2\/posts\/2625","targetHints":{"allow":["GET"]}}],"collection":[{"href":"https:\/\/radioestacion.com.py\/index.php\/wp-json\/wp\/v2\/posts"}],"about":[{"href":"https:\/\/radioestacion.com.py\/index.php\/wp-json\/wp\/v2\/types\/post"}],"author":[{"embeddable":true,"href":"https:\/\/radioestacion.com.py\/index.php\/wp-json\/wp\/v2\/users\/4"}],"replies":[{"embeddable":true,"href":"https:\/\/radioestacion.com.py\/index.php\/wp-json\/wp\/v2\/comments?post=2625"}],"version-history":[{"count":1,"href":"https:\/\/radioestacion.com.py\/index.php\/wp-json\/wp\/v2\/posts\/2625\/revisions"}],"predecessor-version":[{"id":2627,"href":"https:\/\/radioestacion.com.py\/index.php\/wp-json\/wp\/v2\/posts\/2625\/revisions\/2627"}],"wp:featuredmedia":[{"embeddable":true,"href":"https:\/\/radioestacion.com.py\/index.php\/wp-json\/wp\/v2\/media\/2626"}],"wp:attachment":[{"href":"https:\/\/radioestacion.com.py\/index.php\/wp-json\/wp\/v2\/media?parent=2625"}],"wp:term":[{"taxonomy":"category","embeddable":true,"href":"https:\/\/radioestacion.com.py\/index.php\/wp-json\/wp\/v2\/categories?post=2625"},{"taxonomy":"post_tag","embeddable":true,"href":"https:\/\/radioestacion.com.py\/index.php\/wp-json\/wp\/v2\/tags?post=2625"},{"taxonomy":"post_badge","embeddable":true,"href":"https:\/\/radioestacion.com.py\/index.php\/wp-json\/wp\/v2\/post_badge?post=2625"}],"curies":[{"name":"wp","href":"https:\/\/api.w.org\/{rel}","templated":true}]}}