{"id":2643,"date":"2026-04-29T00:52:56","date_gmt":"2026-04-29T00:52:56","guid":{"rendered":"https:\/\/radioestacion.com.py\/?p=2643"},"modified":"2026-04-29T00:52:56","modified_gmt":"2026-04-29T00:52:56","slug":"pena-ratifica-que-no-aumentara-impuestos-en-paraguay-y-elogia-la-produccion-de-alto-parana","status":"publish","type":"post","link":"https:\/\/radioestacion.com.py\/index.php\/2026\/04\/29\/pena-ratifica-que-no-aumentara-impuestos-en-paraguay-y-elogia-la-produccion-de-alto-parana\/","title":{"rendered":"Pe\u00f1a ratifica que no aumentar\u00e1 impuestos en Paraguay y elogia la producci\u00f3n de Alto Paran\u00e1"},"content":{"rendered":"\n<h3 class=\"wp-block-heading\">El presidente de la Rep\u00fablica, Santiago Pe\u00f1a, asegur\u00f3 este martes que durante su gobierno no impulsar\u00e1 aumentos tributarios y reafirm\u00f3 su compromiso de mantener reglas claras y estabilidad econ\u00f3mica para fortalecer la producci\u00f3n y atraer inversiones al pa\u00eds.<\/h3>\n\n\n\n<p>Las declaraciones fueron realizadas durante una reuni\u00f3n con productores porcinos de la zona sur de Alto Paran\u00e1, desarrollada en el distrito de Naranjal, donde el mandatario comparti\u00f3 con referentes del sector agroindustrial y autoridades locales.<\/p>\n\n\n\n<p>Pe\u00f1a fue recibido por el intendente de Naranjal, Edoard Schaffrath, actual presidente de la Asociaci\u00f3n de Municipalidades de Alto Paran\u00e1.<\/p>\n\n\n\n<p>Durante su intervenci\u00f3n, el mandatario destac\u00f3 el potencial del sector porcino y sostuvo que Paraguay re\u00fane condiciones excepcionales para consolidarse como una potencia agroindustrial.<\/p>\n\n\n\n<p>\u201cYo estoy decidido a avanzar en este camino, en hacer de Paraguay una potencia en producci\u00f3n agroindustrial, de darle cada vez m\u00e1s valor agregado al fruto de la tierra, combinado con financiamiento, con energ\u00eda, con agua, con credibilidad en los mercados internacionales\u201d, expres\u00f3 ante los productores.<\/p>\n\n\n\n<h3 class=\"wp-block-heading\"><strong>Sin aumento de impuestos<\/strong><\/h3>\n\n\n\n<p>Uno de los puntos centrales de su discurso estuvo relacionado con la estabilidad tributaria. Pe\u00f1a afirm\u00f3 que su administraci\u00f3n no prev\u00e9 aumentos de impuestos y asegur\u00f3 que cualquier modificaci\u00f3n en materia fiscal ser\u00e1 \u00fanicamente para fortalecer la competitividad del pa\u00eds.<\/p>\n\n\n\n<p>\u201cYo hoy les puedo decir con much\u00edsima confianza y seguridad que si nosotros seguimos en esta trayectoria pol\u00edtica con beneficios econ\u00f3micos, nosotros no tenemos ni siquiera que discutir en el pr\u00f3ximo quinquenio modificaciones tributarias\u201d, afirm\u00f3.<\/p>\n\n\n\n<p>Seguidamente a\u00f1adi\u00f3: \u201cNo tenemos, porque en una econom\u00eda que crece, es una econom\u00eda que genera m\u00e1s ingresos con el mismo r\u00e9gimen tributario, como ya lo hemos vivido en estos casi tres a\u00f1os de gobierno\u201d.<\/p>\n\n\n\n<p>El presidente tambi\u00e9n record\u00f3 que durante su gesti\u00f3n solamente se promovieron cambios para mejorar los reg\u00edmenes de inversi\u00f3n existentes.<\/p>\n\n\n\n<p>\u201cEl \u00fanico cambio tributario que discutimos en mi gobierno fue para mejorar, como lo hicimos cuando modificamos las leyes de los reg\u00edmenes de inversi\u00f3n m\u00e1s importantes del Paraguay, el r\u00e9gimen de la Ley 60\/90, el r\u00e9gimen de maquila, y creamos un nuevo r\u00e9gimen para productos de alta tecnolog\u00eda\u201d, sostuvo.<\/p>\n\n\n\n<h3 class=\"wp-block-heading\">El elogio de Pe\u00f1a a Alto Paran\u00e1<\/h3>\n\n\n\n<p>Pe\u00f1a aprovech\u00f3 adem\u00e1s para recordar sus primeras visitas al sur de Alto Paran\u00e1 cuando ocupaba el cargo de ministro de Hacienda, se\u00f1alando que fue en esa regi\u00f3n donde termin\u00f3 de convencerse del potencial productivo paraguayo.<\/p>\n\n\n\n<p>\u201cFui contaminado con este virus de la producci\u00f3n. Quiero decirles que ustedes est\u00e1n evangelizando con un converso. Yo soy el principal convencido y un admirador de lo que est\u00e1n haciendo ustedes y de lo que todav\u00eda podemos hacer\u201d, manifest\u00f3.<\/p>\n\n\n\n<p>Asimismo, record\u00f3 conversaciones mantenidas a\u00f1os atr\u00e1s con productores de la zona que planteaban la necesidad de industrializar la producci\u00f3n agr\u00edcola. \u201cEllos me dec\u00edan: \u2018Nosotros ya no queremos ser solamente agricultores, queremos ser industriales, queremos convertir nuestra prote\u00edna vegetal en prote\u00edna animal\u2019\u201d, relat\u00f3.<\/p>\n\n\n\n<p>En otro momento, Pe\u00f1a defendi\u00f3 la importancia de la pol\u00edtica como herramienta para impulsar transformaciones econ\u00f3micas profundas. \u201cLos grandes cambios en un pa\u00eds se hacen en la pol\u00edtica, y se hacen con conocimiento t\u00e9cnico, pero con decisiones pol\u00edticas\u201d, expres\u00f3.<\/p>\n\n\n\n<p>El mandatario tambi\u00e9n pidi\u00f3 a los productores involucrarse en los debates gremiales y econ\u00f3micos para defender el potencial del sector porcino. \u201cNo hay ninguna duda de que lo que puede hacer el sector porcino en la generaci\u00f3n de ingresos y bienestar para el Paraguay es tremendo\u201d, enfatiz\u00f3.<\/p>\n\n\n\n<p>Finalmente, ratific\u00f3 que el Gobierno continuar\u00e1 apostando por inversiones en infraestructura, financiamiento y coordinaci\u00f3n entre instituciones p\u00fablicas para acompa\u00f1ar el crecimiento del sector productivo.<\/p>\n\n\n\n<p>\u201cEstamos decididos a avanzar en este proceso del desarrollo, del crecimiento y de la industrializaci\u00f3n del Paraguay\u201d, concluy\u00f3 antes de abrir una ronda de consultas con los productores presentes.<\/p>\n","protected":false},"excerpt":{"rendered":"<p>El presidente de la Rep\u00fablica, Santiago Pe\u00f1a, asegur\u00f3 este martes que durante su gobierno no impulsar\u00e1 aumentos tributarios<\/p>\n","protected":false},"author":4,"featured_media":2644,"comment_status":"open","ping_status":"open","sticky":false,"template":"","format":"standard","meta":{"footnotes":""},"categories":[41],"tags":[671,669,670],"post_badge":[],"class_list":["post-2643","post","type-post","status-publish","format-standard","has-post-thumbnail","hentry","category-alto-parana","tag-aumento","tag-impuesto","tag-produccion"],"yoast_head":"<!-- This site is optimized with the Yoast SEO plugin v26.9 - https:\/\/yoast.com\/product\/yoast-seo-wordpress\/ -->\n<title>Pe\u00f1a ratifica que no aumentar\u00e1 impuestos en Paraguay y elogia la producci\u00f3n de Alto Paran\u00e1 - Radio Estaci\u00f3n - 92.9 Fm Caazap\u00e1 Alto Paran\u00e1 AUMENTO, IMPUESTO, PRODUCCION Alto Paran\u00e1<\/title>\n<meta name=\"description\" content=\"Radio Estaci\u00f3n - 92.9 Fm Caazap\u00e1 Alto Paran\u00e1 Pe\u00f1a ratifica que no aumentar\u00e1 impuestos en Paraguay y elogia la producci\u00f3n de Alto Paran\u00e1 AUMENTO, IMPUESTO, PRODUCCION Alto Paran\u00e1\" \/>\n<meta name=\"robots\" content=\"index, follow, max-snippet:-1, max-image-preview:large, max-video-preview:-1\" \/>\n<link rel=\"canonical\" href=\"https:\/\/radioestacion.com.py\/index.php\/2026\/04\/29\/pena-ratifica-que-no-aumentara-impuestos-en-paraguay-y-elogia-la-produccion-de-alto-parana\/\" \/>\n<meta property=\"og:locale\" content=\"es_ES\" \/>\n<meta property=\"og:type\" content=\"article\" \/>\n<meta property=\"og:title\" content=\"Pe\u00f1a ratifica que no aumentar\u00e1 impuestos en Paraguay y elogia la producci\u00f3n de Alto Paran\u00e1 - Radio Estaci\u00f3n - 92.9 Fm Caazap\u00e1 Alto Paran\u00e1 AUMENTO, IMPUESTO, PRODUCCION Alto Paran\u00e1\" \/>\n<meta property=\"og:description\" content=\"Radio Estaci\u00f3n - 92.9 Fm Caazap\u00e1 Alto Paran\u00e1 Pe\u00f1a ratifica que no aumentar\u00e1 impuestos en Paraguay y elogia la producci\u00f3n de Alto Paran\u00e1 AUMENTO, IMPUESTO, PRODUCCION Alto Paran\u00e1\" \/>\n<meta property=\"og:url\" content=\"https:\/\/radioestacion.com.py\/index.php\/2026\/04\/29\/pena-ratifica-que-no-aumentara-impuestos-en-paraguay-y-elogia-la-produccion-de-alto-parana\/\" \/>\n<meta property=\"og:site_name\" content=\"Radio Estaci\u00f3n - 92.9 Fm Caazap\u00e1\" \/>\n<meta property=\"article:publisher\" content=\"https:\/\/www.facebook.com\/profile.php?id=61578076966227\" \/>\n<meta property=\"article:published_time\" content=\"2026-04-29T00:52:56+00:00\" \/>\n<meta property=\"og:image\" content=\"https:\/\/radioestacion.com.py\/wp-content\/uploads\/2026\/04\/descarga-11.webp\" \/>\n\t<meta property=\"og:image:width\" content=\"1000\" \/>\n\t<meta property=\"og:image:height\" content=\"563\" \/>\n\t<meta property=\"og:image:type\" content=\"image\/webp\" \/>\n<meta name=\"author\" content=\"Red Multimedios\" \/>\n<meta name=\"twitter:card\" content=\"summary_large_image\" \/>\n<meta name=\"twitter:label1\" content=\"Escrito por\" \/>\n\t<meta name=\"twitter:data1\" content=\"Red Multimedios\" \/>\n\t<meta name=\"twitter:label2\" content=\"Tiempo de lectura\" \/>\n\t<meta name=\"twitter:data2\" content=\"3 minutos\" \/>\n<script type=\"application\/ld+json\" class=\"yoast-schema-graph\">{\"@context\":\"https:\/\/schema.org\",\"@graph\":[{\"@type\":\"Article\",\"@id\":\"https:\/\/radioestacion.com.py\/index.php\/2026\/04\/29\/pena-ratifica-que-no-aumentara-impuestos-en-paraguay-y-elogia-la-produccion-de-alto-parana\/#article\",\"isPartOf\":{\"@id\":\"https:\/\/radioestacion.com.py\/index.php\/2026\/04\/29\/pena-ratifica-que-no-aumentara-impuestos-en-paraguay-y-elogia-la-produccion-de-alto-parana\/\"},\"author\":{\"name\":\"Red Multimedios\",\"@id\":\"https:\/\/radioestacion.com.py\/#\/schema\/person\/a4020e85409009300bd9898994b03a3f\"},\"headline\":\"Pe\u00f1a ratifica que no aumentar\u00e1 impuestos en Paraguay y elogia la producci\u00f3n de Alto Paran\u00e1\",\"datePublished\":\"2026-04-29T00:52:56+00:00\",\"mainEntityOfPage\":{\"@id\":\"https:\/\/radioestacion.com.py\/index.php\/2026\/04\/29\/pena-ratifica-que-no-aumentara-impuestos-en-paraguay-y-elogia-la-produccion-de-alto-parana\/\"},\"wordCount\":690,\"commentCount\":0,\"publisher\":{\"@id\":\"https:\/\/radioestacion.com.py\/#organization\"},\"image\":{\"@id\":\"https:\/\/radioestacion.com.py\/index.php\/2026\/04\/29\/pena-ratifica-que-no-aumentara-impuestos-en-paraguay-y-elogia-la-produccion-de-alto-parana\/#primaryimage\"},\"thumbnailUrl\":\"https:\/\/radioestacion.com.py\/wp-content\/uploads\/2026\/04\/descarga-11.webp\",\"keywords\":[\"AUMENTO\",\"IMPUESTO\",\"PRODUCCION\"],\"articleSection\":[\"Alto Paran\u00e1\"],\"inLanguage\":\"es\",\"potentialAction\":[{\"@type\":\"CommentAction\",\"name\":\"Comment\",\"target\":[\"https:\/\/radioestacion.com.py\/index.php\/2026\/04\/29\/pena-ratifica-que-no-aumentara-impuestos-en-paraguay-y-elogia-la-produccion-de-alto-parana\/#respond\"]}]},{\"@type\":\"WebPage\",\"@id\":\"https:\/\/radioestacion.com.py\/index.php\/2026\/04\/29\/pena-ratifica-que-no-aumentara-impuestos-en-paraguay-y-elogia-la-produccion-de-alto-parana\/\",\"url\":\"https:\/\/radioestacion.com.py\/index.php\/2026\/04\/29\/pena-ratifica-que-no-aumentara-impuestos-en-paraguay-y-elogia-la-produccion-de-alto-parana\/\",\"name\":\"Pe\u00f1a ratifica que no aumentar\u00e1 impuestos en Paraguay y elogia la producci\u00f3n de Alto Paran\u00e1 - Radio Estaci\u00f3n - 92.9 Fm Caazap\u00e1 Alto Paran\u00e1 AUMENTO, IMPUESTO, PRODUCCION Alto Paran\u00e1\",\"isPartOf\":{\"@id\":\"https:\/\/radioestacion.com.py\/#website\"},\"primaryImageOfPage\":{\"@id\":\"https:\/\/radioestacion.com.py\/index.php\/2026\/04\/29\/pena-ratifica-que-no-aumentara-impuestos-en-paraguay-y-elogia-la-produccion-de-alto-parana\/#primaryimage\"},\"image\":{\"@id\":\"https:\/\/radioestacion.com.py\/index.php\/2026\/04\/29\/pena-ratifica-que-no-aumentara-impuestos-en-paraguay-y-elogia-la-produccion-de-alto-parana\/#primaryimage\"},\"thumbnailUrl\":\"https:\/\/radioestacion.com.py\/wp-content\/uploads\/2026\/04\/descarga-11.webp\",\"datePublished\":\"2026-04-29T00:52:56+00:00\",\"description\":\"Radio Estaci\u00f3n - 92.9 Fm Caazap\u00e1 Alto Paran\u00e1 Pe\u00f1a ratifica que no aumentar\u00e1 impuestos en Paraguay y elogia la producci\u00f3n de Alto Paran\u00e1 AUMENTO, IMPUESTO, PRODUCCION Alto Paran\u00e1\",\"breadcrumb\":{\"@id\":\"https:\/\/radioestacion.com.py\/index.php\/2026\/04\/29\/pena-ratifica-que-no-aumentara-impuestos-en-paraguay-y-elogia-la-produccion-de-alto-parana\/#breadcrumb\"},\"inLanguage\":\"es\",\"potentialAction\":[{\"@type\":\"ReadAction\",\"target\":[\"https:\/\/radioestacion.com.py\/index.php\/2026\/04\/29\/pena-ratifica-que-no-aumentara-impuestos-en-paraguay-y-elogia-la-produccion-de-alto-parana\/\"]}]},{\"@type\":\"ImageObject\",\"inLanguage\":\"es\",\"@id\":\"https:\/\/radioestacion.com.py\/index.php\/2026\/04\/29\/pena-ratifica-que-no-aumentara-impuestos-en-paraguay-y-elogia-la-produccion-de-alto-parana\/#primaryimage\",\"url\":\"https:\/\/radioestacion.com.py\/wp-content\/uploads\/2026\/04\/descarga-11.webp\",\"contentUrl\":\"https:\/\/radioestacion.com.py\/wp-content\/uploads\/2026\/04\/descarga-11.webp\",\"width\":1000,\"height\":563,\"caption\":\"El presidente de la Rep\u00fablica, Santiago Pe\u00f1a.Foto: Gentileza.\"},{\"@type\":\"BreadcrumbList\",\"@id\":\"https:\/\/radioestacion.com.py\/index.php\/2026\/04\/29\/pena-ratifica-que-no-aumentara-impuestos-en-paraguay-y-elogia-la-produccion-de-alto-parana\/#breadcrumb\",\"itemListElement\":[{\"@type\":\"ListItem\",\"position\":1,\"name\":\"Portada\",\"item\":\"https:\/\/radioestacion.com.py\/\"},{\"@type\":\"ListItem\",\"position\":2,\"name\":\"Pe\u00f1a ratifica que no aumentar\u00e1 impuestos en Paraguay y elogia la producci\u00f3n de Alto Paran\u00e1\"}]},{\"@type\":\"WebSite\",\"@id\":\"https:\/\/radioestacion.com.py\/#website\",\"url\":\"https:\/\/radioestacion.com.py\/\",\"name\":\"Radio Estaci\u00f3n - 92.9 Fm Caazap\u00e1\",\"description\":\"Radio Estaci\u00f3n de Caazap\u00e1, 92.9 radio estaci\u00f3n\",\"publisher\":{\"@id\":\"https:\/\/radioestacion.com.py\/#organization\"},\"alternateName\":\"Radio Estacion de Caazap\u00e1\",\"potentialAction\":[{\"@type\":\"SearchAction\",\"target\":{\"@type\":\"EntryPoint\",\"urlTemplate\":\"https:\/\/radioestacion.com.py\/?s={search_term_string}\"},\"query-input\":{\"@type\":\"PropertyValueSpecification\",\"valueRequired\":true,\"valueName\":\"search_term_string\"}}],\"inLanguage\":\"es\"},{\"@type\":\"Organization\",\"@id\":\"https:\/\/radioestacion.com.py\/#organization\",\"name\":\"Radio Estaci\u00f3n 92.9\",\"url\":\"https:\/\/radioestacion.com.py\/\",\"logo\":{\"@type\":\"ImageObject\",\"inLanguage\":\"es\",\"@id\":\"https:\/\/radioestacion.com.py\/#\/schema\/logo\/image\/\",\"url\":\"https:\/\/radioestacion.com.py\/wp-content\/uploads\/2025\/07\/cropped-logo-1.png\",\"contentUrl\":\"https:\/\/radioestacion.com.py\/wp-content\/uploads\/2025\/07\/cropped-logo-1.png\",\"width\":512,\"height\":512,\"caption\":\"Radio Estaci\u00f3n 92.9\"},\"image\":{\"@id\":\"https:\/\/radioestacion.com.py\/#\/schema\/logo\/image\/\"},\"sameAs\":[\"https:\/\/www.facebook.com\/profile.php?id=61578076966227\"]},{\"@type\":\"Person\",\"@id\":\"https:\/\/radioestacion.com.py\/#\/schema\/person\/a4020e85409009300bd9898994b03a3f\",\"name\":\"Red Multimedios\",\"image\":{\"@type\":\"ImageObject\",\"inLanguage\":\"es\",\"@id\":\"https:\/\/radioestacion.com.py\/#\/schema\/person\/image\/\",\"url\":\"https:\/\/secure.gravatar.com\/avatar\/992b8061e4c1e7683a64e011a7972e7a58ee464d2afcc56539cf6454481292c7?s=96&d=mm&r=g\",\"contentUrl\":\"https:\/\/secure.gravatar.com\/avatar\/992b8061e4c1e7683a64e011a7972e7a58ee464d2afcc56539cf6454481292c7?s=96&d=mm&r=g\",\"caption\":\"Red Multimedios\"},\"url\":\"https:\/\/radioestacion.com.py\/index.php\/author\/red-multimedios\/\"}]}<\/script>\n<!-- \/ Yoast SEO plugin. -->","yoast_head_json":{"title":"Pe\u00f1a ratifica que no aumentar\u00e1 impuestos en Paraguay y elogia la producci\u00f3n de Alto Paran\u00e1 - Radio Estaci\u00f3n - 92.9 Fm Caazap\u00e1 Alto Paran\u00e1 AUMENTO, IMPUESTO, PRODUCCION Alto Paran\u00e1","description":"Radio Estaci\u00f3n - 92.9 Fm Caazap\u00e1 Alto Paran\u00e1 Pe\u00f1a ratifica que no aumentar\u00e1 impuestos en Paraguay y elogia la producci\u00f3n de Alto Paran\u00e1 AUMENTO, IMPUESTO, PRODUCCION Alto Paran\u00e1","robots":{"index":"index","follow":"follow","max-snippet":"max-snippet:-1","max-image-preview":"max-image-preview:large","max-video-preview":"max-video-preview:-1"},"canonical":"https:\/\/radioestacion.com.py\/index.php\/2026\/04\/29\/pena-ratifica-que-no-aumentara-impuestos-en-paraguay-y-elogia-la-produccion-de-alto-parana\/","og_locale":"es_ES","og_type":"article","og_title":"Pe\u00f1a ratifica que no aumentar\u00e1 impuestos en Paraguay y elogia la producci\u00f3n de Alto Paran\u00e1 - Radio Estaci\u00f3n - 92.9 Fm Caazap\u00e1 Alto Paran\u00e1 AUMENTO, IMPUESTO, PRODUCCION Alto Paran\u00e1","og_description":"Radio Estaci\u00f3n - 92.9 Fm Caazap\u00e1 Alto Paran\u00e1 Pe\u00f1a ratifica que no aumentar\u00e1 impuestos en Paraguay y elogia la producci\u00f3n de Alto Paran\u00e1 AUMENTO, IMPUESTO, PRODUCCION Alto Paran\u00e1","og_url":"https:\/\/radioestacion.com.py\/index.php\/2026\/04\/29\/pena-ratifica-que-no-aumentara-impuestos-en-paraguay-y-elogia-la-produccion-de-alto-parana\/","og_site_name":"Radio Estaci\u00f3n - 92.9 Fm Caazap\u00e1","article_publisher":"https:\/\/www.facebook.com\/profile.php?id=61578076966227","article_published_time":"2026-04-29T00:52:56+00:00","og_image":[{"width":1000,"height":563,"url":"https:\/\/radioestacion.com.py\/wp-content\/uploads\/2026\/04\/descarga-11.webp","type":"image\/webp"}],"author":"Red Multimedios","twitter_card":"summary_large_image","twitter_misc":{"Escrito por":"Red Multimedios","Tiempo de lectura":"3 minutos"},"schema":{"@context":"https:\/\/schema.org","@graph":[{"@type":"Article","@id":"https:\/\/radioestacion.com.py\/index.php\/2026\/04\/29\/pena-ratifica-que-no-aumentara-impuestos-en-paraguay-y-elogia-la-produccion-de-alto-parana\/#article","isPartOf":{"@id":"https:\/\/radioestacion.com.py\/index.php\/2026\/04\/29\/pena-ratifica-que-no-aumentara-impuestos-en-paraguay-y-elogia-la-produccion-de-alto-parana\/"},"author":{"name":"Red Multimedios","@id":"https:\/\/radioestacion.com.py\/#\/schema\/person\/a4020e85409009300bd9898994b03a3f"},"headline":"Pe\u00f1a ratifica que no aumentar\u00e1 impuestos en Paraguay y elogia la producci\u00f3n de Alto Paran\u00e1","datePublished":"2026-04-29T00:52:56+00:00","mainEntityOfPage":{"@id":"https:\/\/radioestacion.com.py\/index.php\/2026\/04\/29\/pena-ratifica-que-no-aumentara-impuestos-en-paraguay-y-elogia-la-produccion-de-alto-parana\/"},"wordCount":690,"commentCount":0,"publisher":{"@id":"https:\/\/radioestacion.com.py\/#organization"},"image":{"@id":"https:\/\/radioestacion.com.py\/index.php\/2026\/04\/29\/pena-ratifica-que-no-aumentara-impuestos-en-paraguay-y-elogia-la-produccion-de-alto-parana\/#primaryimage"},"thumbnailUrl":"https:\/\/radioestacion.com.py\/wp-content\/uploads\/2026\/04\/descarga-11.webp","keywords":["AUMENTO","IMPUESTO","PRODUCCION"],"articleSection":["Alto Paran\u00e1"],"inLanguage":"es","potentialAction":[{"@type":"CommentAction","name":"Comment","target":["https:\/\/radioestacion.com.py\/index.php\/2026\/04\/29\/pena-ratifica-que-no-aumentara-impuestos-en-paraguay-y-elogia-la-produccion-de-alto-parana\/#respond"]}]},{"@type":"WebPage","@id":"https:\/\/radioestacion.com.py\/index.php\/2026\/04\/29\/pena-ratifica-que-no-aumentara-impuestos-en-paraguay-y-elogia-la-produccion-de-alto-parana\/","url":"https:\/\/radioestacion.com.py\/index.php\/2026\/04\/29\/pena-ratifica-que-no-aumentara-impuestos-en-paraguay-y-elogia-la-produccion-de-alto-parana\/","name":"Pe\u00f1a ratifica que no aumentar\u00e1 impuestos en Paraguay y elogia la producci\u00f3n de Alto Paran\u00e1 - Radio Estaci\u00f3n - 92.9 Fm Caazap\u00e1 Alto Paran\u00e1 AUMENTO, IMPUESTO, PRODUCCION Alto Paran\u00e1","isPartOf":{"@id":"https:\/\/radioestacion.com.py\/#website"},"primaryImageOfPage":{"@id":"https:\/\/radioestacion.com.py\/index.php\/2026\/04\/29\/pena-ratifica-que-no-aumentara-impuestos-en-paraguay-y-elogia-la-produccion-de-alto-parana\/#primaryimage"},"image":{"@id":"https:\/\/radioestacion.com.py\/index.php\/2026\/04\/29\/pena-ratifica-que-no-aumentara-impuestos-en-paraguay-y-elogia-la-produccion-de-alto-parana\/#primaryimage"},"thumbnailUrl":"https:\/\/radioestacion.com.py\/wp-content\/uploads\/2026\/04\/descarga-11.webp","datePublished":"2026-04-29T00:52:56+00:00","description":"Radio Estaci\u00f3n - 92.9 Fm Caazap\u00e1 Alto Paran\u00e1 Pe\u00f1a ratifica que no aumentar\u00e1 impuestos en Paraguay y elogia la producci\u00f3n de Alto Paran\u00e1 AUMENTO, IMPUESTO, PRODUCCION Alto Paran\u00e1","breadcrumb":{"@id":"https:\/\/radioestacion.com.py\/index.php\/2026\/04\/29\/pena-ratifica-que-no-aumentara-impuestos-en-paraguay-y-elogia-la-produccion-de-alto-parana\/#breadcrumb"},"inLanguage":"es","potentialAction":[{"@type":"ReadAction","target":["https:\/\/radioestacion.com.py\/index.php\/2026\/04\/29\/pena-ratifica-que-no-aumentara-impuestos-en-paraguay-y-elogia-la-produccion-de-alto-parana\/"]}]},{"@type":"ImageObject","inLanguage":"es","@id":"https:\/\/radioestacion.com.py\/index.php\/2026\/04\/29\/pena-ratifica-que-no-aumentara-impuestos-en-paraguay-y-elogia-la-produccion-de-alto-parana\/#primaryimage","url":"https:\/\/radioestacion.com.py\/wp-content\/uploads\/2026\/04\/descarga-11.webp","contentUrl":"https:\/\/radioestacion.com.py\/wp-content\/uploads\/2026\/04\/descarga-11.webp","width":1000,"height":563,"caption":"El presidente de la Rep\u00fablica, Santiago Pe\u00f1a.Foto: Gentileza."},{"@type":"BreadcrumbList","@id":"https:\/\/radioestacion.com.py\/index.php\/2026\/04\/29\/pena-ratifica-que-no-aumentara-impuestos-en-paraguay-y-elogia-la-produccion-de-alto-parana\/#breadcrumb","itemListElement":[{"@type":"ListItem","position":1,"name":"Portada","item":"https:\/\/radioestacion.com.py\/"},{"@type":"ListItem","position":2,"name":"Pe\u00f1a ratifica que no aumentar\u00e1 impuestos en Paraguay y elogia la producci\u00f3n de Alto Paran\u00e1"}]},{"@type":"WebSite","@id":"https:\/\/radioestacion.com.py\/#website","url":"https:\/\/radioestacion.com.py\/","name":"Radio Estaci\u00f3n - 92.9 Fm Caazap\u00e1","description":"Radio Estaci\u00f3n de Caazap\u00e1, 92.9 radio estaci\u00f3n","publisher":{"@id":"https:\/\/radioestacion.com.py\/#organization"},"alternateName":"Radio Estacion de Caazap\u00e1","potentialAction":[{"@type":"SearchAction","target":{"@type":"EntryPoint","urlTemplate":"https:\/\/radioestacion.com.py\/?s={search_term_string}"},"query-input":{"@type":"PropertyValueSpecification","valueRequired":true,"valueName":"search_term_string"}}],"inLanguage":"es"},{"@type":"Organization","@id":"https:\/\/radioestacion.com.py\/#organization","name":"Radio Estaci\u00f3n 92.9","url":"https:\/\/radioestacion.com.py\/","logo":{"@type":"ImageObject","inLanguage":"es","@id":"https:\/\/radioestacion.com.py\/#\/schema\/logo\/image\/","url":"https:\/\/radioestacion.com.py\/wp-content\/uploads\/2025\/07\/cropped-logo-1.png","contentUrl":"https:\/\/radioestacion.com.py\/wp-content\/uploads\/2025\/07\/cropped-logo-1.png","width":512,"height":512,"caption":"Radio Estaci\u00f3n 92.9"},"image":{"@id":"https:\/\/radioestacion.com.py\/#\/schema\/logo\/image\/"},"sameAs":["https:\/\/www.facebook.com\/profile.php?id=61578076966227"]},{"@type":"Person","@id":"https:\/\/radioestacion.com.py\/#\/schema\/person\/a4020e85409009300bd9898994b03a3f","name":"Red Multimedios","image":{"@type":"ImageObject","inLanguage":"es","@id":"https:\/\/radioestacion.com.py\/#\/schema\/person\/image\/","url":"https:\/\/secure.gravatar.com\/avatar\/992b8061e4c1e7683a64e011a7972e7a58ee464d2afcc56539cf6454481292c7?s=96&d=mm&r=g","contentUrl":"https:\/\/secure.gravatar.com\/avatar\/992b8061e4c1e7683a64e011a7972e7a58ee464d2afcc56539cf6454481292c7?s=96&d=mm&r=g","caption":"Red Multimedios"},"url":"https:\/\/radioestacion.com.py\/index.php\/author\/red-multimedios\/"}]}},"_links":{"self":[{"href":"https:\/\/radioestacion.com.py\/index.php\/wp-json\/wp\/v2\/posts\/2643","targetHints":{"allow":["GET"]}}],"collection":[{"href":"https:\/\/radioestacion.com.py\/index.php\/wp-json\/wp\/v2\/posts"}],"about":[{"href":"https:\/\/radioestacion.com.py\/index.php\/wp-json\/wp\/v2\/types\/post"}],"author":[{"embeddable":true,"href":"https:\/\/radioestacion.com.py\/index.php\/wp-json\/wp\/v2\/users\/4"}],"replies":[{"embeddable":true,"href":"https:\/\/radioestacion.com.py\/index.php\/wp-json\/wp\/v2\/comments?post=2643"}],"version-history":[{"count":1,"href":"https:\/\/radioestacion.com.py\/index.php\/wp-json\/wp\/v2\/posts\/2643\/revisions"}],"predecessor-version":[{"id":2645,"href":"https:\/\/radioestacion.com.py\/index.php\/wp-json\/wp\/v2\/posts\/2643\/revisions\/2645"}],"wp:featuredmedia":[{"embeddable":true,"href":"https:\/\/radioestacion.com.py\/index.php\/wp-json\/wp\/v2\/media\/2644"}],"wp:attachment":[{"href":"https:\/\/radioestacion.com.py\/index.php\/wp-json\/wp\/v2\/media?parent=2643"}],"wp:term":[{"taxonomy":"category","embeddable":true,"href":"https:\/\/radioestacion.com.py\/index.php\/wp-json\/wp\/v2\/categories?post=2643"},{"taxonomy":"post_tag","embeddable":true,"href":"https:\/\/radioestacion.com.py\/index.php\/wp-json\/wp\/v2\/tags?post=2643"},{"taxonomy":"post_badge","embeddable":true,"href":"https:\/\/radioestacion.com.py\/index.php\/wp-json\/wp\/v2\/post_badge?post=2643"}],"curies":[{"name":"wp","href":"https:\/\/api.w.org\/{rel}","templated":true}]}}