{"id":2652,"date":"2026-04-29T01:16:18","date_gmt":"2026-04-29T01:16:18","guid":{"rendered":"https:\/\/radioestacion.com.py\/?p=2652"},"modified":"2026-04-29T01:16:19","modified_gmt":"2026-04-29T01:16:19","slug":"ambiente-fresco-a-calido-y-aumento-de-temperaturas-hacia-el-fin-de-semana","status":"publish","type":"post","link":"https:\/\/radioestacion.com.py\/index.php\/2026\/04\/29\/ambiente-fresco-a-calido-y-aumento-de-temperaturas-hacia-el-fin-de-semana\/","title":{"rendered":"Ambiente fresco a c\u00e1lido y aumento de temperaturas hacia el fin de semana"},"content":{"rendered":"\n<h3 class=\"wp-block-heading\"><strong>El pron\u00f3stico del tiempo indica una variaci\u00f3n en las condiciones clim\u00e1ticas para los pr\u00f3ximos d\u00edas, con un ambiente que ir\u00e1 de fresco a c\u00e1lido, adem\u00e1s de un progresivo aumento de la temperatura hacia el fin de semana, acompa\u00f1ado de lluvias.<\/strong><\/h3>\n\n\n\n<p>Para este <strong>mi\u00e9rcoles 29 de abril<\/strong>, se prev\u00e9 una jornada con ambiente fresco en las primeras horas, torn\u00e1ndose c\u00e1lido en el transcurso del d\u00eda. El cielo se presentar\u00e1 parcialmente nublado, con vientos predominantes del sureste que luego ir\u00e1n variando. Las temperaturas oscilar\u00e1n entre los <strong>11\u00b0C de m\u00ednima y 23\u00b0C de m\u00e1xima<\/strong>, por lo que se recomienda tomar precauciones ante el contraste t\u00e9rmico, especialmente durante la ma\u00f1ana y la noche.<\/p>\n\n\n\n<p>En tanto, el <strong>jueves 30 de abril<\/strong> se mantendr\u00e1n condiciones similares, aunque con un leve ascenso de la temperatura. El d\u00eda iniciar\u00e1 fresco y se tornar\u00e1 c\u00e1lido, con cielo parcialmente nublado a nublado y vientos variables que posteriormente rotar\u00e1n al noreste. La m\u00ednima estimada es de <strong>14\u00b0C<\/strong>, mientras que la m\u00e1xima alcanzar\u00eda los <strong>27\u00b0C<\/strong>, configurando una jornada m\u00e1s templada.<\/p>\n\n\n\n<p>Ya para el <strong>viernes 1 de mayo<\/strong>, feriado por el <strong>D\u00eda del Trabajador<\/strong>, se espera un cambio m\u00e1s notorio en las condiciones. El ambiente se presentar\u00e1 <strong>c\u00e1lido a caluroso<\/strong>, con cielo mayormente nublado y vientos del sector norte, lo que favorecer\u00e1 el aumento de la temperatura. Las marcas t\u00e9rmicas estar\u00e1n entre los <strong>20\u00b0C de m\u00ednima y 32\u00b0C de m\u00e1xima<\/strong>. Adem\u00e1s, no se descartan <strong>chaparrones dispersos<\/strong>, principalmente en horas de la tarde.<\/p>\n\n\n\n<p>Estas condiciones responden al ingreso de vientos del norte, caracter\u00edsticos de esta \u00e9poca, que impulsan el aumento de las temperaturas y la inestabilidad atmosf\u00e9rica.<\/p>\n","protected":false},"excerpt":{"rendered":"<p>El pron\u00f3stico del tiempo indica una variaci\u00f3n en las condiciones clim\u00e1ticas para los pr\u00f3ximos d\u00edas, con un ambiente<\/p>\n","protected":false},"author":4,"featured_media":1010,"comment_status":"open","ping_status":"open","sticky":false,"template":"","format":"standard","meta":{"footnotes":""},"categories":[43],"tags":[102,96],"post_badge":[],"class_list":["post-2652","post","type-post","status-publish","format-standard","has-post-thumbnail","hentry","category-meteorologia","tag-clima","tag-meteorologia-2"],"yoast_head":"<!-- This site is optimized with the Yoast SEO plugin v26.9 - https:\/\/yoast.com\/product\/yoast-seo-wordpress\/ -->\n<title>Ambiente fresco a c\u00e1lido y aumento de temperaturas hacia el fin de semana - Radio Estaci\u00f3n - 92.9 Fm Caazap\u00e1 Meteorolog\u00eda #Clima, #Meteorologia Meteorolog\u00eda<\/title>\n<meta name=\"description\" content=\"Radio Estaci\u00f3n - 92.9 Fm Caazap\u00e1 Meteorolog\u00eda Ambiente fresco a c\u00e1lido y aumento de temperaturas hacia el fin de semana #Clima, #Meteorologia Meteorolog\u00eda\" \/>\n<meta name=\"robots\" content=\"index, follow, max-snippet:-1, max-image-preview:large, max-video-preview:-1\" \/>\n<link rel=\"canonical\" href=\"https:\/\/radioestacion.com.py\/index.php\/2026\/04\/29\/ambiente-fresco-a-calido-y-aumento-de-temperaturas-hacia-el-fin-de-semana\/\" \/>\n<meta property=\"og:locale\" content=\"es_ES\" \/>\n<meta property=\"og:type\" content=\"article\" \/>\n<meta property=\"og:title\" content=\"Ambiente fresco a c\u00e1lido y aumento de temperaturas hacia el fin de semana - Radio Estaci\u00f3n - 92.9 Fm Caazap\u00e1 Meteorolog\u00eda #Clima, #Meteorologia Meteorolog\u00eda\" \/>\n<meta property=\"og:description\" content=\"Radio Estaci\u00f3n - 92.9 Fm Caazap\u00e1 Meteorolog\u00eda Ambiente fresco a c\u00e1lido y aumento de temperaturas hacia el fin de semana #Clima, #Meteorologia Meteorolog\u00eda\" \/>\n<meta property=\"og:url\" content=\"https:\/\/radioestacion.com.py\/index.php\/2026\/04\/29\/ambiente-fresco-a-calido-y-aumento-de-temperaturas-hacia-el-fin-de-semana\/\" \/>\n<meta property=\"og:site_name\" content=\"Radio Estaci\u00f3n - 92.9 Fm Caazap\u00e1\" \/>\n<meta property=\"article:publisher\" content=\"https:\/\/www.facebook.com\/profile.php?id=61578076966227\" \/>\n<meta property=\"article:published_time\" content=\"2026-04-29T01:16:18+00:00\" \/>\n<meta property=\"article:modified_time\" content=\"2026-04-29T01:16:19+00:00\" \/>\n<meta property=\"og:image\" content=\"https:\/\/radioestacion.com.py\/wp-content\/uploads\/2026\/02\/Untitled-6.png\" \/>\n\t<meta property=\"og:image:width\" content=\"1600\" \/>\n\t<meta property=\"og:image:height\" content=\"1200\" \/>\n\t<meta property=\"og:image:type\" content=\"image\/png\" \/>\n<meta name=\"author\" content=\"Red Multimedios\" \/>\n<meta name=\"twitter:card\" content=\"summary_large_image\" \/>\n<meta name=\"twitter:label1\" content=\"Escrito por\" \/>\n\t<meta name=\"twitter:data1\" content=\"Red Multimedios\" \/>\n\t<meta name=\"twitter:label2\" content=\"Tiempo de lectura\" \/>\n\t<meta name=\"twitter:data2\" content=\"2 minutos\" \/>\n<script type=\"application\/ld+json\" class=\"yoast-schema-graph\">{\"@context\":\"https:\/\/schema.org\",\"@graph\":[{\"@type\":\"Article\",\"@id\":\"https:\/\/radioestacion.com.py\/index.php\/2026\/04\/29\/ambiente-fresco-a-calido-y-aumento-de-temperaturas-hacia-el-fin-de-semana\/#article\",\"isPartOf\":{\"@id\":\"https:\/\/radioestacion.com.py\/index.php\/2026\/04\/29\/ambiente-fresco-a-calido-y-aumento-de-temperaturas-hacia-el-fin-de-semana\/\"},\"author\":{\"name\":\"Red Multimedios\",\"@id\":\"https:\/\/radioestacion.com.py\/#\/schema\/person\/a4020e85409009300bd9898994b03a3f\"},\"headline\":\"Ambiente fresco a c\u00e1lido y aumento de temperaturas hacia el fin de semana\",\"datePublished\":\"2026-04-29T01:16:18+00:00\",\"dateModified\":\"2026-04-29T01:16:19+00:00\",\"mainEntityOfPage\":{\"@id\":\"https:\/\/radioestacion.com.py\/index.php\/2026\/04\/29\/ambiente-fresco-a-calido-y-aumento-de-temperaturas-hacia-el-fin-de-semana\/\"},\"wordCount\":310,\"commentCount\":0,\"publisher\":{\"@id\":\"https:\/\/radioestacion.com.py\/#organization\"},\"image\":{\"@id\":\"https:\/\/radioestacion.com.py\/index.php\/2026\/04\/29\/ambiente-fresco-a-calido-y-aumento-de-temperaturas-hacia-el-fin-de-semana\/#primaryimage\"},\"thumbnailUrl\":\"https:\/\/radioestacion.com.py\/wp-content\/uploads\/2026\/02\/Untitled-6.png\",\"keywords\":[\"#Clima\",\"#Meteorologia\"],\"articleSection\":[\"Meteorolog\u00eda\"],\"inLanguage\":\"es\",\"potentialAction\":[{\"@type\":\"CommentAction\",\"name\":\"Comment\",\"target\":[\"https:\/\/radioestacion.com.py\/index.php\/2026\/04\/29\/ambiente-fresco-a-calido-y-aumento-de-temperaturas-hacia-el-fin-de-semana\/#respond\"]}]},{\"@type\":\"WebPage\",\"@id\":\"https:\/\/radioestacion.com.py\/index.php\/2026\/04\/29\/ambiente-fresco-a-calido-y-aumento-de-temperaturas-hacia-el-fin-de-semana\/\",\"url\":\"https:\/\/radioestacion.com.py\/index.php\/2026\/04\/29\/ambiente-fresco-a-calido-y-aumento-de-temperaturas-hacia-el-fin-de-semana\/\",\"name\":\"Ambiente fresco a c\u00e1lido y aumento de temperaturas hacia el fin de semana - Radio Estaci\u00f3n - 92.9 Fm Caazap\u00e1 Meteorolog\u00eda #Clima, #Meteorologia Meteorolog\u00eda\",\"isPartOf\":{\"@id\":\"https:\/\/radioestacion.com.py\/#website\"},\"primaryImageOfPage\":{\"@id\":\"https:\/\/radioestacion.com.py\/index.php\/2026\/04\/29\/ambiente-fresco-a-calido-y-aumento-de-temperaturas-hacia-el-fin-de-semana\/#primaryimage\"},\"image\":{\"@id\":\"https:\/\/radioestacion.com.py\/index.php\/2026\/04\/29\/ambiente-fresco-a-calido-y-aumento-de-temperaturas-hacia-el-fin-de-semana\/#primaryimage\"},\"thumbnailUrl\":\"https:\/\/radioestacion.com.py\/wp-content\/uploads\/2026\/02\/Untitled-6.png\",\"datePublished\":\"2026-04-29T01:16:18+00:00\",\"dateModified\":\"2026-04-29T01:16:19+00:00\",\"description\":\"Radio Estaci\u00f3n - 92.9 Fm Caazap\u00e1 Meteorolog\u00eda Ambiente fresco a c\u00e1lido y aumento de temperaturas hacia el fin de semana #Clima, #Meteorologia Meteorolog\u00eda\",\"breadcrumb\":{\"@id\":\"https:\/\/radioestacion.com.py\/index.php\/2026\/04\/29\/ambiente-fresco-a-calido-y-aumento-de-temperaturas-hacia-el-fin-de-semana\/#breadcrumb\"},\"inLanguage\":\"es\",\"potentialAction\":[{\"@type\":\"ReadAction\",\"target\":[\"https:\/\/radioestacion.com.py\/index.php\/2026\/04\/29\/ambiente-fresco-a-calido-y-aumento-de-temperaturas-hacia-el-fin-de-semana\/\"]}]},{\"@type\":\"ImageObject\",\"inLanguage\":\"es\",\"@id\":\"https:\/\/radioestacion.com.py\/index.php\/2026\/04\/29\/ambiente-fresco-a-calido-y-aumento-de-temperaturas-hacia-el-fin-de-semana\/#primaryimage\",\"url\":\"https:\/\/radioestacion.com.py\/wp-content\/uploads\/2026\/02\/Untitled-6.png\",\"contentUrl\":\"https:\/\/radioestacion.com.py\/wp-content\/uploads\/2026\/02\/Untitled-6.png\",\"width\":1600,\"height\":1200,\"caption\":\"Semana contin\u00faa fresco y probabilidad de algunos chaparrones- Foto: Archivo: Red Suceso Multimedios\"},{\"@type\":\"BreadcrumbList\",\"@id\":\"https:\/\/radioestacion.com.py\/index.php\/2026\/04\/29\/ambiente-fresco-a-calido-y-aumento-de-temperaturas-hacia-el-fin-de-semana\/#breadcrumb\",\"itemListElement\":[{\"@type\":\"ListItem\",\"position\":1,\"name\":\"Portada\",\"item\":\"https:\/\/radioestacion.com.py\/\"},{\"@type\":\"ListItem\",\"position\":2,\"name\":\"Ambiente fresco a c\u00e1lido y aumento de temperaturas hacia el fin de semana\"}]},{\"@type\":\"WebSite\",\"@id\":\"https:\/\/radioestacion.com.py\/#website\",\"url\":\"https:\/\/radioestacion.com.py\/\",\"name\":\"Radio Estaci\u00f3n - 92.9 Fm Caazap\u00e1\",\"description\":\"Radio Estaci\u00f3n de Caazap\u00e1, 92.9 radio estaci\u00f3n\",\"publisher\":{\"@id\":\"https:\/\/radioestacion.com.py\/#organization\"},\"alternateName\":\"Radio Estacion de Caazap\u00e1\",\"potentialAction\":[{\"@type\":\"SearchAction\",\"target\":{\"@type\":\"EntryPoint\",\"urlTemplate\":\"https:\/\/radioestacion.com.py\/?s={search_term_string}\"},\"query-input\":{\"@type\":\"PropertyValueSpecification\",\"valueRequired\":true,\"valueName\":\"search_term_string\"}}],\"inLanguage\":\"es\"},{\"@type\":\"Organization\",\"@id\":\"https:\/\/radioestacion.com.py\/#organization\",\"name\":\"Radio Estaci\u00f3n 92.9\",\"url\":\"https:\/\/radioestacion.com.py\/\",\"logo\":{\"@type\":\"ImageObject\",\"inLanguage\":\"es\",\"@id\":\"https:\/\/radioestacion.com.py\/#\/schema\/logo\/image\/\",\"url\":\"https:\/\/radioestacion.com.py\/wp-content\/uploads\/2025\/07\/cropped-logo-1.png\",\"contentUrl\":\"https:\/\/radioestacion.com.py\/wp-content\/uploads\/2025\/07\/cropped-logo-1.png\",\"width\":512,\"height\":512,\"caption\":\"Radio Estaci\u00f3n 92.9\"},\"image\":{\"@id\":\"https:\/\/radioestacion.com.py\/#\/schema\/logo\/image\/\"},\"sameAs\":[\"https:\/\/www.facebook.com\/profile.php?id=61578076966227\"]},{\"@type\":\"Person\",\"@id\":\"https:\/\/radioestacion.com.py\/#\/schema\/person\/a4020e85409009300bd9898994b03a3f\",\"name\":\"Red Multimedios\",\"image\":{\"@type\":\"ImageObject\",\"inLanguage\":\"es\",\"@id\":\"https:\/\/radioestacion.com.py\/#\/schema\/person\/image\/\",\"url\":\"https:\/\/secure.gravatar.com\/avatar\/992b8061e4c1e7683a64e011a7972e7a58ee464d2afcc56539cf6454481292c7?s=96&d=mm&r=g\",\"contentUrl\":\"https:\/\/secure.gravatar.com\/avatar\/992b8061e4c1e7683a64e011a7972e7a58ee464d2afcc56539cf6454481292c7?s=96&d=mm&r=g\",\"caption\":\"Red Multimedios\"},\"url\":\"https:\/\/radioestacion.com.py\/index.php\/author\/red-multimedios\/\"}]}<\/script>\n<!-- \/ Yoast SEO plugin. -->","yoast_head_json":{"title":"Ambiente fresco a c\u00e1lido y aumento de temperaturas hacia el fin de semana - Radio Estaci\u00f3n - 92.9 Fm Caazap\u00e1 Meteorolog\u00eda #Clima, #Meteorologia Meteorolog\u00eda","description":"Radio Estaci\u00f3n - 92.9 Fm Caazap\u00e1 Meteorolog\u00eda Ambiente fresco a c\u00e1lido y aumento de temperaturas hacia el fin de semana #Clima, #Meteorologia Meteorolog\u00eda","robots":{"index":"index","follow":"follow","max-snippet":"max-snippet:-1","max-image-preview":"max-image-preview:large","max-video-preview":"max-video-preview:-1"},"canonical":"https:\/\/radioestacion.com.py\/index.php\/2026\/04\/29\/ambiente-fresco-a-calido-y-aumento-de-temperaturas-hacia-el-fin-de-semana\/","og_locale":"es_ES","og_type":"article","og_title":"Ambiente fresco a c\u00e1lido y aumento de temperaturas hacia el fin de semana - Radio Estaci\u00f3n - 92.9 Fm Caazap\u00e1 Meteorolog\u00eda #Clima, #Meteorologia Meteorolog\u00eda","og_description":"Radio Estaci\u00f3n - 92.9 Fm Caazap\u00e1 Meteorolog\u00eda Ambiente fresco a c\u00e1lido y aumento de temperaturas hacia el fin de semana #Clima, #Meteorologia Meteorolog\u00eda","og_url":"https:\/\/radioestacion.com.py\/index.php\/2026\/04\/29\/ambiente-fresco-a-calido-y-aumento-de-temperaturas-hacia-el-fin-de-semana\/","og_site_name":"Radio Estaci\u00f3n - 92.9 Fm Caazap\u00e1","article_publisher":"https:\/\/www.facebook.com\/profile.php?id=61578076966227","article_published_time":"2026-04-29T01:16:18+00:00","article_modified_time":"2026-04-29T01:16:19+00:00","og_image":[{"width":1600,"height":1200,"url":"https:\/\/radioestacion.com.py\/wp-content\/uploads\/2026\/02\/Untitled-6.png","type":"image\/png"}],"author":"Red Multimedios","twitter_card":"summary_large_image","twitter_misc":{"Escrito por":"Red Multimedios","Tiempo de lectura":"2 minutos"},"schema":{"@context":"https:\/\/schema.org","@graph":[{"@type":"Article","@id":"https:\/\/radioestacion.com.py\/index.php\/2026\/04\/29\/ambiente-fresco-a-calido-y-aumento-de-temperaturas-hacia-el-fin-de-semana\/#article","isPartOf":{"@id":"https:\/\/radioestacion.com.py\/index.php\/2026\/04\/29\/ambiente-fresco-a-calido-y-aumento-de-temperaturas-hacia-el-fin-de-semana\/"},"author":{"name":"Red Multimedios","@id":"https:\/\/radioestacion.com.py\/#\/schema\/person\/a4020e85409009300bd9898994b03a3f"},"headline":"Ambiente fresco a c\u00e1lido y aumento de temperaturas hacia el fin de semana","datePublished":"2026-04-29T01:16:18+00:00","dateModified":"2026-04-29T01:16:19+00:00","mainEntityOfPage":{"@id":"https:\/\/radioestacion.com.py\/index.php\/2026\/04\/29\/ambiente-fresco-a-calido-y-aumento-de-temperaturas-hacia-el-fin-de-semana\/"},"wordCount":310,"commentCount":0,"publisher":{"@id":"https:\/\/radioestacion.com.py\/#organization"},"image":{"@id":"https:\/\/radioestacion.com.py\/index.php\/2026\/04\/29\/ambiente-fresco-a-calido-y-aumento-de-temperaturas-hacia-el-fin-de-semana\/#primaryimage"},"thumbnailUrl":"https:\/\/radioestacion.com.py\/wp-content\/uploads\/2026\/02\/Untitled-6.png","keywords":["#Clima","#Meteorologia"],"articleSection":["Meteorolog\u00eda"],"inLanguage":"es","potentialAction":[{"@type":"CommentAction","name":"Comment","target":["https:\/\/radioestacion.com.py\/index.php\/2026\/04\/29\/ambiente-fresco-a-calido-y-aumento-de-temperaturas-hacia-el-fin-de-semana\/#respond"]}]},{"@type":"WebPage","@id":"https:\/\/radioestacion.com.py\/index.php\/2026\/04\/29\/ambiente-fresco-a-calido-y-aumento-de-temperaturas-hacia-el-fin-de-semana\/","url":"https:\/\/radioestacion.com.py\/index.php\/2026\/04\/29\/ambiente-fresco-a-calido-y-aumento-de-temperaturas-hacia-el-fin-de-semana\/","name":"Ambiente fresco a c\u00e1lido y aumento de temperaturas hacia el fin de semana - Radio Estaci\u00f3n - 92.9 Fm Caazap\u00e1 Meteorolog\u00eda #Clima, #Meteorologia Meteorolog\u00eda","isPartOf":{"@id":"https:\/\/radioestacion.com.py\/#website"},"primaryImageOfPage":{"@id":"https:\/\/radioestacion.com.py\/index.php\/2026\/04\/29\/ambiente-fresco-a-calido-y-aumento-de-temperaturas-hacia-el-fin-de-semana\/#primaryimage"},"image":{"@id":"https:\/\/radioestacion.com.py\/index.php\/2026\/04\/29\/ambiente-fresco-a-calido-y-aumento-de-temperaturas-hacia-el-fin-de-semana\/#primaryimage"},"thumbnailUrl":"https:\/\/radioestacion.com.py\/wp-content\/uploads\/2026\/02\/Untitled-6.png","datePublished":"2026-04-29T01:16:18+00:00","dateModified":"2026-04-29T01:16:19+00:00","description":"Radio Estaci\u00f3n - 92.9 Fm Caazap\u00e1 Meteorolog\u00eda Ambiente fresco a c\u00e1lido y aumento de temperaturas hacia el fin de semana #Clima, #Meteorologia Meteorolog\u00eda","breadcrumb":{"@id":"https:\/\/radioestacion.com.py\/index.php\/2026\/04\/29\/ambiente-fresco-a-calido-y-aumento-de-temperaturas-hacia-el-fin-de-semana\/#breadcrumb"},"inLanguage":"es","potentialAction":[{"@type":"ReadAction","target":["https:\/\/radioestacion.com.py\/index.php\/2026\/04\/29\/ambiente-fresco-a-calido-y-aumento-de-temperaturas-hacia-el-fin-de-semana\/"]}]},{"@type":"ImageObject","inLanguage":"es","@id":"https:\/\/radioestacion.com.py\/index.php\/2026\/04\/29\/ambiente-fresco-a-calido-y-aumento-de-temperaturas-hacia-el-fin-de-semana\/#primaryimage","url":"https:\/\/radioestacion.com.py\/wp-content\/uploads\/2026\/02\/Untitled-6.png","contentUrl":"https:\/\/radioestacion.com.py\/wp-content\/uploads\/2026\/02\/Untitled-6.png","width":1600,"height":1200,"caption":"Semana contin\u00faa fresco y probabilidad de algunos chaparrones- Foto: Archivo: Red Suceso Multimedios"},{"@type":"BreadcrumbList","@id":"https:\/\/radioestacion.com.py\/index.php\/2026\/04\/29\/ambiente-fresco-a-calido-y-aumento-de-temperaturas-hacia-el-fin-de-semana\/#breadcrumb","itemListElement":[{"@type":"ListItem","position":1,"name":"Portada","item":"https:\/\/radioestacion.com.py\/"},{"@type":"ListItem","position":2,"name":"Ambiente fresco a c\u00e1lido y aumento de temperaturas hacia el fin de semana"}]},{"@type":"WebSite","@id":"https:\/\/radioestacion.com.py\/#website","url":"https:\/\/radioestacion.com.py\/","name":"Radio Estaci\u00f3n - 92.9 Fm Caazap\u00e1","description":"Radio Estaci\u00f3n de Caazap\u00e1, 92.9 radio estaci\u00f3n","publisher":{"@id":"https:\/\/radioestacion.com.py\/#organization"},"alternateName":"Radio Estacion de Caazap\u00e1","potentialAction":[{"@type":"SearchAction","target":{"@type":"EntryPoint","urlTemplate":"https:\/\/radioestacion.com.py\/?s={search_term_string}"},"query-input":{"@type":"PropertyValueSpecification","valueRequired":true,"valueName":"search_term_string"}}],"inLanguage":"es"},{"@type":"Organization","@id":"https:\/\/radioestacion.com.py\/#organization","name":"Radio Estaci\u00f3n 92.9","url":"https:\/\/radioestacion.com.py\/","logo":{"@type":"ImageObject","inLanguage":"es","@id":"https:\/\/radioestacion.com.py\/#\/schema\/logo\/image\/","url":"https:\/\/radioestacion.com.py\/wp-content\/uploads\/2025\/07\/cropped-logo-1.png","contentUrl":"https:\/\/radioestacion.com.py\/wp-content\/uploads\/2025\/07\/cropped-logo-1.png","width":512,"height":512,"caption":"Radio Estaci\u00f3n 92.9"},"image":{"@id":"https:\/\/radioestacion.com.py\/#\/schema\/logo\/image\/"},"sameAs":["https:\/\/www.facebook.com\/profile.php?id=61578076966227"]},{"@type":"Person","@id":"https:\/\/radioestacion.com.py\/#\/schema\/person\/a4020e85409009300bd9898994b03a3f","name":"Red Multimedios","image":{"@type":"ImageObject","inLanguage":"es","@id":"https:\/\/radioestacion.com.py\/#\/schema\/person\/image\/","url":"https:\/\/secure.gravatar.com\/avatar\/992b8061e4c1e7683a64e011a7972e7a58ee464d2afcc56539cf6454481292c7?s=96&d=mm&r=g","contentUrl":"https:\/\/secure.gravatar.com\/avatar\/992b8061e4c1e7683a64e011a7972e7a58ee464d2afcc56539cf6454481292c7?s=96&d=mm&r=g","caption":"Red Multimedios"},"url":"https:\/\/radioestacion.com.py\/index.php\/author\/red-multimedios\/"}]}},"_links":{"self":[{"href":"https:\/\/radioestacion.com.py\/index.php\/wp-json\/wp\/v2\/posts\/2652","targetHints":{"allow":["GET"]}}],"collection":[{"href":"https:\/\/radioestacion.com.py\/index.php\/wp-json\/wp\/v2\/posts"}],"about":[{"href":"https:\/\/radioestacion.com.py\/index.php\/wp-json\/wp\/v2\/types\/post"}],"author":[{"embeddable":true,"href":"https:\/\/radioestacion.com.py\/index.php\/wp-json\/wp\/v2\/users\/4"}],"replies":[{"embeddable":true,"href":"https:\/\/radioestacion.com.py\/index.php\/wp-json\/wp\/v2\/comments?post=2652"}],"version-history":[{"count":1,"href":"https:\/\/radioestacion.com.py\/index.php\/wp-json\/wp\/v2\/posts\/2652\/revisions"}],"predecessor-version":[{"id":2653,"href":"https:\/\/radioestacion.com.py\/index.php\/wp-json\/wp\/v2\/posts\/2652\/revisions\/2653"}],"wp:featuredmedia":[{"embeddable":true,"href":"https:\/\/radioestacion.com.py\/index.php\/wp-json\/wp\/v2\/media\/1010"}],"wp:attachment":[{"href":"https:\/\/radioestacion.com.py\/index.php\/wp-json\/wp\/v2\/media?parent=2652"}],"wp:term":[{"taxonomy":"category","embeddable":true,"href":"https:\/\/radioestacion.com.py\/index.php\/wp-json\/wp\/v2\/categories?post=2652"},{"taxonomy":"post_tag","embeddable":true,"href":"https:\/\/radioestacion.com.py\/index.php\/wp-json\/wp\/v2\/tags?post=2652"},{"taxonomy":"post_badge","embeddable":true,"href":"https:\/\/radioestacion.com.py\/index.php\/wp-json\/wp\/v2\/post_badge?post=2652"}],"curies":[{"name":"wp","href":"https:\/\/api.w.org\/{rel}","templated":true}]}}