{"id":2661,"date":"2026-04-30T00:24:19","date_gmt":"2026-04-30T00:24:19","guid":{"rendered":"https:\/\/radioestacion.com.py\/?p=2661"},"modified":"2026-04-30T00:24:19","modified_gmt":"2026-04-30T00:24:19","slug":"dalia-lopez-pide-prision-domiciliaria-y-el-juez-decidira-este-jueves","status":"publish","type":"post","link":"https:\/\/radioestacion.com.py\/index.php\/2026\/04\/30\/dalia-lopez-pide-prision-domiciliaria-y-el-juez-decidira-este-jueves\/","title":{"rendered":"Dalia L\u00f3pez pide prisi\u00f3n domiciliaria y el juez decidir\u00e1 este jueves"},"content":{"rendered":"\n<h3 class=\"wp-block-heading\"><strong>Los abogados de Dalia L\u00f3pez solicitaron que se otorgue el arresto domiciliario argumentando complicaciones en la salud de la mujer. Este jueves se realizar\u00e1 su audiencia de revisi\u00f3n de medidas.<\/strong><\/h3>\n\n\n\n<p>La defensa solicit\u00f3 al juez de Garant\u00edas Francisco Acevedo la&nbsp;<strong>revisi\u00f3n de sus medidas cautelares para que se otorgue el arresto domiciliario y se le coloque la tobillera electr\u00f3nica a Dalia L\u00f3pez.<\/strong><\/p>\n\n\n\n<p>El magistrado respondi\u00f3 a la solicitud y&nbsp;<strong>fij\u00f3 para este jueves 30 de abril a las 10:00 hs<\/strong>, la audiencia de revisi\u00f3n de medidas.<\/p>\n\n\n\n<p>Los abogados de la mujer solicitaron que se revoque la prisi\u00f3n preventiva que cumple Dalia en el Complejo Penitenciario para Mujeres Privadas de Libertad (COMPLE)&nbsp;<strong>debido a que presenta complicaciones en su salud.<\/strong><\/p>\n\n\n\n<p>En ese sentido, el juez Acevedo dispuso que el m\u00e9dico forense de guardia se constituya de inmediato en el Comple de manera&nbsp;<strong>realizar una inspecci\u00f3n m\u00e9dica a la empresaria y elevar un informe en las pr\u00f3ximas 24 horas.<\/strong><\/p>\n\n\n\n<p>La empresaria est\u00e1&nbsp;<strong>procesada por asociaci\u00f3n criminal y producci\u00f3n de documentos de contenido falso.<\/strong><\/p>\n","protected":false},"excerpt":{"rendered":"<p>Los abogados de Dalia L\u00f3pez solicitaron que se otorgue el arresto domiciliario argumentando complicaciones en la salud de<\/p>\n","protected":false},"author":4,"featured_media":2662,"comment_status":"open","ping_status":"open","sticky":false,"template":"","format":"standard","meta":{"footnotes":""},"categories":[1],"tags":[683,684,274],"post_badge":[],"class_list":["post-2661","post","type-post","status-publish","format-standard","has-post-thumbnail","hentry","category-uncategorized","tag-decidira","tag-domiciliaria","tag-juez"],"yoast_head":"<!-- This site is optimized with the Yoast SEO plugin v26.9 - https:\/\/yoast.com\/product\/yoast-seo-wordpress\/ -->\n<title>Dalia L\u00f3pez pide prisi\u00f3n domiciliaria y el juez decidir\u00e1 este jueves - Radio Estaci\u00f3n - 92.9 Fm Caazap\u00e1 Uncategorized DECIDIRA, DOMICILIARIA, JUEZ Uncategorized<\/title>\n<meta name=\"description\" content=\"Radio Estaci\u00f3n - 92.9 Fm Caazap\u00e1 Uncategorized Dalia L\u00f3pez pide prisi\u00f3n domiciliaria y el juez decidir\u00e1 este jueves DECIDIRA, DOMICILIARIA, JUEZ Uncategorized\" \/>\n<meta name=\"robots\" content=\"index, follow, max-snippet:-1, max-image-preview:large, max-video-preview:-1\" \/>\n<link rel=\"canonical\" href=\"https:\/\/radioestacion.com.py\/index.php\/2026\/04\/30\/dalia-lopez-pide-prision-domiciliaria-y-el-juez-decidira-este-jueves\/\" \/>\n<meta property=\"og:locale\" content=\"es_ES\" \/>\n<meta property=\"og:type\" content=\"article\" \/>\n<meta property=\"og:title\" content=\"Dalia L\u00f3pez pide prisi\u00f3n domiciliaria y el juez decidir\u00e1 este jueves - Radio Estaci\u00f3n - 92.9 Fm Caazap\u00e1 Uncategorized DECIDIRA, DOMICILIARIA, JUEZ Uncategorized\" \/>\n<meta property=\"og:description\" content=\"Radio Estaci\u00f3n - 92.9 Fm Caazap\u00e1 Uncategorized Dalia L\u00f3pez pide prisi\u00f3n domiciliaria y el juez decidir\u00e1 este jueves DECIDIRA, DOMICILIARIA, JUEZ Uncategorized\" \/>\n<meta property=\"og:url\" content=\"https:\/\/radioestacion.com.py\/index.php\/2026\/04\/30\/dalia-lopez-pide-prision-domiciliaria-y-el-juez-decidira-este-jueves\/\" \/>\n<meta property=\"og:site_name\" content=\"Radio Estaci\u00f3n - 92.9 Fm Caazap\u00e1\" \/>\n<meta property=\"article:publisher\" content=\"https:\/\/www.facebook.com\/profile.php?id=61578076966227\" \/>\n<meta property=\"article:published_time\" content=\"2026-04-30T00:24:19+00:00\" \/>\n<meta property=\"og:image\" content=\"https:\/\/radioestacion.com.py\/wp-content\/uploads\/2026\/04\/7H4PATG5UBCRHC57KHKTFZRZGQ.png\" \/>\n\t<meta property=\"og:image:width\" content=\"760\" \/>\n\t<meta property=\"og:image:height\" content=\"420\" \/>\n\t<meta property=\"og:image:type\" content=\"image\/png\" \/>\n<meta name=\"author\" content=\"Red Multimedios\" \/>\n<meta name=\"twitter:card\" content=\"summary_large_image\" \/>\n<meta name=\"twitter:label1\" content=\"Escrito por\" \/>\n\t<meta name=\"twitter:data1\" content=\"Red Multimedios\" \/>\n\t<meta name=\"twitter:label2\" content=\"Tiempo de lectura\" \/>\n\t<meta name=\"twitter:data2\" content=\"1 minuto\" \/>\n<script type=\"application\/ld+json\" class=\"yoast-schema-graph\">{\"@context\":\"https:\/\/schema.org\",\"@graph\":[{\"@type\":\"Article\",\"@id\":\"https:\/\/radioestacion.com.py\/index.php\/2026\/04\/30\/dalia-lopez-pide-prision-domiciliaria-y-el-juez-decidira-este-jueves\/#article\",\"isPartOf\":{\"@id\":\"https:\/\/radioestacion.com.py\/index.php\/2026\/04\/30\/dalia-lopez-pide-prision-domiciliaria-y-el-juez-decidira-este-jueves\/\"},\"author\":{\"name\":\"Red Multimedios\",\"@id\":\"https:\/\/radioestacion.com.py\/#\/schema\/person\/a4020e85409009300bd9898994b03a3f\"},\"headline\":\"Dalia L\u00f3pez pide prisi\u00f3n domiciliaria y el juez decidir\u00e1 este jueves\",\"datePublished\":\"2026-04-30T00:24:19+00:00\",\"mainEntityOfPage\":{\"@id\":\"https:\/\/radioestacion.com.py\/index.php\/2026\/04\/30\/dalia-lopez-pide-prision-domiciliaria-y-el-juez-decidira-este-jueves\/\"},\"wordCount\":200,\"commentCount\":0,\"publisher\":{\"@id\":\"https:\/\/radioestacion.com.py\/#organization\"},\"image\":{\"@id\":\"https:\/\/radioestacion.com.py\/index.php\/2026\/04\/30\/dalia-lopez-pide-prision-domiciliaria-y-el-juez-decidira-este-jueves\/#primaryimage\"},\"thumbnailUrl\":\"https:\/\/radioestacion.com.py\/wp-content\/uploads\/2026\/04\/7H4PATG5UBCRHC57KHKTFZRZGQ.png\",\"keywords\":[\"DECIDIRA\",\"DOMICILIARIA\",\"JUEZ\"],\"articleSection\":[\"Uncategorized\"],\"inLanguage\":\"es\",\"potentialAction\":[{\"@type\":\"CommentAction\",\"name\":\"Comment\",\"target\":[\"https:\/\/radioestacion.com.py\/index.php\/2026\/04\/30\/dalia-lopez-pide-prision-domiciliaria-y-el-juez-decidira-este-jueves\/#respond\"]}]},{\"@type\":\"WebPage\",\"@id\":\"https:\/\/radioestacion.com.py\/index.php\/2026\/04\/30\/dalia-lopez-pide-prision-domiciliaria-y-el-juez-decidira-este-jueves\/\",\"url\":\"https:\/\/radioestacion.com.py\/index.php\/2026\/04\/30\/dalia-lopez-pide-prision-domiciliaria-y-el-juez-decidira-este-jueves\/\",\"name\":\"Dalia L\u00f3pez pide prisi\u00f3n domiciliaria y el juez decidir\u00e1 este jueves - Radio Estaci\u00f3n - 92.9 Fm Caazap\u00e1 Uncategorized DECIDIRA, DOMICILIARIA, JUEZ Uncategorized\",\"isPartOf\":{\"@id\":\"https:\/\/radioestacion.com.py\/#website\"},\"primaryImageOfPage\":{\"@id\":\"https:\/\/radioestacion.com.py\/index.php\/2026\/04\/30\/dalia-lopez-pide-prision-domiciliaria-y-el-juez-decidira-este-jueves\/#primaryimage\"},\"image\":{\"@id\":\"https:\/\/radioestacion.com.py\/index.php\/2026\/04\/30\/dalia-lopez-pide-prision-domiciliaria-y-el-juez-decidira-este-jueves\/#primaryimage\"},\"thumbnailUrl\":\"https:\/\/radioestacion.com.py\/wp-content\/uploads\/2026\/04\/7H4PATG5UBCRHC57KHKTFZRZGQ.png\",\"datePublished\":\"2026-04-30T00:24:19+00:00\",\"description\":\"Radio Estaci\u00f3n - 92.9 Fm Caazap\u00e1 Uncategorized Dalia L\u00f3pez pide prisi\u00f3n domiciliaria y el juez decidir\u00e1 este jueves DECIDIRA, DOMICILIARIA, JUEZ Uncategorized\",\"breadcrumb\":{\"@id\":\"https:\/\/radioestacion.com.py\/index.php\/2026\/04\/30\/dalia-lopez-pide-prision-domiciliaria-y-el-juez-decidira-este-jueves\/#breadcrumb\"},\"inLanguage\":\"es\",\"potentialAction\":[{\"@type\":\"ReadAction\",\"target\":[\"https:\/\/radioestacion.com.py\/index.php\/2026\/04\/30\/dalia-lopez-pide-prision-domiciliaria-y-el-juez-decidira-este-jueves\/\"]}]},{\"@type\":\"ImageObject\",\"inLanguage\":\"es\",\"@id\":\"https:\/\/radioestacion.com.py\/index.php\/2026\/04\/30\/dalia-lopez-pide-prision-domiciliaria-y-el-juez-decidira-este-jueves\/#primaryimage\",\"url\":\"https:\/\/radioestacion.com.py\/wp-content\/uploads\/2026\/04\/7H4PATG5UBCRHC57KHKTFZRZGQ.png\",\"contentUrl\":\"https:\/\/radioestacion.com.py\/wp-content\/uploads\/2026\/04\/7H4PATG5UBCRHC57KHKTFZRZGQ.png\",\"width\":760,\"height\":420,\"caption\":\"Dalia L\u00f3pez est\u00e1 recluida en el Comple. Foto: Gentileza.\"},{\"@type\":\"BreadcrumbList\",\"@id\":\"https:\/\/radioestacion.com.py\/index.php\/2026\/04\/30\/dalia-lopez-pide-prision-domiciliaria-y-el-juez-decidira-este-jueves\/#breadcrumb\",\"itemListElement\":[{\"@type\":\"ListItem\",\"position\":1,\"name\":\"Portada\",\"item\":\"https:\/\/radioestacion.com.py\/\"},{\"@type\":\"ListItem\",\"position\":2,\"name\":\"Dalia L\u00f3pez pide prisi\u00f3n domiciliaria y el juez decidir\u00e1 este jueves\"}]},{\"@type\":\"WebSite\",\"@id\":\"https:\/\/radioestacion.com.py\/#website\",\"url\":\"https:\/\/radioestacion.com.py\/\",\"name\":\"Radio Estaci\u00f3n - 92.9 Fm Caazap\u00e1\",\"description\":\"Radio Estaci\u00f3n de Caazap\u00e1, 92.9 radio estaci\u00f3n\",\"publisher\":{\"@id\":\"https:\/\/radioestacion.com.py\/#organization\"},\"alternateName\":\"Radio Estacion de Caazap\u00e1\",\"potentialAction\":[{\"@type\":\"SearchAction\",\"target\":{\"@type\":\"EntryPoint\",\"urlTemplate\":\"https:\/\/radioestacion.com.py\/?s={search_term_string}\"},\"query-input\":{\"@type\":\"PropertyValueSpecification\",\"valueRequired\":true,\"valueName\":\"search_term_string\"}}],\"inLanguage\":\"es\"},{\"@type\":\"Organization\",\"@id\":\"https:\/\/radioestacion.com.py\/#organization\",\"name\":\"Radio Estaci\u00f3n 92.9\",\"url\":\"https:\/\/radioestacion.com.py\/\",\"logo\":{\"@type\":\"ImageObject\",\"inLanguage\":\"es\",\"@id\":\"https:\/\/radioestacion.com.py\/#\/schema\/logo\/image\/\",\"url\":\"https:\/\/radioestacion.com.py\/wp-content\/uploads\/2025\/07\/cropped-logo-1.png\",\"contentUrl\":\"https:\/\/radioestacion.com.py\/wp-content\/uploads\/2025\/07\/cropped-logo-1.png\",\"width\":512,\"height\":512,\"caption\":\"Radio Estaci\u00f3n 92.9\"},\"image\":{\"@id\":\"https:\/\/radioestacion.com.py\/#\/schema\/logo\/image\/\"},\"sameAs\":[\"https:\/\/www.facebook.com\/profile.php?id=61578076966227\"]},{\"@type\":\"Person\",\"@id\":\"https:\/\/radioestacion.com.py\/#\/schema\/person\/a4020e85409009300bd9898994b03a3f\",\"name\":\"Red Multimedios\",\"image\":{\"@type\":\"ImageObject\",\"inLanguage\":\"es\",\"@id\":\"https:\/\/radioestacion.com.py\/#\/schema\/person\/image\/\",\"url\":\"https:\/\/secure.gravatar.com\/avatar\/992b8061e4c1e7683a64e011a7972e7a58ee464d2afcc56539cf6454481292c7?s=96&d=mm&r=g\",\"contentUrl\":\"https:\/\/secure.gravatar.com\/avatar\/992b8061e4c1e7683a64e011a7972e7a58ee464d2afcc56539cf6454481292c7?s=96&d=mm&r=g\",\"caption\":\"Red Multimedios\"},\"url\":\"https:\/\/radioestacion.com.py\/index.php\/author\/red-multimedios\/\"}]}<\/script>\n<!-- \/ Yoast SEO plugin. -->","yoast_head_json":{"title":"Dalia L\u00f3pez pide prisi\u00f3n domiciliaria y el juez decidir\u00e1 este jueves - Radio Estaci\u00f3n - 92.9 Fm Caazap\u00e1 Uncategorized DECIDIRA, DOMICILIARIA, JUEZ Uncategorized","description":"Radio Estaci\u00f3n - 92.9 Fm Caazap\u00e1 Uncategorized Dalia L\u00f3pez pide prisi\u00f3n domiciliaria y el juez decidir\u00e1 este jueves DECIDIRA, DOMICILIARIA, JUEZ Uncategorized","robots":{"index":"index","follow":"follow","max-snippet":"max-snippet:-1","max-image-preview":"max-image-preview:large","max-video-preview":"max-video-preview:-1"},"canonical":"https:\/\/radioestacion.com.py\/index.php\/2026\/04\/30\/dalia-lopez-pide-prision-domiciliaria-y-el-juez-decidira-este-jueves\/","og_locale":"es_ES","og_type":"article","og_title":"Dalia L\u00f3pez pide prisi\u00f3n domiciliaria y el juez decidir\u00e1 este jueves - Radio Estaci\u00f3n - 92.9 Fm Caazap\u00e1 Uncategorized DECIDIRA, DOMICILIARIA, JUEZ Uncategorized","og_description":"Radio Estaci\u00f3n - 92.9 Fm Caazap\u00e1 Uncategorized Dalia L\u00f3pez pide prisi\u00f3n domiciliaria y el juez decidir\u00e1 este jueves DECIDIRA, DOMICILIARIA, JUEZ Uncategorized","og_url":"https:\/\/radioestacion.com.py\/index.php\/2026\/04\/30\/dalia-lopez-pide-prision-domiciliaria-y-el-juez-decidira-este-jueves\/","og_site_name":"Radio Estaci\u00f3n - 92.9 Fm Caazap\u00e1","article_publisher":"https:\/\/www.facebook.com\/profile.php?id=61578076966227","article_published_time":"2026-04-30T00:24:19+00:00","og_image":[{"width":760,"height":420,"url":"https:\/\/radioestacion.com.py\/wp-content\/uploads\/2026\/04\/7H4PATG5UBCRHC57KHKTFZRZGQ.png","type":"image\/png"}],"author":"Red Multimedios","twitter_card":"summary_large_image","twitter_misc":{"Escrito por":"Red Multimedios","Tiempo de lectura":"1 minuto"},"schema":{"@context":"https:\/\/schema.org","@graph":[{"@type":"Article","@id":"https:\/\/radioestacion.com.py\/index.php\/2026\/04\/30\/dalia-lopez-pide-prision-domiciliaria-y-el-juez-decidira-este-jueves\/#article","isPartOf":{"@id":"https:\/\/radioestacion.com.py\/index.php\/2026\/04\/30\/dalia-lopez-pide-prision-domiciliaria-y-el-juez-decidira-este-jueves\/"},"author":{"name":"Red Multimedios","@id":"https:\/\/radioestacion.com.py\/#\/schema\/person\/a4020e85409009300bd9898994b03a3f"},"headline":"Dalia L\u00f3pez pide prisi\u00f3n domiciliaria y el juez decidir\u00e1 este jueves","datePublished":"2026-04-30T00:24:19+00:00","mainEntityOfPage":{"@id":"https:\/\/radioestacion.com.py\/index.php\/2026\/04\/30\/dalia-lopez-pide-prision-domiciliaria-y-el-juez-decidira-este-jueves\/"},"wordCount":200,"commentCount":0,"publisher":{"@id":"https:\/\/radioestacion.com.py\/#organization"},"image":{"@id":"https:\/\/radioestacion.com.py\/index.php\/2026\/04\/30\/dalia-lopez-pide-prision-domiciliaria-y-el-juez-decidira-este-jueves\/#primaryimage"},"thumbnailUrl":"https:\/\/radioestacion.com.py\/wp-content\/uploads\/2026\/04\/7H4PATG5UBCRHC57KHKTFZRZGQ.png","keywords":["DECIDIRA","DOMICILIARIA","JUEZ"],"articleSection":["Uncategorized"],"inLanguage":"es","potentialAction":[{"@type":"CommentAction","name":"Comment","target":["https:\/\/radioestacion.com.py\/index.php\/2026\/04\/30\/dalia-lopez-pide-prision-domiciliaria-y-el-juez-decidira-este-jueves\/#respond"]}]},{"@type":"WebPage","@id":"https:\/\/radioestacion.com.py\/index.php\/2026\/04\/30\/dalia-lopez-pide-prision-domiciliaria-y-el-juez-decidira-este-jueves\/","url":"https:\/\/radioestacion.com.py\/index.php\/2026\/04\/30\/dalia-lopez-pide-prision-domiciliaria-y-el-juez-decidira-este-jueves\/","name":"Dalia L\u00f3pez pide prisi\u00f3n domiciliaria y el juez decidir\u00e1 este jueves - Radio Estaci\u00f3n - 92.9 Fm Caazap\u00e1 Uncategorized DECIDIRA, DOMICILIARIA, JUEZ Uncategorized","isPartOf":{"@id":"https:\/\/radioestacion.com.py\/#website"},"primaryImageOfPage":{"@id":"https:\/\/radioestacion.com.py\/index.php\/2026\/04\/30\/dalia-lopez-pide-prision-domiciliaria-y-el-juez-decidira-este-jueves\/#primaryimage"},"image":{"@id":"https:\/\/radioestacion.com.py\/index.php\/2026\/04\/30\/dalia-lopez-pide-prision-domiciliaria-y-el-juez-decidira-este-jueves\/#primaryimage"},"thumbnailUrl":"https:\/\/radioestacion.com.py\/wp-content\/uploads\/2026\/04\/7H4PATG5UBCRHC57KHKTFZRZGQ.png","datePublished":"2026-04-30T00:24:19+00:00","description":"Radio Estaci\u00f3n - 92.9 Fm Caazap\u00e1 Uncategorized Dalia L\u00f3pez pide prisi\u00f3n domiciliaria y el juez decidir\u00e1 este jueves DECIDIRA, DOMICILIARIA, JUEZ Uncategorized","breadcrumb":{"@id":"https:\/\/radioestacion.com.py\/index.php\/2026\/04\/30\/dalia-lopez-pide-prision-domiciliaria-y-el-juez-decidira-este-jueves\/#breadcrumb"},"inLanguage":"es","potentialAction":[{"@type":"ReadAction","target":["https:\/\/radioestacion.com.py\/index.php\/2026\/04\/30\/dalia-lopez-pide-prision-domiciliaria-y-el-juez-decidira-este-jueves\/"]}]},{"@type":"ImageObject","inLanguage":"es","@id":"https:\/\/radioestacion.com.py\/index.php\/2026\/04\/30\/dalia-lopez-pide-prision-domiciliaria-y-el-juez-decidira-este-jueves\/#primaryimage","url":"https:\/\/radioestacion.com.py\/wp-content\/uploads\/2026\/04\/7H4PATG5UBCRHC57KHKTFZRZGQ.png","contentUrl":"https:\/\/radioestacion.com.py\/wp-content\/uploads\/2026\/04\/7H4PATG5UBCRHC57KHKTFZRZGQ.png","width":760,"height":420,"caption":"Dalia L\u00f3pez est\u00e1 recluida en el Comple. Foto: Gentileza."},{"@type":"BreadcrumbList","@id":"https:\/\/radioestacion.com.py\/index.php\/2026\/04\/30\/dalia-lopez-pide-prision-domiciliaria-y-el-juez-decidira-este-jueves\/#breadcrumb","itemListElement":[{"@type":"ListItem","position":1,"name":"Portada","item":"https:\/\/radioestacion.com.py\/"},{"@type":"ListItem","position":2,"name":"Dalia L\u00f3pez pide prisi\u00f3n domiciliaria y el juez decidir\u00e1 este jueves"}]},{"@type":"WebSite","@id":"https:\/\/radioestacion.com.py\/#website","url":"https:\/\/radioestacion.com.py\/","name":"Radio Estaci\u00f3n - 92.9 Fm Caazap\u00e1","description":"Radio Estaci\u00f3n de Caazap\u00e1, 92.9 radio estaci\u00f3n","publisher":{"@id":"https:\/\/radioestacion.com.py\/#organization"},"alternateName":"Radio Estacion de Caazap\u00e1","potentialAction":[{"@type":"SearchAction","target":{"@type":"EntryPoint","urlTemplate":"https:\/\/radioestacion.com.py\/?s={search_term_string}"},"query-input":{"@type":"PropertyValueSpecification","valueRequired":true,"valueName":"search_term_string"}}],"inLanguage":"es"},{"@type":"Organization","@id":"https:\/\/radioestacion.com.py\/#organization","name":"Radio Estaci\u00f3n 92.9","url":"https:\/\/radioestacion.com.py\/","logo":{"@type":"ImageObject","inLanguage":"es","@id":"https:\/\/radioestacion.com.py\/#\/schema\/logo\/image\/","url":"https:\/\/radioestacion.com.py\/wp-content\/uploads\/2025\/07\/cropped-logo-1.png","contentUrl":"https:\/\/radioestacion.com.py\/wp-content\/uploads\/2025\/07\/cropped-logo-1.png","width":512,"height":512,"caption":"Radio Estaci\u00f3n 92.9"},"image":{"@id":"https:\/\/radioestacion.com.py\/#\/schema\/logo\/image\/"},"sameAs":["https:\/\/www.facebook.com\/profile.php?id=61578076966227"]},{"@type":"Person","@id":"https:\/\/radioestacion.com.py\/#\/schema\/person\/a4020e85409009300bd9898994b03a3f","name":"Red Multimedios","image":{"@type":"ImageObject","inLanguage":"es","@id":"https:\/\/radioestacion.com.py\/#\/schema\/person\/image\/","url":"https:\/\/secure.gravatar.com\/avatar\/992b8061e4c1e7683a64e011a7972e7a58ee464d2afcc56539cf6454481292c7?s=96&d=mm&r=g","contentUrl":"https:\/\/secure.gravatar.com\/avatar\/992b8061e4c1e7683a64e011a7972e7a58ee464d2afcc56539cf6454481292c7?s=96&d=mm&r=g","caption":"Red Multimedios"},"url":"https:\/\/radioestacion.com.py\/index.php\/author\/red-multimedios\/"}]}},"_links":{"self":[{"href":"https:\/\/radioestacion.com.py\/index.php\/wp-json\/wp\/v2\/posts\/2661","targetHints":{"allow":["GET"]}}],"collection":[{"href":"https:\/\/radioestacion.com.py\/index.php\/wp-json\/wp\/v2\/posts"}],"about":[{"href":"https:\/\/radioestacion.com.py\/index.php\/wp-json\/wp\/v2\/types\/post"}],"author":[{"embeddable":true,"href":"https:\/\/radioestacion.com.py\/index.php\/wp-json\/wp\/v2\/users\/4"}],"replies":[{"embeddable":true,"href":"https:\/\/radioestacion.com.py\/index.php\/wp-json\/wp\/v2\/comments?post=2661"}],"version-history":[{"count":1,"href":"https:\/\/radioestacion.com.py\/index.php\/wp-json\/wp\/v2\/posts\/2661\/revisions"}],"predecessor-version":[{"id":2663,"href":"https:\/\/radioestacion.com.py\/index.php\/wp-json\/wp\/v2\/posts\/2661\/revisions\/2663"}],"wp:featuredmedia":[{"embeddable":true,"href":"https:\/\/radioestacion.com.py\/index.php\/wp-json\/wp\/v2\/media\/2662"}],"wp:attachment":[{"href":"https:\/\/radioestacion.com.py\/index.php\/wp-json\/wp\/v2\/media?parent=2661"}],"wp:term":[{"taxonomy":"category","embeddable":true,"href":"https:\/\/radioestacion.com.py\/index.php\/wp-json\/wp\/v2\/categories?post=2661"},{"taxonomy":"post_tag","embeddable":true,"href":"https:\/\/radioestacion.com.py\/index.php\/wp-json\/wp\/v2\/tags?post=2661"},{"taxonomy":"post_badge","embeddable":true,"href":"https:\/\/radioestacion.com.py\/index.php\/wp-json\/wp\/v2\/post_badge?post=2661"}],"curies":[{"name":"wp","href":"https:\/\/api.w.org\/{rel}","templated":true}]}}