{"id":2667,"date":"2026-04-30T00:24:07","date_gmt":"2026-04-30T00:24:07","guid":{"rendered":"https:\/\/radioestacion.com.py\/?p=2667"},"modified":"2026-04-30T00:24:07","modified_gmt":"2026-04-30T00:24:07","slug":"hallan-automovil-robado-oculto-en-un-yuyal-en-general-higinio-morinigo","status":"publish","type":"post","link":"https:\/\/radioestacion.com.py\/index.php\/2026\/04\/30\/hallan-automovil-robado-oculto-en-un-yuyal-en-general-higinio-morinigo\/","title":{"rendered":"Hallan autom\u00f3vil robado oculto en un yuyal en General Higinio Mor\u00ednigo"},"content":{"rendered":"\n<h3 class=\"wp-block-heading\"><strong>Un autom\u00f3vil denunciado como hurtado en la ciudad de Fernando de la Mora fue recuperado en la ma\u00f1ana del mi\u00e9rcoles en la compa\u00f1\u00eda Santa Mar\u00eda, distrito de General Higinio Mor\u00ednigo, departamento de Caazap\u00e1. El veh\u00edculo estaba oculto en un yuyal, cubierto con ramas, en un camino vecinal de la zona.<\/strong><\/h3>\n\n\n\n<p>El procedimiento se realiz\u00f3 alrededor de las 07:45 del mi\u00e9rcoles, a unos 500 metros de un cultivo de soja, tras un operativo llevado a cabo por agentes de la Comisar\u00eda 7\u00aa. La localizaci\u00f3n del rodado fue posible gracias a datos proporcionados por el Centro de Operaciones Policiales, que permiti\u00f3 a los intervinientes desplegar un cierre r\u00e1pido de caminos alternativos e incursionar en el \u00e1rea.<\/p>\n\n\n\n<p>El veh\u00edculo recuperado es un autom\u00f3vil de la marca Toyota, modelo New Vitz, a\u00f1o 2007, de color plateado, con chapa provisoria N\u00b0 YRE 336, perteneciente a Amado Dami\u00e1n Salinas Vera, de 39 a\u00f1os, domiciliado en Fernando de la Mora.<\/p>\n\n\n\n<p>De acuerdo con el informe policial, el rodado fue hallado en estado de abandono y cuidadosamente escondido entre la vegetaci\u00f3n, lo que hace presumir que los responsables ten\u00edan la intenci\u00f3n de mantenerlo oculto mientras defin\u00edan su destino.<\/p>\n\n\n\n<p>El hecho fue comunicado al Ministerio P\u00fablico, que dispuso la intervenci\u00f3n de t\u00e9cnicos de Criminal\u00edstica para las pericias correspondientes. En tanto, la Polic\u00eda Nacional prosigue con las investigaciones a fin de identificar y detener a los autores del hurto.<\/p>\n","protected":false},"excerpt":{"rendered":"<p>Un autom\u00f3vil denunciado como hurtado en la ciudad de Fernando de la Mora fue recuperado en la ma\u00f1ana<\/p>\n","protected":false},"author":4,"featured_media":2669,"comment_status":"open","ping_status":"open","sticky":false,"template":"","format":"standard","meta":{"footnotes":""},"categories":[59],"tags":[686,688,687],"post_badge":[],"class_list":["post-2667","post","type-post","status-publish","format-standard","has-post-thumbnail","hentry","category-gral-h-morinigo-caazapa","tag-hallan","tag-oculto","tag-rodado"],"yoast_head":"<!-- This site is optimized with the Yoast SEO plugin v26.9 - https:\/\/yoast.com\/product\/yoast-seo-wordpress\/ -->\n<title>Hallan autom\u00f3vil robado oculto en un yuyal en General Higinio Mor\u00ednigo - Radio Estaci\u00f3n - 92.9 Fm Caazap\u00e1 Gral. H. Morinigo - Caazap\u00e1 HALLAN, OCULTO, RODADO Gral. H. Morinigo - Caazap\u00e1<\/title>\n<meta name=\"description\" content=\"Radio Estaci\u00f3n - 92.9 Fm Caazap\u00e1 Gral. H. Morinigo - Caazap\u00e1 Hallan autom\u00f3vil robado oculto en un yuyal en General Higinio Mor\u00ednigo HALLAN, OCULTO, RODADO Gral. H. Morinigo - Caazap\u00e1\" \/>\n<meta name=\"robots\" content=\"index, follow, max-snippet:-1, max-image-preview:large, max-video-preview:-1\" \/>\n<link rel=\"canonical\" href=\"https:\/\/radioestacion.com.py\/index.php\/2026\/04\/30\/hallan-automovil-robado-oculto-en-un-yuyal-en-general-higinio-morinigo\/\" \/>\n<meta property=\"og:locale\" content=\"es_ES\" \/>\n<meta property=\"og:type\" content=\"article\" \/>\n<meta property=\"og:title\" content=\"Hallan autom\u00f3vil robado oculto en un yuyal en General Higinio Mor\u00ednigo - Radio Estaci\u00f3n - 92.9 Fm Caazap\u00e1 Gral. H. Morinigo - Caazap\u00e1 HALLAN, OCULTO, RODADO Gral. H. Morinigo - Caazap\u00e1\" \/>\n<meta property=\"og:description\" content=\"Radio Estaci\u00f3n - 92.9 Fm Caazap\u00e1 Gral. H. Morinigo - Caazap\u00e1 Hallan autom\u00f3vil robado oculto en un yuyal en General Higinio Mor\u00ednigo HALLAN, OCULTO, RODADO Gral. H. Morinigo - Caazap\u00e1\" \/>\n<meta property=\"og:url\" content=\"https:\/\/radioestacion.com.py\/index.php\/2026\/04\/30\/hallan-automovil-robado-oculto-en-un-yuyal-en-general-higinio-morinigo\/\" \/>\n<meta property=\"og:site_name\" content=\"Radio Estaci\u00f3n - 92.9 Fm Caazap\u00e1\" \/>\n<meta property=\"article:publisher\" content=\"https:\/\/www.facebook.com\/profile.php?id=61578076966227\" \/>\n<meta property=\"article:published_time\" content=\"2026-04-30T00:24:07+00:00\" \/>\n<meta property=\"og:image\" content=\"https:\/\/radioestacion.com.py\/wp-content\/uploads\/2026\/04\/686207260_1413196530846105_8561144662143158100_n.png\" \/>\n\t<meta property=\"og:image:width\" content=\"1280\" \/>\n\t<meta property=\"og:image:height\" content=\"719\" \/>\n\t<meta property=\"og:image:type\" content=\"image\/png\" \/>\n<meta name=\"author\" content=\"Red Multimedios\" \/>\n<meta name=\"twitter:card\" content=\"summary_large_image\" \/>\n<meta name=\"twitter:label1\" content=\"Escrito por\" \/>\n\t<meta name=\"twitter:data1\" content=\"Red Multimedios\" \/>\n\t<meta name=\"twitter:label2\" content=\"Tiempo de lectura\" \/>\n\t<meta name=\"twitter:data2\" content=\"2 minutos\" \/>\n<script type=\"application\/ld+json\" class=\"yoast-schema-graph\">{\"@context\":\"https:\/\/schema.org\",\"@graph\":[{\"@type\":\"Article\",\"@id\":\"https:\/\/radioestacion.com.py\/index.php\/2026\/04\/30\/hallan-automovil-robado-oculto-en-un-yuyal-en-general-higinio-morinigo\/#article\",\"isPartOf\":{\"@id\":\"https:\/\/radioestacion.com.py\/index.php\/2026\/04\/30\/hallan-automovil-robado-oculto-en-un-yuyal-en-general-higinio-morinigo\/\"},\"author\":{\"name\":\"Red Multimedios\",\"@id\":\"https:\/\/radioestacion.com.py\/#\/schema\/person\/a4020e85409009300bd9898994b03a3f\"},\"headline\":\"Hallan autom\u00f3vil robado oculto en un yuyal en General Higinio Mor\u00ednigo\",\"datePublished\":\"2026-04-30T00:24:07+00:00\",\"mainEntityOfPage\":{\"@id\":\"https:\/\/radioestacion.com.py\/index.php\/2026\/04\/30\/hallan-automovil-robado-oculto-en-un-yuyal-en-general-higinio-morinigo\/\"},\"wordCount\":261,\"commentCount\":0,\"publisher\":{\"@id\":\"https:\/\/radioestacion.com.py\/#organization\"},\"image\":{\"@id\":\"https:\/\/radioestacion.com.py\/index.php\/2026\/04\/30\/hallan-automovil-robado-oculto-en-un-yuyal-en-general-higinio-morinigo\/#primaryimage\"},\"thumbnailUrl\":\"https:\/\/radioestacion.com.py\/wp-content\/uploads\/2026\/04\/686207260_1413196530846105_8561144662143158100_n.png\",\"keywords\":[\"HALLAN\",\"OCULTO\",\"RODADO\"],\"articleSection\":[\"Gral. H. Morinigo - Caazap\u00e1\"],\"inLanguage\":\"es\",\"potentialAction\":[{\"@type\":\"CommentAction\",\"name\":\"Comment\",\"target\":[\"https:\/\/radioestacion.com.py\/index.php\/2026\/04\/30\/hallan-automovil-robado-oculto-en-un-yuyal-en-general-higinio-morinigo\/#respond\"]}]},{\"@type\":\"WebPage\",\"@id\":\"https:\/\/radioestacion.com.py\/index.php\/2026\/04\/30\/hallan-automovil-robado-oculto-en-un-yuyal-en-general-higinio-morinigo\/\",\"url\":\"https:\/\/radioestacion.com.py\/index.php\/2026\/04\/30\/hallan-automovil-robado-oculto-en-un-yuyal-en-general-higinio-morinigo\/\",\"name\":\"Hallan autom\u00f3vil robado oculto en un yuyal en General Higinio Mor\u00ednigo - Radio Estaci\u00f3n - 92.9 Fm Caazap\u00e1 Gral. H. Morinigo - Caazap\u00e1 HALLAN, OCULTO, RODADO Gral. H. Morinigo - Caazap\u00e1\",\"isPartOf\":{\"@id\":\"https:\/\/radioestacion.com.py\/#website\"},\"primaryImageOfPage\":{\"@id\":\"https:\/\/radioestacion.com.py\/index.php\/2026\/04\/30\/hallan-automovil-robado-oculto-en-un-yuyal-en-general-higinio-morinigo\/#primaryimage\"},\"image\":{\"@id\":\"https:\/\/radioestacion.com.py\/index.php\/2026\/04\/30\/hallan-automovil-robado-oculto-en-un-yuyal-en-general-higinio-morinigo\/#primaryimage\"},\"thumbnailUrl\":\"https:\/\/radioestacion.com.py\/wp-content\/uploads\/2026\/04\/686207260_1413196530846105_8561144662143158100_n.png\",\"datePublished\":\"2026-04-30T00:24:07+00:00\",\"description\":\"Radio Estaci\u00f3n - 92.9 Fm Caazap\u00e1 Gral. H. Morinigo - Caazap\u00e1 Hallan autom\u00f3vil robado oculto en un yuyal en General Higinio Mor\u00ednigo HALLAN, OCULTO, RODADO Gral. H. Morinigo - Caazap\u00e1\",\"breadcrumb\":{\"@id\":\"https:\/\/radioestacion.com.py\/index.php\/2026\/04\/30\/hallan-automovil-robado-oculto-en-un-yuyal-en-general-higinio-morinigo\/#breadcrumb\"},\"inLanguage\":\"es\",\"potentialAction\":[{\"@type\":\"ReadAction\",\"target\":[\"https:\/\/radioestacion.com.py\/index.php\/2026\/04\/30\/hallan-automovil-robado-oculto-en-un-yuyal-en-general-higinio-morinigo\/\"]}]},{\"@type\":\"ImageObject\",\"inLanguage\":\"es\",\"@id\":\"https:\/\/radioestacion.com.py\/index.php\/2026\/04\/30\/hallan-automovil-robado-oculto-en-un-yuyal-en-general-higinio-morinigo\/#primaryimage\",\"url\":\"https:\/\/radioestacion.com.py\/wp-content\/uploads\/2026\/04\/686207260_1413196530846105_8561144662143158100_n.png\",\"contentUrl\":\"https:\/\/radioestacion.com.py\/wp-content\/uploads\/2026\/04\/686207260_1413196530846105_8561144662143158100_n.png\",\"width\":1280,\"height\":719},{\"@type\":\"BreadcrumbList\",\"@id\":\"https:\/\/radioestacion.com.py\/index.php\/2026\/04\/30\/hallan-automovil-robado-oculto-en-un-yuyal-en-general-higinio-morinigo\/#breadcrumb\",\"itemListElement\":[{\"@type\":\"ListItem\",\"position\":1,\"name\":\"Portada\",\"item\":\"https:\/\/radioestacion.com.py\/\"},{\"@type\":\"ListItem\",\"position\":2,\"name\":\"Hallan autom\u00f3vil robado oculto en un yuyal en General Higinio Mor\u00ednigo\"}]},{\"@type\":\"WebSite\",\"@id\":\"https:\/\/radioestacion.com.py\/#website\",\"url\":\"https:\/\/radioestacion.com.py\/\",\"name\":\"Radio Estaci\u00f3n - 92.9 Fm Caazap\u00e1\",\"description\":\"Radio Estaci\u00f3n de Caazap\u00e1, 92.9 radio estaci\u00f3n\",\"publisher\":{\"@id\":\"https:\/\/radioestacion.com.py\/#organization\"},\"alternateName\":\"Radio Estacion de Caazap\u00e1\",\"potentialAction\":[{\"@type\":\"SearchAction\",\"target\":{\"@type\":\"EntryPoint\",\"urlTemplate\":\"https:\/\/radioestacion.com.py\/?s={search_term_string}\"},\"query-input\":{\"@type\":\"PropertyValueSpecification\",\"valueRequired\":true,\"valueName\":\"search_term_string\"}}],\"inLanguage\":\"es\"},{\"@type\":\"Organization\",\"@id\":\"https:\/\/radioestacion.com.py\/#organization\",\"name\":\"Radio Estaci\u00f3n 92.9\",\"url\":\"https:\/\/radioestacion.com.py\/\",\"logo\":{\"@type\":\"ImageObject\",\"inLanguage\":\"es\",\"@id\":\"https:\/\/radioestacion.com.py\/#\/schema\/logo\/image\/\",\"url\":\"https:\/\/radioestacion.com.py\/wp-content\/uploads\/2025\/07\/cropped-logo-1.png\",\"contentUrl\":\"https:\/\/radioestacion.com.py\/wp-content\/uploads\/2025\/07\/cropped-logo-1.png\",\"width\":512,\"height\":512,\"caption\":\"Radio Estaci\u00f3n 92.9\"},\"image\":{\"@id\":\"https:\/\/radioestacion.com.py\/#\/schema\/logo\/image\/\"},\"sameAs\":[\"https:\/\/www.facebook.com\/profile.php?id=61578076966227\"]},{\"@type\":\"Person\",\"@id\":\"https:\/\/radioestacion.com.py\/#\/schema\/person\/a4020e85409009300bd9898994b03a3f\",\"name\":\"Red Multimedios\",\"image\":{\"@type\":\"ImageObject\",\"inLanguage\":\"es\",\"@id\":\"https:\/\/radioestacion.com.py\/#\/schema\/person\/image\/\",\"url\":\"https:\/\/secure.gravatar.com\/avatar\/992b8061e4c1e7683a64e011a7972e7a58ee464d2afcc56539cf6454481292c7?s=96&d=mm&r=g\",\"contentUrl\":\"https:\/\/secure.gravatar.com\/avatar\/992b8061e4c1e7683a64e011a7972e7a58ee464d2afcc56539cf6454481292c7?s=96&d=mm&r=g\",\"caption\":\"Red Multimedios\"},\"url\":\"https:\/\/radioestacion.com.py\/index.php\/author\/red-multimedios\/\"}]}<\/script>\n<!-- \/ Yoast SEO plugin. -->","yoast_head_json":{"title":"Hallan autom\u00f3vil robado oculto en un yuyal en General Higinio Mor\u00ednigo - Radio Estaci\u00f3n - 92.9 Fm Caazap\u00e1 Gral. H. Morinigo - Caazap\u00e1 HALLAN, OCULTO, RODADO Gral. H. Morinigo - Caazap\u00e1","description":"Radio Estaci\u00f3n - 92.9 Fm Caazap\u00e1 Gral. H. Morinigo - Caazap\u00e1 Hallan autom\u00f3vil robado oculto en un yuyal en General Higinio Mor\u00ednigo HALLAN, OCULTO, RODADO Gral. H. Morinigo - Caazap\u00e1","robots":{"index":"index","follow":"follow","max-snippet":"max-snippet:-1","max-image-preview":"max-image-preview:large","max-video-preview":"max-video-preview:-1"},"canonical":"https:\/\/radioestacion.com.py\/index.php\/2026\/04\/30\/hallan-automovil-robado-oculto-en-un-yuyal-en-general-higinio-morinigo\/","og_locale":"es_ES","og_type":"article","og_title":"Hallan autom\u00f3vil robado oculto en un yuyal en General Higinio Mor\u00ednigo - Radio Estaci\u00f3n - 92.9 Fm Caazap\u00e1 Gral. H. Morinigo - Caazap\u00e1 HALLAN, OCULTO, RODADO Gral. H. Morinigo - Caazap\u00e1","og_description":"Radio Estaci\u00f3n - 92.9 Fm Caazap\u00e1 Gral. H. Morinigo - Caazap\u00e1 Hallan autom\u00f3vil robado oculto en un yuyal en General Higinio Mor\u00ednigo HALLAN, OCULTO, RODADO Gral. H. Morinigo - Caazap\u00e1","og_url":"https:\/\/radioestacion.com.py\/index.php\/2026\/04\/30\/hallan-automovil-robado-oculto-en-un-yuyal-en-general-higinio-morinigo\/","og_site_name":"Radio Estaci\u00f3n - 92.9 Fm Caazap\u00e1","article_publisher":"https:\/\/www.facebook.com\/profile.php?id=61578076966227","article_published_time":"2026-04-30T00:24:07+00:00","og_image":[{"width":1280,"height":719,"url":"https:\/\/radioestacion.com.py\/wp-content\/uploads\/2026\/04\/686207260_1413196530846105_8561144662143158100_n.png","type":"image\/png"}],"author":"Red Multimedios","twitter_card":"summary_large_image","twitter_misc":{"Escrito por":"Red Multimedios","Tiempo de lectura":"2 minutos"},"schema":{"@context":"https:\/\/schema.org","@graph":[{"@type":"Article","@id":"https:\/\/radioestacion.com.py\/index.php\/2026\/04\/30\/hallan-automovil-robado-oculto-en-un-yuyal-en-general-higinio-morinigo\/#article","isPartOf":{"@id":"https:\/\/radioestacion.com.py\/index.php\/2026\/04\/30\/hallan-automovil-robado-oculto-en-un-yuyal-en-general-higinio-morinigo\/"},"author":{"name":"Red Multimedios","@id":"https:\/\/radioestacion.com.py\/#\/schema\/person\/a4020e85409009300bd9898994b03a3f"},"headline":"Hallan autom\u00f3vil robado oculto en un yuyal en General Higinio Mor\u00ednigo","datePublished":"2026-04-30T00:24:07+00:00","mainEntityOfPage":{"@id":"https:\/\/radioestacion.com.py\/index.php\/2026\/04\/30\/hallan-automovil-robado-oculto-en-un-yuyal-en-general-higinio-morinigo\/"},"wordCount":261,"commentCount":0,"publisher":{"@id":"https:\/\/radioestacion.com.py\/#organization"},"image":{"@id":"https:\/\/radioestacion.com.py\/index.php\/2026\/04\/30\/hallan-automovil-robado-oculto-en-un-yuyal-en-general-higinio-morinigo\/#primaryimage"},"thumbnailUrl":"https:\/\/radioestacion.com.py\/wp-content\/uploads\/2026\/04\/686207260_1413196530846105_8561144662143158100_n.png","keywords":["HALLAN","OCULTO","RODADO"],"articleSection":["Gral. H. Morinigo - Caazap\u00e1"],"inLanguage":"es","potentialAction":[{"@type":"CommentAction","name":"Comment","target":["https:\/\/radioestacion.com.py\/index.php\/2026\/04\/30\/hallan-automovil-robado-oculto-en-un-yuyal-en-general-higinio-morinigo\/#respond"]}]},{"@type":"WebPage","@id":"https:\/\/radioestacion.com.py\/index.php\/2026\/04\/30\/hallan-automovil-robado-oculto-en-un-yuyal-en-general-higinio-morinigo\/","url":"https:\/\/radioestacion.com.py\/index.php\/2026\/04\/30\/hallan-automovil-robado-oculto-en-un-yuyal-en-general-higinio-morinigo\/","name":"Hallan autom\u00f3vil robado oculto en un yuyal en General Higinio Mor\u00ednigo - Radio Estaci\u00f3n - 92.9 Fm Caazap\u00e1 Gral. H. Morinigo - Caazap\u00e1 HALLAN, OCULTO, RODADO Gral. H. Morinigo - Caazap\u00e1","isPartOf":{"@id":"https:\/\/radioestacion.com.py\/#website"},"primaryImageOfPage":{"@id":"https:\/\/radioestacion.com.py\/index.php\/2026\/04\/30\/hallan-automovil-robado-oculto-en-un-yuyal-en-general-higinio-morinigo\/#primaryimage"},"image":{"@id":"https:\/\/radioestacion.com.py\/index.php\/2026\/04\/30\/hallan-automovil-robado-oculto-en-un-yuyal-en-general-higinio-morinigo\/#primaryimage"},"thumbnailUrl":"https:\/\/radioestacion.com.py\/wp-content\/uploads\/2026\/04\/686207260_1413196530846105_8561144662143158100_n.png","datePublished":"2026-04-30T00:24:07+00:00","description":"Radio Estaci\u00f3n - 92.9 Fm Caazap\u00e1 Gral. H. Morinigo - Caazap\u00e1 Hallan autom\u00f3vil robado oculto en un yuyal en General Higinio Mor\u00ednigo HALLAN, OCULTO, RODADO Gral. H. Morinigo - Caazap\u00e1","breadcrumb":{"@id":"https:\/\/radioestacion.com.py\/index.php\/2026\/04\/30\/hallan-automovil-robado-oculto-en-un-yuyal-en-general-higinio-morinigo\/#breadcrumb"},"inLanguage":"es","potentialAction":[{"@type":"ReadAction","target":["https:\/\/radioestacion.com.py\/index.php\/2026\/04\/30\/hallan-automovil-robado-oculto-en-un-yuyal-en-general-higinio-morinigo\/"]}]},{"@type":"ImageObject","inLanguage":"es","@id":"https:\/\/radioestacion.com.py\/index.php\/2026\/04\/30\/hallan-automovil-robado-oculto-en-un-yuyal-en-general-higinio-morinigo\/#primaryimage","url":"https:\/\/radioestacion.com.py\/wp-content\/uploads\/2026\/04\/686207260_1413196530846105_8561144662143158100_n.png","contentUrl":"https:\/\/radioestacion.com.py\/wp-content\/uploads\/2026\/04\/686207260_1413196530846105_8561144662143158100_n.png","width":1280,"height":719},{"@type":"BreadcrumbList","@id":"https:\/\/radioestacion.com.py\/index.php\/2026\/04\/30\/hallan-automovil-robado-oculto-en-un-yuyal-en-general-higinio-morinigo\/#breadcrumb","itemListElement":[{"@type":"ListItem","position":1,"name":"Portada","item":"https:\/\/radioestacion.com.py\/"},{"@type":"ListItem","position":2,"name":"Hallan autom\u00f3vil robado oculto en un yuyal en General Higinio Mor\u00ednigo"}]},{"@type":"WebSite","@id":"https:\/\/radioestacion.com.py\/#website","url":"https:\/\/radioestacion.com.py\/","name":"Radio Estaci\u00f3n - 92.9 Fm Caazap\u00e1","description":"Radio Estaci\u00f3n de Caazap\u00e1, 92.9 radio estaci\u00f3n","publisher":{"@id":"https:\/\/radioestacion.com.py\/#organization"},"alternateName":"Radio Estacion de Caazap\u00e1","potentialAction":[{"@type":"SearchAction","target":{"@type":"EntryPoint","urlTemplate":"https:\/\/radioestacion.com.py\/?s={search_term_string}"},"query-input":{"@type":"PropertyValueSpecification","valueRequired":true,"valueName":"search_term_string"}}],"inLanguage":"es"},{"@type":"Organization","@id":"https:\/\/radioestacion.com.py\/#organization","name":"Radio Estaci\u00f3n 92.9","url":"https:\/\/radioestacion.com.py\/","logo":{"@type":"ImageObject","inLanguage":"es","@id":"https:\/\/radioestacion.com.py\/#\/schema\/logo\/image\/","url":"https:\/\/radioestacion.com.py\/wp-content\/uploads\/2025\/07\/cropped-logo-1.png","contentUrl":"https:\/\/radioestacion.com.py\/wp-content\/uploads\/2025\/07\/cropped-logo-1.png","width":512,"height":512,"caption":"Radio Estaci\u00f3n 92.9"},"image":{"@id":"https:\/\/radioestacion.com.py\/#\/schema\/logo\/image\/"},"sameAs":["https:\/\/www.facebook.com\/profile.php?id=61578076966227"]},{"@type":"Person","@id":"https:\/\/radioestacion.com.py\/#\/schema\/person\/a4020e85409009300bd9898994b03a3f","name":"Red Multimedios","image":{"@type":"ImageObject","inLanguage":"es","@id":"https:\/\/radioestacion.com.py\/#\/schema\/person\/image\/","url":"https:\/\/secure.gravatar.com\/avatar\/992b8061e4c1e7683a64e011a7972e7a58ee464d2afcc56539cf6454481292c7?s=96&d=mm&r=g","contentUrl":"https:\/\/secure.gravatar.com\/avatar\/992b8061e4c1e7683a64e011a7972e7a58ee464d2afcc56539cf6454481292c7?s=96&d=mm&r=g","caption":"Red Multimedios"},"url":"https:\/\/radioestacion.com.py\/index.php\/author\/red-multimedios\/"}]}},"_links":{"self":[{"href":"https:\/\/radioestacion.com.py\/index.php\/wp-json\/wp\/v2\/posts\/2667","targetHints":{"allow":["GET"]}}],"collection":[{"href":"https:\/\/radioestacion.com.py\/index.php\/wp-json\/wp\/v2\/posts"}],"about":[{"href":"https:\/\/radioestacion.com.py\/index.php\/wp-json\/wp\/v2\/types\/post"}],"author":[{"embeddable":true,"href":"https:\/\/radioestacion.com.py\/index.php\/wp-json\/wp\/v2\/users\/4"}],"replies":[{"embeddable":true,"href":"https:\/\/radioestacion.com.py\/index.php\/wp-json\/wp\/v2\/comments?post=2667"}],"version-history":[{"count":1,"href":"https:\/\/radioestacion.com.py\/index.php\/wp-json\/wp\/v2\/posts\/2667\/revisions"}],"predecessor-version":[{"id":2670,"href":"https:\/\/radioestacion.com.py\/index.php\/wp-json\/wp\/v2\/posts\/2667\/revisions\/2670"}],"wp:featuredmedia":[{"embeddable":true,"href":"https:\/\/radioestacion.com.py\/index.php\/wp-json\/wp\/v2\/media\/2669"}],"wp:attachment":[{"href":"https:\/\/radioestacion.com.py\/index.php\/wp-json\/wp\/v2\/media?parent=2667"}],"wp:term":[{"taxonomy":"category","embeddable":true,"href":"https:\/\/radioestacion.com.py\/index.php\/wp-json\/wp\/v2\/categories?post=2667"},{"taxonomy":"post_tag","embeddable":true,"href":"https:\/\/radioestacion.com.py\/index.php\/wp-json\/wp\/v2\/tags?post=2667"},{"taxonomy":"post_badge","embeddable":true,"href":"https:\/\/radioestacion.com.py\/index.php\/wp-json\/wp\/v2\/post_badge?post=2667"}],"curies":[{"name":"wp","href":"https:\/\/api.w.org\/{rel}","templated":true}]}}