{"id":2671,"date":"2026-04-30T00:23:57","date_gmt":"2026-04-30T00:23:57","guid":{"rendered":"https:\/\/radioestacion.com.py\/?p=2671"},"modified":"2026-04-30T00:23:58","modified_gmt":"2026-04-30T00:23:58","slug":"junta-municipal-de-san-juan-nepomuceno-rechaza-rendicion-de-cuentas-2025-del-intendente-derlis-molinas","status":"publish","type":"post","link":"https:\/\/radioestacion.com.py\/index.php\/2026\/04\/30\/junta-municipal-de-san-juan-nepomuceno-rechaza-rendicion-de-cuentas-2025-del-intendente-derlis-molinas\/","title":{"rendered":"Junta Municipal de San Juan Nepomuceno rechaza rendici\u00f3n de cuentas 2025 del intendente Derlis Molinas"},"content":{"rendered":"\n<h3 class=\"wp-block-heading\"><strong>La Junta Municipal de San Juan Nepomuceno resolvi\u00f3 no aprobar la ejecuci\u00f3n presupuestaria correspondiente al ejercicio fiscal 2025 presentada por el intendente Derlis Molinas, durante una sesi\u00f3n ordinaria llevada a cabo el martes.<\/strong><\/h3>\n\n\n\n<p>La decisi\u00f3n fue tomada por mayor\u00eda, con el voto en contra de nueve concejales, quienes argumentaron la existencia de presuntas irregularidades en el manejo de los recursos municipales. Entre las principales observaciones mencionadas figuran posibles casos de sobrefacturaci\u00f3n, obras que no habr\u00edan sido concluidas, dudas respecto a la existencia o funcionamiento de algunas empresas proveedoras, as\u00ed como gastos considerados elevados en el rubro de combustible.<\/p>\n\n\n\n<p>Ante este escenario, el pleno de la Junta recomend\u00f3 la apertura de una investigaci\u00f3n m\u00e1s profunda a fin de determinar eventuales responsabilidades administrativas o penales. Asimismo, se dispuso remitir todos los antecedentes a la Contralor\u00eda General de la Rep\u00fablica para su an\u00e1lisis correspondiente.<\/p>\n\n\n\n<p>Los concejales que votaron por el rechazo fueron Cheli Huttel, An\u00edbal Silvero, Erico Ferreira, Venancio Cabrera, Ana Gamarra, Ismael Vel\u00e1zquez y Roberto Rol\u00f3n, estos \u00faltimos del Partido Colorado (ANR), adem\u00e1s de Ireneo Ortigoza y Elvio Ben\u00edtez del Partido Liberal Radical Aut\u00e9ntico (PLRA).<\/p>\n\n\n\n<p>Por su parte, los concejales Sindulfo Rodr\u00edguez (PLRA) y Evans Dimitr\u00f3pulos (ANR) optaron por la abstenci\u00f3n, mientras que la concejala Gertrudis Morel no particip\u00f3 de la sesi\u00f3n.<\/p>\n","protected":false},"excerpt":{"rendered":"<p>La Junta Municipal de San Juan Nepomuceno resolvi\u00f3 no aprobar la ejecuci\u00f3n presupuestaria correspondiente al ejercicio fiscal 2025<\/p>\n","protected":false},"author":4,"featured_media":2672,"comment_status":"open","ping_status":"open","sticky":false,"template":"","format":"standard","meta":{"footnotes":""},"categories":[8],"tags":[473,458,689],"post_badge":[],"class_list":["post-2671","post","type-post","status-publish","format-standard","has-post-thumbnail","hentry","category-san-juan-nepomuceno","tag-cuentas","tag-rechazo","tag-rendicion"],"yoast_head":"<!-- This site is optimized with the Yoast SEO plugin v26.9 - https:\/\/yoast.com\/product\/yoast-seo-wordpress\/ -->\n<title>Junta Municipal de San Juan Nepomuceno rechaza rendici\u00f3n de cuentas 2025 del intendente Derlis Molinas - Radio Estaci\u00f3n - 92.9 Fm Caazap\u00e1 San Juan Nepomuceno CUENTAS, RECHAZO, RENDICION San Juan Nepomuceno<\/title>\n<meta name=\"description\" content=\"Radio Estaci\u00f3n - 92.9 Fm Caazap\u00e1 San Juan Nepomuceno Junta Municipal de San Juan Nepomuceno rechaza rendici\u00f3n de cuentas 2025 del intendente Derlis Molinas CUENTAS, RECHAZO, RENDICION San Juan Nepomuceno\" \/>\n<meta name=\"robots\" content=\"index, follow, max-snippet:-1, max-image-preview:large, max-video-preview:-1\" \/>\n<link rel=\"canonical\" href=\"https:\/\/radioestacion.com.py\/index.php\/2026\/04\/30\/junta-municipal-de-san-juan-nepomuceno-rechaza-rendicion-de-cuentas-2025-del-intendente-derlis-molinas\/\" \/>\n<meta property=\"og:locale\" content=\"es_ES\" \/>\n<meta property=\"og:type\" content=\"article\" \/>\n<meta property=\"og:title\" content=\"Junta Municipal de San Juan Nepomuceno rechaza rendici\u00f3n de cuentas 2025 del intendente Derlis Molinas - Radio Estaci\u00f3n - 92.9 Fm Caazap\u00e1 San Juan Nepomuceno CUENTAS, RECHAZO, RENDICION San Juan Nepomuceno\" \/>\n<meta property=\"og:description\" content=\"Radio Estaci\u00f3n - 92.9 Fm Caazap\u00e1 San Juan Nepomuceno Junta Municipal de San Juan Nepomuceno rechaza rendici\u00f3n de cuentas 2025 del intendente Derlis Molinas CUENTAS, RECHAZO, RENDICION San Juan Nepomuceno\" \/>\n<meta property=\"og:url\" content=\"https:\/\/radioestacion.com.py\/index.php\/2026\/04\/30\/junta-municipal-de-san-juan-nepomuceno-rechaza-rendicion-de-cuentas-2025-del-intendente-derlis-molinas\/\" \/>\n<meta property=\"og:site_name\" content=\"Radio Estaci\u00f3n - 92.9 Fm Caazap\u00e1\" \/>\n<meta property=\"article:publisher\" content=\"https:\/\/www.facebook.com\/profile.php?id=61578076966227\" \/>\n<meta property=\"article:published_time\" content=\"2026-04-30T00:23:57+00:00\" \/>\n<meta property=\"article:modified_time\" content=\"2026-04-30T00:23:58+00:00\" \/>\n<meta property=\"og:image\" content=\"https:\/\/radioestacion.com.py\/wp-content\/uploads\/2026\/04\/faasgre-1024x576.png\" \/>\n\t<meta property=\"og:image:width\" content=\"1024\" \/>\n\t<meta property=\"og:image:height\" content=\"576\" \/>\n\t<meta property=\"og:image:type\" content=\"image\/png\" \/>\n<meta name=\"author\" content=\"Red Multimedios\" \/>\n<meta name=\"twitter:card\" content=\"summary_large_image\" \/>\n<meta name=\"twitter:label1\" content=\"Escrito por\" \/>\n\t<meta name=\"twitter:data1\" content=\"Red Multimedios\" \/>\n\t<meta name=\"twitter:label2\" content=\"Tiempo de lectura\" \/>\n\t<meta name=\"twitter:data2\" content=\"2 minutos\" \/>\n<script type=\"application\/ld+json\" class=\"yoast-schema-graph\">{\"@context\":\"https:\/\/schema.org\",\"@graph\":[{\"@type\":\"Article\",\"@id\":\"https:\/\/radioestacion.com.py\/index.php\/2026\/04\/30\/junta-municipal-de-san-juan-nepomuceno-rechaza-rendicion-de-cuentas-2025-del-intendente-derlis-molinas\/#article\",\"isPartOf\":{\"@id\":\"https:\/\/radioestacion.com.py\/index.php\/2026\/04\/30\/junta-municipal-de-san-juan-nepomuceno-rechaza-rendicion-de-cuentas-2025-del-intendente-derlis-molinas\/\"},\"author\":{\"name\":\"Red Multimedios\",\"@id\":\"https:\/\/radioestacion.com.py\/#\/schema\/person\/a4020e85409009300bd9898994b03a3f\"},\"headline\":\"Junta Municipal de San Juan Nepomuceno rechaza rendici\u00f3n de cuentas 2025 del intendente Derlis Molinas\",\"datePublished\":\"2026-04-30T00:23:57+00:00\",\"dateModified\":\"2026-04-30T00:23:58+00:00\",\"mainEntityOfPage\":{\"@id\":\"https:\/\/radioestacion.com.py\/index.php\/2026\/04\/30\/junta-municipal-de-san-juan-nepomuceno-rechaza-rendicion-de-cuentas-2025-del-intendente-derlis-molinas\/\"},\"wordCount\":245,\"commentCount\":0,\"publisher\":{\"@id\":\"https:\/\/radioestacion.com.py\/#organization\"},\"image\":{\"@id\":\"https:\/\/radioestacion.com.py\/index.php\/2026\/04\/30\/junta-municipal-de-san-juan-nepomuceno-rechaza-rendicion-de-cuentas-2025-del-intendente-derlis-molinas\/#primaryimage\"},\"thumbnailUrl\":\"https:\/\/radioestacion.com.py\/wp-content\/uploads\/2026\/04\/faasgre.png\",\"keywords\":[\"CUENTAS\",\"RECHAZO\",\"RENDICION\"],\"articleSection\":[\"San Juan Nepomuceno\"],\"inLanguage\":\"es\",\"potentialAction\":[{\"@type\":\"CommentAction\",\"name\":\"Comment\",\"target\":[\"https:\/\/radioestacion.com.py\/index.php\/2026\/04\/30\/junta-municipal-de-san-juan-nepomuceno-rechaza-rendicion-de-cuentas-2025-del-intendente-derlis-molinas\/#respond\"]}]},{\"@type\":\"WebPage\",\"@id\":\"https:\/\/radioestacion.com.py\/index.php\/2026\/04\/30\/junta-municipal-de-san-juan-nepomuceno-rechaza-rendicion-de-cuentas-2025-del-intendente-derlis-molinas\/\",\"url\":\"https:\/\/radioestacion.com.py\/index.php\/2026\/04\/30\/junta-municipal-de-san-juan-nepomuceno-rechaza-rendicion-de-cuentas-2025-del-intendente-derlis-molinas\/\",\"name\":\"Junta Municipal de San Juan Nepomuceno rechaza rendici\u00f3n de cuentas 2025 del intendente Derlis Molinas - Radio Estaci\u00f3n - 92.9 Fm Caazap\u00e1 San Juan Nepomuceno CUENTAS, RECHAZO, RENDICION San Juan Nepomuceno\",\"isPartOf\":{\"@id\":\"https:\/\/radioestacion.com.py\/#website\"},\"primaryImageOfPage\":{\"@id\":\"https:\/\/radioestacion.com.py\/index.php\/2026\/04\/30\/junta-municipal-de-san-juan-nepomuceno-rechaza-rendicion-de-cuentas-2025-del-intendente-derlis-molinas\/#primaryimage\"},\"image\":{\"@id\":\"https:\/\/radioestacion.com.py\/index.php\/2026\/04\/30\/junta-municipal-de-san-juan-nepomuceno-rechaza-rendicion-de-cuentas-2025-del-intendente-derlis-molinas\/#primaryimage\"},\"thumbnailUrl\":\"https:\/\/radioestacion.com.py\/wp-content\/uploads\/2026\/04\/faasgre.png\",\"datePublished\":\"2026-04-30T00:23:57+00:00\",\"dateModified\":\"2026-04-30T00:23:58+00:00\",\"description\":\"Radio Estaci\u00f3n - 92.9 Fm Caazap\u00e1 San Juan Nepomuceno Junta Municipal de San Juan Nepomuceno rechaza rendici\u00f3n de cuentas 2025 del intendente Derlis Molinas CUENTAS, RECHAZO, RENDICION San Juan Nepomuceno\",\"breadcrumb\":{\"@id\":\"https:\/\/radioestacion.com.py\/index.php\/2026\/04\/30\/junta-municipal-de-san-juan-nepomuceno-rechaza-rendicion-de-cuentas-2025-del-intendente-derlis-molinas\/#breadcrumb\"},\"inLanguage\":\"es\",\"potentialAction\":[{\"@type\":\"ReadAction\",\"target\":[\"https:\/\/radioestacion.com.py\/index.php\/2026\/04\/30\/junta-municipal-de-san-juan-nepomuceno-rechaza-rendicion-de-cuentas-2025-del-intendente-derlis-molinas\/\"]}]},{\"@type\":\"ImageObject\",\"inLanguage\":\"es\",\"@id\":\"https:\/\/radioestacion.com.py\/index.php\/2026\/04\/30\/junta-municipal-de-san-juan-nepomuceno-rechaza-rendicion-de-cuentas-2025-del-intendente-derlis-molinas\/#primaryimage\",\"url\":\"https:\/\/radioestacion.com.py\/wp-content\/uploads\/2026\/04\/faasgre.png\",\"contentUrl\":\"https:\/\/radioestacion.com.py\/wp-content\/uploads\/2026\/04\/faasgre.png\",\"width\":1920,\"height\":1080},{\"@type\":\"BreadcrumbList\",\"@id\":\"https:\/\/radioestacion.com.py\/index.php\/2026\/04\/30\/junta-municipal-de-san-juan-nepomuceno-rechaza-rendicion-de-cuentas-2025-del-intendente-derlis-molinas\/#breadcrumb\",\"itemListElement\":[{\"@type\":\"ListItem\",\"position\":1,\"name\":\"Portada\",\"item\":\"https:\/\/radioestacion.com.py\/\"},{\"@type\":\"ListItem\",\"position\":2,\"name\":\"Junta Municipal de San Juan Nepomuceno rechaza rendici\u00f3n de cuentas 2025 del intendente Derlis Molinas\"}]},{\"@type\":\"WebSite\",\"@id\":\"https:\/\/radioestacion.com.py\/#website\",\"url\":\"https:\/\/radioestacion.com.py\/\",\"name\":\"Radio Estaci\u00f3n - 92.9 Fm Caazap\u00e1\",\"description\":\"Radio Estaci\u00f3n de Caazap\u00e1, 92.9 radio estaci\u00f3n\",\"publisher\":{\"@id\":\"https:\/\/radioestacion.com.py\/#organization\"},\"alternateName\":\"Radio Estacion de Caazap\u00e1\",\"potentialAction\":[{\"@type\":\"SearchAction\",\"target\":{\"@type\":\"EntryPoint\",\"urlTemplate\":\"https:\/\/radioestacion.com.py\/?s={search_term_string}\"},\"query-input\":{\"@type\":\"PropertyValueSpecification\",\"valueRequired\":true,\"valueName\":\"search_term_string\"}}],\"inLanguage\":\"es\"},{\"@type\":\"Organization\",\"@id\":\"https:\/\/radioestacion.com.py\/#organization\",\"name\":\"Radio Estaci\u00f3n 92.9\",\"url\":\"https:\/\/radioestacion.com.py\/\",\"logo\":{\"@type\":\"ImageObject\",\"inLanguage\":\"es\",\"@id\":\"https:\/\/radioestacion.com.py\/#\/schema\/logo\/image\/\",\"url\":\"https:\/\/radioestacion.com.py\/wp-content\/uploads\/2025\/07\/cropped-logo-1.png\",\"contentUrl\":\"https:\/\/radioestacion.com.py\/wp-content\/uploads\/2025\/07\/cropped-logo-1.png\",\"width\":512,\"height\":512,\"caption\":\"Radio Estaci\u00f3n 92.9\"},\"image\":{\"@id\":\"https:\/\/radioestacion.com.py\/#\/schema\/logo\/image\/\"},\"sameAs\":[\"https:\/\/www.facebook.com\/profile.php?id=61578076966227\"]},{\"@type\":\"Person\",\"@id\":\"https:\/\/radioestacion.com.py\/#\/schema\/person\/a4020e85409009300bd9898994b03a3f\",\"name\":\"Red Multimedios\",\"image\":{\"@type\":\"ImageObject\",\"inLanguage\":\"es\",\"@id\":\"https:\/\/radioestacion.com.py\/#\/schema\/person\/image\/\",\"url\":\"https:\/\/secure.gravatar.com\/avatar\/992b8061e4c1e7683a64e011a7972e7a58ee464d2afcc56539cf6454481292c7?s=96&d=mm&r=g\",\"contentUrl\":\"https:\/\/secure.gravatar.com\/avatar\/992b8061e4c1e7683a64e011a7972e7a58ee464d2afcc56539cf6454481292c7?s=96&d=mm&r=g\",\"caption\":\"Red Multimedios\"},\"url\":\"https:\/\/radioestacion.com.py\/index.php\/author\/red-multimedios\/\"}]}<\/script>\n<!-- \/ Yoast SEO plugin. -->","yoast_head_json":{"title":"Junta Municipal de San Juan Nepomuceno rechaza rendici\u00f3n de cuentas 2025 del intendente Derlis Molinas - Radio Estaci\u00f3n - 92.9 Fm Caazap\u00e1 San Juan Nepomuceno CUENTAS, RECHAZO, RENDICION San Juan Nepomuceno","description":"Radio Estaci\u00f3n - 92.9 Fm Caazap\u00e1 San Juan Nepomuceno Junta Municipal de San Juan Nepomuceno rechaza rendici\u00f3n de cuentas 2025 del intendente Derlis Molinas CUENTAS, RECHAZO, RENDICION San Juan Nepomuceno","robots":{"index":"index","follow":"follow","max-snippet":"max-snippet:-1","max-image-preview":"max-image-preview:large","max-video-preview":"max-video-preview:-1"},"canonical":"https:\/\/radioestacion.com.py\/index.php\/2026\/04\/30\/junta-municipal-de-san-juan-nepomuceno-rechaza-rendicion-de-cuentas-2025-del-intendente-derlis-molinas\/","og_locale":"es_ES","og_type":"article","og_title":"Junta Municipal de San Juan Nepomuceno rechaza rendici\u00f3n de cuentas 2025 del intendente Derlis Molinas - Radio Estaci\u00f3n - 92.9 Fm Caazap\u00e1 San Juan Nepomuceno CUENTAS, RECHAZO, RENDICION San Juan Nepomuceno","og_description":"Radio Estaci\u00f3n - 92.9 Fm Caazap\u00e1 San Juan Nepomuceno Junta Municipal de San Juan Nepomuceno rechaza rendici\u00f3n de cuentas 2025 del intendente Derlis Molinas CUENTAS, RECHAZO, RENDICION San Juan Nepomuceno","og_url":"https:\/\/radioestacion.com.py\/index.php\/2026\/04\/30\/junta-municipal-de-san-juan-nepomuceno-rechaza-rendicion-de-cuentas-2025-del-intendente-derlis-molinas\/","og_site_name":"Radio Estaci\u00f3n - 92.9 Fm Caazap\u00e1","article_publisher":"https:\/\/www.facebook.com\/profile.php?id=61578076966227","article_published_time":"2026-04-30T00:23:57+00:00","article_modified_time":"2026-04-30T00:23:58+00:00","og_image":[{"width":1024,"height":576,"url":"https:\/\/radioestacion.com.py\/wp-content\/uploads\/2026\/04\/faasgre-1024x576.png","type":"image\/png"}],"author":"Red Multimedios","twitter_card":"summary_large_image","twitter_misc":{"Escrito por":"Red Multimedios","Tiempo de lectura":"2 minutos"},"schema":{"@context":"https:\/\/schema.org","@graph":[{"@type":"Article","@id":"https:\/\/radioestacion.com.py\/index.php\/2026\/04\/30\/junta-municipal-de-san-juan-nepomuceno-rechaza-rendicion-de-cuentas-2025-del-intendente-derlis-molinas\/#article","isPartOf":{"@id":"https:\/\/radioestacion.com.py\/index.php\/2026\/04\/30\/junta-municipal-de-san-juan-nepomuceno-rechaza-rendicion-de-cuentas-2025-del-intendente-derlis-molinas\/"},"author":{"name":"Red Multimedios","@id":"https:\/\/radioestacion.com.py\/#\/schema\/person\/a4020e85409009300bd9898994b03a3f"},"headline":"Junta Municipal de San Juan Nepomuceno rechaza rendici\u00f3n de cuentas 2025 del intendente Derlis Molinas","datePublished":"2026-04-30T00:23:57+00:00","dateModified":"2026-04-30T00:23:58+00:00","mainEntityOfPage":{"@id":"https:\/\/radioestacion.com.py\/index.php\/2026\/04\/30\/junta-municipal-de-san-juan-nepomuceno-rechaza-rendicion-de-cuentas-2025-del-intendente-derlis-molinas\/"},"wordCount":245,"commentCount":0,"publisher":{"@id":"https:\/\/radioestacion.com.py\/#organization"},"image":{"@id":"https:\/\/radioestacion.com.py\/index.php\/2026\/04\/30\/junta-municipal-de-san-juan-nepomuceno-rechaza-rendicion-de-cuentas-2025-del-intendente-derlis-molinas\/#primaryimage"},"thumbnailUrl":"https:\/\/radioestacion.com.py\/wp-content\/uploads\/2026\/04\/faasgre.png","keywords":["CUENTAS","RECHAZO","RENDICION"],"articleSection":["San Juan Nepomuceno"],"inLanguage":"es","potentialAction":[{"@type":"CommentAction","name":"Comment","target":["https:\/\/radioestacion.com.py\/index.php\/2026\/04\/30\/junta-municipal-de-san-juan-nepomuceno-rechaza-rendicion-de-cuentas-2025-del-intendente-derlis-molinas\/#respond"]}]},{"@type":"WebPage","@id":"https:\/\/radioestacion.com.py\/index.php\/2026\/04\/30\/junta-municipal-de-san-juan-nepomuceno-rechaza-rendicion-de-cuentas-2025-del-intendente-derlis-molinas\/","url":"https:\/\/radioestacion.com.py\/index.php\/2026\/04\/30\/junta-municipal-de-san-juan-nepomuceno-rechaza-rendicion-de-cuentas-2025-del-intendente-derlis-molinas\/","name":"Junta Municipal de San Juan Nepomuceno rechaza rendici\u00f3n de cuentas 2025 del intendente Derlis Molinas - Radio Estaci\u00f3n - 92.9 Fm Caazap\u00e1 San Juan Nepomuceno CUENTAS, RECHAZO, RENDICION San Juan Nepomuceno","isPartOf":{"@id":"https:\/\/radioestacion.com.py\/#website"},"primaryImageOfPage":{"@id":"https:\/\/radioestacion.com.py\/index.php\/2026\/04\/30\/junta-municipal-de-san-juan-nepomuceno-rechaza-rendicion-de-cuentas-2025-del-intendente-derlis-molinas\/#primaryimage"},"image":{"@id":"https:\/\/radioestacion.com.py\/index.php\/2026\/04\/30\/junta-municipal-de-san-juan-nepomuceno-rechaza-rendicion-de-cuentas-2025-del-intendente-derlis-molinas\/#primaryimage"},"thumbnailUrl":"https:\/\/radioestacion.com.py\/wp-content\/uploads\/2026\/04\/faasgre.png","datePublished":"2026-04-30T00:23:57+00:00","dateModified":"2026-04-30T00:23:58+00:00","description":"Radio Estaci\u00f3n - 92.9 Fm Caazap\u00e1 San Juan Nepomuceno Junta Municipal de San Juan Nepomuceno rechaza rendici\u00f3n de cuentas 2025 del intendente Derlis Molinas CUENTAS, RECHAZO, RENDICION San Juan Nepomuceno","breadcrumb":{"@id":"https:\/\/radioestacion.com.py\/index.php\/2026\/04\/30\/junta-municipal-de-san-juan-nepomuceno-rechaza-rendicion-de-cuentas-2025-del-intendente-derlis-molinas\/#breadcrumb"},"inLanguage":"es","potentialAction":[{"@type":"ReadAction","target":["https:\/\/radioestacion.com.py\/index.php\/2026\/04\/30\/junta-municipal-de-san-juan-nepomuceno-rechaza-rendicion-de-cuentas-2025-del-intendente-derlis-molinas\/"]}]},{"@type":"ImageObject","inLanguage":"es","@id":"https:\/\/radioestacion.com.py\/index.php\/2026\/04\/30\/junta-municipal-de-san-juan-nepomuceno-rechaza-rendicion-de-cuentas-2025-del-intendente-derlis-molinas\/#primaryimage","url":"https:\/\/radioestacion.com.py\/wp-content\/uploads\/2026\/04\/faasgre.png","contentUrl":"https:\/\/radioestacion.com.py\/wp-content\/uploads\/2026\/04\/faasgre.png","width":1920,"height":1080},{"@type":"BreadcrumbList","@id":"https:\/\/radioestacion.com.py\/index.php\/2026\/04\/30\/junta-municipal-de-san-juan-nepomuceno-rechaza-rendicion-de-cuentas-2025-del-intendente-derlis-molinas\/#breadcrumb","itemListElement":[{"@type":"ListItem","position":1,"name":"Portada","item":"https:\/\/radioestacion.com.py\/"},{"@type":"ListItem","position":2,"name":"Junta Municipal de San Juan Nepomuceno rechaza rendici\u00f3n de cuentas 2025 del intendente Derlis Molinas"}]},{"@type":"WebSite","@id":"https:\/\/radioestacion.com.py\/#website","url":"https:\/\/radioestacion.com.py\/","name":"Radio Estaci\u00f3n - 92.9 Fm Caazap\u00e1","description":"Radio Estaci\u00f3n de Caazap\u00e1, 92.9 radio estaci\u00f3n","publisher":{"@id":"https:\/\/radioestacion.com.py\/#organization"},"alternateName":"Radio Estacion de Caazap\u00e1","potentialAction":[{"@type":"SearchAction","target":{"@type":"EntryPoint","urlTemplate":"https:\/\/radioestacion.com.py\/?s={search_term_string}"},"query-input":{"@type":"PropertyValueSpecification","valueRequired":true,"valueName":"search_term_string"}}],"inLanguage":"es"},{"@type":"Organization","@id":"https:\/\/radioestacion.com.py\/#organization","name":"Radio Estaci\u00f3n 92.9","url":"https:\/\/radioestacion.com.py\/","logo":{"@type":"ImageObject","inLanguage":"es","@id":"https:\/\/radioestacion.com.py\/#\/schema\/logo\/image\/","url":"https:\/\/radioestacion.com.py\/wp-content\/uploads\/2025\/07\/cropped-logo-1.png","contentUrl":"https:\/\/radioestacion.com.py\/wp-content\/uploads\/2025\/07\/cropped-logo-1.png","width":512,"height":512,"caption":"Radio Estaci\u00f3n 92.9"},"image":{"@id":"https:\/\/radioestacion.com.py\/#\/schema\/logo\/image\/"},"sameAs":["https:\/\/www.facebook.com\/profile.php?id=61578076966227"]},{"@type":"Person","@id":"https:\/\/radioestacion.com.py\/#\/schema\/person\/a4020e85409009300bd9898994b03a3f","name":"Red Multimedios","image":{"@type":"ImageObject","inLanguage":"es","@id":"https:\/\/radioestacion.com.py\/#\/schema\/person\/image\/","url":"https:\/\/secure.gravatar.com\/avatar\/992b8061e4c1e7683a64e011a7972e7a58ee464d2afcc56539cf6454481292c7?s=96&d=mm&r=g","contentUrl":"https:\/\/secure.gravatar.com\/avatar\/992b8061e4c1e7683a64e011a7972e7a58ee464d2afcc56539cf6454481292c7?s=96&d=mm&r=g","caption":"Red Multimedios"},"url":"https:\/\/radioestacion.com.py\/index.php\/author\/red-multimedios\/"}]}},"_links":{"self":[{"href":"https:\/\/radioestacion.com.py\/index.php\/wp-json\/wp\/v2\/posts\/2671","targetHints":{"allow":["GET"]}}],"collection":[{"href":"https:\/\/radioestacion.com.py\/index.php\/wp-json\/wp\/v2\/posts"}],"about":[{"href":"https:\/\/radioestacion.com.py\/index.php\/wp-json\/wp\/v2\/types\/post"}],"author":[{"embeddable":true,"href":"https:\/\/radioestacion.com.py\/index.php\/wp-json\/wp\/v2\/users\/4"}],"replies":[{"embeddable":true,"href":"https:\/\/radioestacion.com.py\/index.php\/wp-json\/wp\/v2\/comments?post=2671"}],"version-history":[{"count":1,"href":"https:\/\/radioestacion.com.py\/index.php\/wp-json\/wp\/v2\/posts\/2671\/revisions"}],"predecessor-version":[{"id":2673,"href":"https:\/\/radioestacion.com.py\/index.php\/wp-json\/wp\/v2\/posts\/2671\/revisions\/2673"}],"wp:featuredmedia":[{"embeddable":true,"href":"https:\/\/radioestacion.com.py\/index.php\/wp-json\/wp\/v2\/media\/2672"}],"wp:attachment":[{"href":"https:\/\/radioestacion.com.py\/index.php\/wp-json\/wp\/v2\/media?parent=2671"}],"wp:term":[{"taxonomy":"category","embeddable":true,"href":"https:\/\/radioestacion.com.py\/index.php\/wp-json\/wp\/v2\/categories?post=2671"},{"taxonomy":"post_tag","embeddable":true,"href":"https:\/\/radioestacion.com.py\/index.php\/wp-json\/wp\/v2\/tags?post=2671"},{"taxonomy":"post_badge","embeddable":true,"href":"https:\/\/radioestacion.com.py\/index.php\/wp-json\/wp\/v2\/post_badge?post=2671"}],"curies":[{"name":"wp","href":"https:\/\/api.w.org\/{rel}","templated":true}]}}