{"id":2691,"date":"2026-05-01T06:02:47","date_gmt":"2026-05-01T06:02:47","guid":{"rendered":"https:\/\/radioestacion.com.py\/?p=2691"},"modified":"2026-05-01T06:02:47","modified_gmt":"2026-05-01T06:02:47","slug":"hombre-muere-electrocutado-mientras-realizaba-trabajos-electricos-en-una-vivienda-en-saltos-del-guaira","status":"publish","type":"post","link":"https:\/\/radioestacion.com.py\/index.php\/2026\/05\/01\/hombre-muere-electrocutado-mientras-realizaba-trabajos-electricos-en-una-vivienda-en-saltos-del-guaira\/","title":{"rendered":"Hombre muere electrocutado mientras realizaba trabajos el\u00e9ctricos en una vivienda en Saltos del Guair\u00e1"},"content":{"rendered":"\n<h3 class=\"wp-block-heading\"><strong>El hombre fue hallado sin vida por la propietaria de la casa, quien lo hab\u00eda contratado para reparar el port\u00f3n el\u00e9ctrico. Intervino la Fiscal\u00eda y personal especializado. El hecho ocurri\u00f3 en una vivienda en\u00a0Saltos del Guair\u00e1.<\/strong><\/h3>\n\n\n\n<p>Un tr\u00e1gico hecho se registr\u00f3 en una vivienda particular del barrio&nbsp;<strong>San Blas<\/strong>&nbsp;de&nbsp;<strong>Saltos del Guair\u00e1<\/strong>, donde un hombre perdi\u00f3 la vida presuntamente a causa de una descarga el\u00e9ctrica mientras realizaba trabajos en el sistema del port\u00f3n.<\/p>\n\n\n\n<p>La v\u00edctima fue identificada como&nbsp;<strong>Gerald\u00ed Dami\u00e1n S\u00e1nchez Navarro<\/strong>, paraguayo, soltero, de 45 a\u00f1os de edad, domiciliado en vida en el mismo barrio donde ocurri\u00f3 el suceso.<\/p>\n\n\n\n<p>Seg\u00fan el relato de la propietaria del inmueble, hab\u00eda solicitado los servicios del trabajador para realizar tareas en la parte el\u00e9ctrica del port\u00f3n de su domicilio. En un momento determinado lo dej\u00f3 trabajando solo, y minutos m\u00e1s tarde, al regresar para verificar el avance de los trabajos, lo encontr\u00f3 tendido en el suelo.<\/p>\n\n\n\n<p>Ante la escena, se dio aviso inmediato a los bomberos voluntarios, quienes acudieron r\u00e1pidamente al lugar. Sin embargo, al momento de su intervenci\u00f3n constataron que el hombre ya no presentaba signos de vida.<\/p>\n\n\n\n<p>El hecho fue comunicado al agente fiscal Abelino Bareiro, quien se constituy\u00f3 en el sitio acompa\u00f1ado por personal de Criminal\u00edstica y del \u00e1rea Forense, a fin de realizar los procedimientos de rigor y determinar con precisi\u00f3n las circunstancias del fallecimiento.<\/p>\n","protected":false},"excerpt":{"rendered":"<p>El hombre fue hallado sin vida por la propietaria de la casa, quien lo hab\u00eda contratado para reparar<\/p>\n","protected":false},"author":4,"featured_media":2692,"comment_status":"open","ping_status":"open","sticky":false,"template":"","format":"standard","meta":{"footnotes":""},"categories":[42],"tags":[697,698,637],"post_badge":[],"class_list":["post-2691","post","type-post","status-publish","format-standard","has-post-thumbnail","hentry","category-nacionales","tag-electrocutado","tag-trabajos","tag-vivienda"],"yoast_head":"<!-- This site is optimized with the Yoast SEO plugin v26.9 - https:\/\/yoast.com\/product\/yoast-seo-wordpress\/ -->\n<title>Hombre muere electrocutado mientras realizaba trabajos el\u00e9ctricos en una vivienda en Saltos del Guair\u00e1 - Radio Estaci\u00f3n - 92.9 Fm Caazap\u00e1 Nacionales ELECTROCUTADO, TRABAJOS, Vivienda Nacionales<\/title>\n<meta name=\"description\" content=\"Radio Estaci\u00f3n - 92.9 Fm Caazap\u00e1 Nacionales Hombre muere electrocutado mientras realizaba trabajos el\u00e9ctricos en una vivienda en Saltos del Guair\u00e1 ELECTROCUTADO, TRABAJOS, Vivienda Nacionales\" \/>\n<meta name=\"robots\" content=\"index, follow, max-snippet:-1, max-image-preview:large, max-video-preview:-1\" \/>\n<link rel=\"canonical\" href=\"https:\/\/radioestacion.com.py\/index.php\/2026\/05\/01\/hombre-muere-electrocutado-mientras-realizaba-trabajos-electricos-en-una-vivienda-en-saltos-del-guaira\/\" \/>\n<meta property=\"og:locale\" content=\"es_ES\" \/>\n<meta property=\"og:type\" content=\"article\" \/>\n<meta property=\"og:title\" content=\"Hombre muere electrocutado mientras realizaba trabajos el\u00e9ctricos en una vivienda en Saltos del Guair\u00e1 - Radio Estaci\u00f3n - 92.9 Fm Caazap\u00e1 Nacionales ELECTROCUTADO, TRABAJOS, Vivienda Nacionales\" \/>\n<meta property=\"og:description\" content=\"Radio Estaci\u00f3n - 92.9 Fm Caazap\u00e1 Nacionales Hombre muere electrocutado mientras realizaba trabajos el\u00e9ctricos en una vivienda en Saltos del Guair\u00e1 ELECTROCUTADO, TRABAJOS, Vivienda Nacionales\" \/>\n<meta property=\"og:url\" content=\"https:\/\/radioestacion.com.py\/index.php\/2026\/05\/01\/hombre-muere-electrocutado-mientras-realizaba-trabajos-electricos-en-una-vivienda-en-saltos-del-guaira\/\" \/>\n<meta property=\"og:site_name\" content=\"Radio Estaci\u00f3n - 92.9 Fm Caazap\u00e1\" \/>\n<meta property=\"article:publisher\" content=\"https:\/\/www.facebook.com\/profile.php?id=61578076966227\" \/>\n<meta property=\"article:published_time\" content=\"2026-05-01T06:02:47+00:00\" \/>\n<meta property=\"og:image\" content=\"https:\/\/radioestacion.com.py\/wp-content\/uploads\/2026\/04\/descarga-22.webp\" \/>\n\t<meta property=\"og:image:width\" content=\"1000\" \/>\n\t<meta property=\"og:image:height\" content=\"563\" \/>\n\t<meta property=\"og:image:type\" content=\"image\/webp\" \/>\n<meta name=\"author\" content=\"Red Multimedios\" \/>\n<meta name=\"twitter:card\" content=\"summary_large_image\" \/>\n<meta name=\"twitter:label1\" content=\"Escrito por\" \/>\n\t<meta name=\"twitter:data1\" content=\"Red Multimedios\" \/>\n\t<meta name=\"twitter:label2\" content=\"Tiempo de lectura\" \/>\n\t<meta name=\"twitter:data2\" content=\"2 minutos\" \/>\n<script type=\"application\/ld+json\" class=\"yoast-schema-graph\">{\"@context\":\"https:\/\/schema.org\",\"@graph\":[{\"@type\":\"Article\",\"@id\":\"https:\/\/radioestacion.com.py\/index.php\/2026\/05\/01\/hombre-muere-electrocutado-mientras-realizaba-trabajos-electricos-en-una-vivienda-en-saltos-del-guaira\/#article\",\"isPartOf\":{\"@id\":\"https:\/\/radioestacion.com.py\/index.php\/2026\/05\/01\/hombre-muere-electrocutado-mientras-realizaba-trabajos-electricos-en-una-vivienda-en-saltos-del-guaira\/\"},\"author\":{\"name\":\"Red Multimedios\",\"@id\":\"https:\/\/radioestacion.com.py\/#\/schema\/person\/a4020e85409009300bd9898994b03a3f\"},\"headline\":\"Hombre muere electrocutado mientras realizaba trabajos el\u00e9ctricos en una vivienda en Saltos del Guair\u00e1\",\"datePublished\":\"2026-05-01T06:02:47+00:00\",\"mainEntityOfPage\":{\"@id\":\"https:\/\/radioestacion.com.py\/index.php\/2026\/05\/01\/hombre-muere-electrocutado-mientras-realizaba-trabajos-electricos-en-una-vivienda-en-saltos-del-guaira\/\"},\"wordCount\":267,\"commentCount\":0,\"publisher\":{\"@id\":\"https:\/\/radioestacion.com.py\/#organization\"},\"image\":{\"@id\":\"https:\/\/radioestacion.com.py\/index.php\/2026\/05\/01\/hombre-muere-electrocutado-mientras-realizaba-trabajos-electricos-en-una-vivienda-en-saltos-del-guaira\/#primaryimage\"},\"thumbnailUrl\":\"https:\/\/radioestacion.com.py\/wp-content\/uploads\/2026\/04\/descarga-22.webp\",\"keywords\":[\"ELECTROCUTADO\",\"TRABAJOS\",\"Vivienda\"],\"articleSection\":[\"Nacionales\"],\"inLanguage\":\"es\",\"potentialAction\":[{\"@type\":\"CommentAction\",\"name\":\"Comment\",\"target\":[\"https:\/\/radioestacion.com.py\/index.php\/2026\/05\/01\/hombre-muere-electrocutado-mientras-realizaba-trabajos-electricos-en-una-vivienda-en-saltos-del-guaira\/#respond\"]}]},{\"@type\":\"WebPage\",\"@id\":\"https:\/\/radioestacion.com.py\/index.php\/2026\/05\/01\/hombre-muere-electrocutado-mientras-realizaba-trabajos-electricos-en-una-vivienda-en-saltos-del-guaira\/\",\"url\":\"https:\/\/radioestacion.com.py\/index.php\/2026\/05\/01\/hombre-muere-electrocutado-mientras-realizaba-trabajos-electricos-en-una-vivienda-en-saltos-del-guaira\/\",\"name\":\"Hombre muere electrocutado mientras realizaba trabajos el\u00e9ctricos en una vivienda en Saltos del Guair\u00e1 - Radio Estaci\u00f3n - 92.9 Fm Caazap\u00e1 Nacionales ELECTROCUTADO, TRABAJOS, Vivienda Nacionales\",\"isPartOf\":{\"@id\":\"https:\/\/radioestacion.com.py\/#website\"},\"primaryImageOfPage\":{\"@id\":\"https:\/\/radioestacion.com.py\/index.php\/2026\/05\/01\/hombre-muere-electrocutado-mientras-realizaba-trabajos-electricos-en-una-vivienda-en-saltos-del-guaira\/#primaryimage\"},\"image\":{\"@id\":\"https:\/\/radioestacion.com.py\/index.php\/2026\/05\/01\/hombre-muere-electrocutado-mientras-realizaba-trabajos-electricos-en-una-vivienda-en-saltos-del-guaira\/#primaryimage\"},\"thumbnailUrl\":\"https:\/\/radioestacion.com.py\/wp-content\/uploads\/2026\/04\/descarga-22.webp\",\"datePublished\":\"2026-05-01T06:02:47+00:00\",\"description\":\"Radio Estaci\u00f3n - 92.9 Fm Caazap\u00e1 Nacionales Hombre muere electrocutado mientras realizaba trabajos el\u00e9ctricos en una vivienda en Saltos del Guair\u00e1 ELECTROCUTADO, TRABAJOS, Vivienda Nacionales\",\"breadcrumb\":{\"@id\":\"https:\/\/radioestacion.com.py\/index.php\/2026\/05\/01\/hombre-muere-electrocutado-mientras-realizaba-trabajos-electricos-en-una-vivienda-en-saltos-del-guaira\/#breadcrumb\"},\"inLanguage\":\"es\",\"potentialAction\":[{\"@type\":\"ReadAction\",\"target\":[\"https:\/\/radioestacion.com.py\/index.php\/2026\/05\/01\/hombre-muere-electrocutado-mientras-realizaba-trabajos-electricos-en-una-vivienda-en-saltos-del-guaira\/\"]}]},{\"@type\":\"ImageObject\",\"inLanguage\":\"es\",\"@id\":\"https:\/\/radioestacion.com.py\/index.php\/2026\/05\/01\/hombre-muere-electrocutado-mientras-realizaba-trabajos-electricos-en-una-vivienda-en-saltos-del-guaira\/#primaryimage\",\"url\":\"https:\/\/radioestacion.com.py\/wp-content\/uploads\/2026\/04\/descarga-22.webp\",\"contentUrl\":\"https:\/\/radioestacion.com.py\/wp-content\/uploads\/2026\/04\/descarga-22.webp\",\"width\":1000,\"height\":563,\"caption\":\"La v\u00edctima fue identificada como Gerald\u00ed Dami\u00e1n S\u00e1nchez Navarro, quien estaba domiciliado en vida en el mismo barrio donde ocurri\u00f3 el suceso.Foto: Gentileza.\"},{\"@type\":\"BreadcrumbList\",\"@id\":\"https:\/\/radioestacion.com.py\/index.php\/2026\/05\/01\/hombre-muere-electrocutado-mientras-realizaba-trabajos-electricos-en-una-vivienda-en-saltos-del-guaira\/#breadcrumb\",\"itemListElement\":[{\"@type\":\"ListItem\",\"position\":1,\"name\":\"Portada\",\"item\":\"https:\/\/radioestacion.com.py\/\"},{\"@type\":\"ListItem\",\"position\":2,\"name\":\"Hombre muere electrocutado mientras realizaba trabajos el\u00e9ctricos en una vivienda en Saltos del Guair\u00e1\"}]},{\"@type\":\"WebSite\",\"@id\":\"https:\/\/radioestacion.com.py\/#website\",\"url\":\"https:\/\/radioestacion.com.py\/\",\"name\":\"Radio Estaci\u00f3n - 92.9 Fm Caazap\u00e1\",\"description\":\"Radio Estaci\u00f3n de Caazap\u00e1, 92.9 radio estaci\u00f3n\",\"publisher\":{\"@id\":\"https:\/\/radioestacion.com.py\/#organization\"},\"alternateName\":\"Radio Estacion de Caazap\u00e1\",\"potentialAction\":[{\"@type\":\"SearchAction\",\"target\":{\"@type\":\"EntryPoint\",\"urlTemplate\":\"https:\/\/radioestacion.com.py\/?s={search_term_string}\"},\"query-input\":{\"@type\":\"PropertyValueSpecification\",\"valueRequired\":true,\"valueName\":\"search_term_string\"}}],\"inLanguage\":\"es\"},{\"@type\":\"Organization\",\"@id\":\"https:\/\/radioestacion.com.py\/#organization\",\"name\":\"Radio Estaci\u00f3n 92.9\",\"url\":\"https:\/\/radioestacion.com.py\/\",\"logo\":{\"@type\":\"ImageObject\",\"inLanguage\":\"es\",\"@id\":\"https:\/\/radioestacion.com.py\/#\/schema\/logo\/image\/\",\"url\":\"https:\/\/radioestacion.com.py\/wp-content\/uploads\/2025\/07\/cropped-logo-1.png\",\"contentUrl\":\"https:\/\/radioestacion.com.py\/wp-content\/uploads\/2025\/07\/cropped-logo-1.png\",\"width\":512,\"height\":512,\"caption\":\"Radio Estaci\u00f3n 92.9\"},\"image\":{\"@id\":\"https:\/\/radioestacion.com.py\/#\/schema\/logo\/image\/\"},\"sameAs\":[\"https:\/\/www.facebook.com\/profile.php?id=61578076966227\"]},{\"@type\":\"Person\",\"@id\":\"https:\/\/radioestacion.com.py\/#\/schema\/person\/a4020e85409009300bd9898994b03a3f\",\"name\":\"Red Multimedios\",\"image\":{\"@type\":\"ImageObject\",\"inLanguage\":\"es\",\"@id\":\"https:\/\/radioestacion.com.py\/#\/schema\/person\/image\/\",\"url\":\"https:\/\/secure.gravatar.com\/avatar\/992b8061e4c1e7683a64e011a7972e7a58ee464d2afcc56539cf6454481292c7?s=96&d=mm&r=g\",\"contentUrl\":\"https:\/\/secure.gravatar.com\/avatar\/992b8061e4c1e7683a64e011a7972e7a58ee464d2afcc56539cf6454481292c7?s=96&d=mm&r=g\",\"caption\":\"Red Multimedios\"},\"url\":\"https:\/\/radioestacion.com.py\/index.php\/author\/red-multimedios\/\"}]}<\/script>\n<!-- \/ Yoast SEO plugin. -->","yoast_head_json":{"title":"Hombre muere electrocutado mientras realizaba trabajos el\u00e9ctricos en una vivienda en Saltos del Guair\u00e1 - Radio Estaci\u00f3n - 92.9 Fm Caazap\u00e1 Nacionales ELECTROCUTADO, TRABAJOS, Vivienda Nacionales","description":"Radio Estaci\u00f3n - 92.9 Fm Caazap\u00e1 Nacionales Hombre muere electrocutado mientras realizaba trabajos el\u00e9ctricos en una vivienda en Saltos del Guair\u00e1 ELECTROCUTADO, TRABAJOS, Vivienda Nacionales","robots":{"index":"index","follow":"follow","max-snippet":"max-snippet:-1","max-image-preview":"max-image-preview:large","max-video-preview":"max-video-preview:-1"},"canonical":"https:\/\/radioestacion.com.py\/index.php\/2026\/05\/01\/hombre-muere-electrocutado-mientras-realizaba-trabajos-electricos-en-una-vivienda-en-saltos-del-guaira\/","og_locale":"es_ES","og_type":"article","og_title":"Hombre muere electrocutado mientras realizaba trabajos el\u00e9ctricos en una vivienda en Saltos del Guair\u00e1 - Radio Estaci\u00f3n - 92.9 Fm Caazap\u00e1 Nacionales ELECTROCUTADO, TRABAJOS, Vivienda Nacionales","og_description":"Radio Estaci\u00f3n - 92.9 Fm Caazap\u00e1 Nacionales Hombre muere electrocutado mientras realizaba trabajos el\u00e9ctricos en una vivienda en Saltos del Guair\u00e1 ELECTROCUTADO, TRABAJOS, Vivienda Nacionales","og_url":"https:\/\/radioestacion.com.py\/index.php\/2026\/05\/01\/hombre-muere-electrocutado-mientras-realizaba-trabajos-electricos-en-una-vivienda-en-saltos-del-guaira\/","og_site_name":"Radio Estaci\u00f3n - 92.9 Fm Caazap\u00e1","article_publisher":"https:\/\/www.facebook.com\/profile.php?id=61578076966227","article_published_time":"2026-05-01T06:02:47+00:00","og_image":[{"width":1000,"height":563,"url":"https:\/\/radioestacion.com.py\/wp-content\/uploads\/2026\/04\/descarga-22.webp","type":"image\/webp"}],"author":"Red Multimedios","twitter_card":"summary_large_image","twitter_misc":{"Escrito por":"Red Multimedios","Tiempo de lectura":"2 minutos"},"schema":{"@context":"https:\/\/schema.org","@graph":[{"@type":"Article","@id":"https:\/\/radioestacion.com.py\/index.php\/2026\/05\/01\/hombre-muere-electrocutado-mientras-realizaba-trabajos-electricos-en-una-vivienda-en-saltos-del-guaira\/#article","isPartOf":{"@id":"https:\/\/radioestacion.com.py\/index.php\/2026\/05\/01\/hombre-muere-electrocutado-mientras-realizaba-trabajos-electricos-en-una-vivienda-en-saltos-del-guaira\/"},"author":{"name":"Red Multimedios","@id":"https:\/\/radioestacion.com.py\/#\/schema\/person\/a4020e85409009300bd9898994b03a3f"},"headline":"Hombre muere electrocutado mientras realizaba trabajos el\u00e9ctricos en una vivienda en Saltos del Guair\u00e1","datePublished":"2026-05-01T06:02:47+00:00","mainEntityOfPage":{"@id":"https:\/\/radioestacion.com.py\/index.php\/2026\/05\/01\/hombre-muere-electrocutado-mientras-realizaba-trabajos-electricos-en-una-vivienda-en-saltos-del-guaira\/"},"wordCount":267,"commentCount":0,"publisher":{"@id":"https:\/\/radioestacion.com.py\/#organization"},"image":{"@id":"https:\/\/radioestacion.com.py\/index.php\/2026\/05\/01\/hombre-muere-electrocutado-mientras-realizaba-trabajos-electricos-en-una-vivienda-en-saltos-del-guaira\/#primaryimage"},"thumbnailUrl":"https:\/\/radioestacion.com.py\/wp-content\/uploads\/2026\/04\/descarga-22.webp","keywords":["ELECTROCUTADO","TRABAJOS","Vivienda"],"articleSection":["Nacionales"],"inLanguage":"es","potentialAction":[{"@type":"CommentAction","name":"Comment","target":["https:\/\/radioestacion.com.py\/index.php\/2026\/05\/01\/hombre-muere-electrocutado-mientras-realizaba-trabajos-electricos-en-una-vivienda-en-saltos-del-guaira\/#respond"]}]},{"@type":"WebPage","@id":"https:\/\/radioestacion.com.py\/index.php\/2026\/05\/01\/hombre-muere-electrocutado-mientras-realizaba-trabajos-electricos-en-una-vivienda-en-saltos-del-guaira\/","url":"https:\/\/radioestacion.com.py\/index.php\/2026\/05\/01\/hombre-muere-electrocutado-mientras-realizaba-trabajos-electricos-en-una-vivienda-en-saltos-del-guaira\/","name":"Hombre muere electrocutado mientras realizaba trabajos el\u00e9ctricos en una vivienda en Saltos del Guair\u00e1 - Radio Estaci\u00f3n - 92.9 Fm Caazap\u00e1 Nacionales ELECTROCUTADO, TRABAJOS, Vivienda Nacionales","isPartOf":{"@id":"https:\/\/radioestacion.com.py\/#website"},"primaryImageOfPage":{"@id":"https:\/\/radioestacion.com.py\/index.php\/2026\/05\/01\/hombre-muere-electrocutado-mientras-realizaba-trabajos-electricos-en-una-vivienda-en-saltos-del-guaira\/#primaryimage"},"image":{"@id":"https:\/\/radioestacion.com.py\/index.php\/2026\/05\/01\/hombre-muere-electrocutado-mientras-realizaba-trabajos-electricos-en-una-vivienda-en-saltos-del-guaira\/#primaryimage"},"thumbnailUrl":"https:\/\/radioestacion.com.py\/wp-content\/uploads\/2026\/04\/descarga-22.webp","datePublished":"2026-05-01T06:02:47+00:00","description":"Radio Estaci\u00f3n - 92.9 Fm Caazap\u00e1 Nacionales Hombre muere electrocutado mientras realizaba trabajos el\u00e9ctricos en una vivienda en Saltos del Guair\u00e1 ELECTROCUTADO, TRABAJOS, Vivienda Nacionales","breadcrumb":{"@id":"https:\/\/radioestacion.com.py\/index.php\/2026\/05\/01\/hombre-muere-electrocutado-mientras-realizaba-trabajos-electricos-en-una-vivienda-en-saltos-del-guaira\/#breadcrumb"},"inLanguage":"es","potentialAction":[{"@type":"ReadAction","target":["https:\/\/radioestacion.com.py\/index.php\/2026\/05\/01\/hombre-muere-electrocutado-mientras-realizaba-trabajos-electricos-en-una-vivienda-en-saltos-del-guaira\/"]}]},{"@type":"ImageObject","inLanguage":"es","@id":"https:\/\/radioestacion.com.py\/index.php\/2026\/05\/01\/hombre-muere-electrocutado-mientras-realizaba-trabajos-electricos-en-una-vivienda-en-saltos-del-guaira\/#primaryimage","url":"https:\/\/radioestacion.com.py\/wp-content\/uploads\/2026\/04\/descarga-22.webp","contentUrl":"https:\/\/radioestacion.com.py\/wp-content\/uploads\/2026\/04\/descarga-22.webp","width":1000,"height":563,"caption":"La v\u00edctima fue identificada como Gerald\u00ed Dami\u00e1n S\u00e1nchez Navarro, quien estaba domiciliado en vida en el mismo barrio donde ocurri\u00f3 el suceso.Foto: Gentileza."},{"@type":"BreadcrumbList","@id":"https:\/\/radioestacion.com.py\/index.php\/2026\/05\/01\/hombre-muere-electrocutado-mientras-realizaba-trabajos-electricos-en-una-vivienda-en-saltos-del-guaira\/#breadcrumb","itemListElement":[{"@type":"ListItem","position":1,"name":"Portada","item":"https:\/\/radioestacion.com.py\/"},{"@type":"ListItem","position":2,"name":"Hombre muere electrocutado mientras realizaba trabajos el\u00e9ctricos en una vivienda en Saltos del Guair\u00e1"}]},{"@type":"WebSite","@id":"https:\/\/radioestacion.com.py\/#website","url":"https:\/\/radioestacion.com.py\/","name":"Radio Estaci\u00f3n - 92.9 Fm Caazap\u00e1","description":"Radio Estaci\u00f3n de Caazap\u00e1, 92.9 radio estaci\u00f3n","publisher":{"@id":"https:\/\/radioestacion.com.py\/#organization"},"alternateName":"Radio Estacion de Caazap\u00e1","potentialAction":[{"@type":"SearchAction","target":{"@type":"EntryPoint","urlTemplate":"https:\/\/radioestacion.com.py\/?s={search_term_string}"},"query-input":{"@type":"PropertyValueSpecification","valueRequired":true,"valueName":"search_term_string"}}],"inLanguage":"es"},{"@type":"Organization","@id":"https:\/\/radioestacion.com.py\/#organization","name":"Radio Estaci\u00f3n 92.9","url":"https:\/\/radioestacion.com.py\/","logo":{"@type":"ImageObject","inLanguage":"es","@id":"https:\/\/radioestacion.com.py\/#\/schema\/logo\/image\/","url":"https:\/\/radioestacion.com.py\/wp-content\/uploads\/2025\/07\/cropped-logo-1.png","contentUrl":"https:\/\/radioestacion.com.py\/wp-content\/uploads\/2025\/07\/cropped-logo-1.png","width":512,"height":512,"caption":"Radio Estaci\u00f3n 92.9"},"image":{"@id":"https:\/\/radioestacion.com.py\/#\/schema\/logo\/image\/"},"sameAs":["https:\/\/www.facebook.com\/profile.php?id=61578076966227"]},{"@type":"Person","@id":"https:\/\/radioestacion.com.py\/#\/schema\/person\/a4020e85409009300bd9898994b03a3f","name":"Red Multimedios","image":{"@type":"ImageObject","inLanguage":"es","@id":"https:\/\/radioestacion.com.py\/#\/schema\/person\/image\/","url":"https:\/\/secure.gravatar.com\/avatar\/992b8061e4c1e7683a64e011a7972e7a58ee464d2afcc56539cf6454481292c7?s=96&d=mm&r=g","contentUrl":"https:\/\/secure.gravatar.com\/avatar\/992b8061e4c1e7683a64e011a7972e7a58ee464d2afcc56539cf6454481292c7?s=96&d=mm&r=g","caption":"Red Multimedios"},"url":"https:\/\/radioestacion.com.py\/index.php\/author\/red-multimedios\/"}]}},"_links":{"self":[{"href":"https:\/\/radioestacion.com.py\/index.php\/wp-json\/wp\/v2\/posts\/2691","targetHints":{"allow":["GET"]}}],"collection":[{"href":"https:\/\/radioestacion.com.py\/index.php\/wp-json\/wp\/v2\/posts"}],"about":[{"href":"https:\/\/radioestacion.com.py\/index.php\/wp-json\/wp\/v2\/types\/post"}],"author":[{"embeddable":true,"href":"https:\/\/radioestacion.com.py\/index.php\/wp-json\/wp\/v2\/users\/4"}],"replies":[{"embeddable":true,"href":"https:\/\/radioestacion.com.py\/index.php\/wp-json\/wp\/v2\/comments?post=2691"}],"version-history":[{"count":1,"href":"https:\/\/radioestacion.com.py\/index.php\/wp-json\/wp\/v2\/posts\/2691\/revisions"}],"predecessor-version":[{"id":2693,"href":"https:\/\/radioestacion.com.py\/index.php\/wp-json\/wp\/v2\/posts\/2691\/revisions\/2693"}],"wp:featuredmedia":[{"embeddable":true,"href":"https:\/\/radioestacion.com.py\/index.php\/wp-json\/wp\/v2\/media\/2692"}],"wp:attachment":[{"href":"https:\/\/radioestacion.com.py\/index.php\/wp-json\/wp\/v2\/media?parent=2691"}],"wp:term":[{"taxonomy":"category","embeddable":true,"href":"https:\/\/radioestacion.com.py\/index.php\/wp-json\/wp\/v2\/categories?post=2691"},{"taxonomy":"post_tag","embeddable":true,"href":"https:\/\/radioestacion.com.py\/index.php\/wp-json\/wp\/v2\/tags?post=2691"},{"taxonomy":"post_badge","embeddable":true,"href":"https:\/\/radioestacion.com.py\/index.php\/wp-json\/wp\/v2\/post_badge?post=2691"}],"curies":[{"name":"wp","href":"https:\/\/api.w.org\/{rel}","templated":true}]}}