{"id":2699,"date":"2026-05-01T05:48:50","date_gmt":"2026-05-01T05:48:50","guid":{"rendered":"https:\/\/radioestacion.com.py\/?p=2699"},"modified":"2026-05-01T05:48:51","modified_gmt":"2026-05-01T05:48:51","slug":"fin-de-semana-con-lluvias-y-descenso-de-temperatura-desde-el-sabado","status":"publish","type":"post","link":"https:\/\/radioestacion.com.py\/index.php\/2026\/05\/01\/fin-de-semana-con-lluvias-y-descenso-de-temperatura-desde-el-sabado\/","title":{"rendered":"Fin de semana con lluvias y descenso de temperatura desde el s\u00e1bado"},"content":{"rendered":"\n<h3 class=\"wp-block-heading\"><strong>El pron\u00f3stico meteorol\u00f3gico anuncia un inicio de mayo marcado por condiciones inestables en gran parte del pa\u00eds, con un ambiente que ir\u00e1 de c\u00e1lido a caluroso este viernes, seguido de un descenso paulatino de la temperatura durante el fin de semana, acompa\u00f1ado de lluvias y tormentas el\u00e9ctricas.<\/strong><\/h3>\n\n\n\n<p>Para este viernes 1 de mayo, feriado por el D\u00eda del Trabajador, se espera una jornada con ambiente c\u00e1lido a caluroso, cielo mayormente nublado y vientos predominantes del norte. Las lluvias dispersas con ocasionales tormentas el\u00e9ctricas se presentar\u00edan principalmente hacia el final del d\u00eda. Las temperaturas oscilar\u00edan entre una m\u00ednima de 21\u00b0C y una m\u00e1xima que alcanzar\u00eda los 31\u00b0C.<\/p>\n\n\n\n<p>En tanto, para el s\u00e1bado 2 de mayo se prev\u00e9 un cambio en las condiciones del tiempo. La jornada arrancar\u00eda con un ambiente c\u00e1lido, pero con el correr de las horas se tornar\u00eda m\u00e1s fresco, especialmente por la noche, debido al ingreso de vientos del sur. El cielo permanecer\u00eda mayormente nublado y se registrar\u00edan lluvias con ocasionales tormentas el\u00e9ctricas. Las temperaturas ir\u00edan de 19\u00b0C a 25\u00b0C.<\/p>\n\n\n\n<p>Ya el domingo 3 de mayo, el ambiente se presentar\u00eda fresco a c\u00e1lido, con predominio de vientos del sur y cielo mayormente nublado. Las lluvias se mantendr\u00edan de forma dispersa en las primeras horas, aunque se espera una mejor\u00eda progresiva de las condiciones hacia el transcurso del d\u00eda. La m\u00ednima rondar\u00eda los 13\u00b0C, mientras que la m\u00e1xima alcanzar\u00eda los 23\u00b0C.<\/p>\n\n\n\n<p>Desde la Direcci\u00f3n de Meteorolog\u00eda recomiendan a la ciudadan\u00eda tomar las precauciones necesarias ante las lluvias y tormentas previstas, adem\u00e1s de estar atentos a las actualizaciones de los pron\u00f3sticos, especialmente por el descenso de temperatura que se sentir\u00e1 durante el fin de semana.<\/p>\n","protected":false},"excerpt":{"rendered":"<p>El pron\u00f3stico meteorol\u00f3gico anuncia un inicio de mayo marcado por condiciones inestables en gran parte del pa\u00eds, con<\/p>\n","protected":false},"author":4,"featured_media":1599,"comment_status":"open","ping_status":"open","sticky":false,"template":"","format":"standard","meta":{"footnotes":""},"categories":[43],"tags":[102,96],"post_badge":[],"class_list":["post-2699","post","type-post","status-publish","format-standard","has-post-thumbnail","hentry","category-meteorologia","tag-clima","tag-meteorologia-2"],"yoast_head":"<!-- This site is optimized with the Yoast SEO plugin v26.9 - https:\/\/yoast.com\/product\/yoast-seo-wordpress\/ -->\n<title>Fin de semana con lluvias y descenso de temperatura desde el s\u00e1bado - Radio Estaci\u00f3n - 92.9 Fm Caazap\u00e1 Meteorolog\u00eda #Clima, #Meteorologia Meteorolog\u00eda<\/title>\n<meta name=\"description\" content=\"Radio Estaci\u00f3n - 92.9 Fm Caazap\u00e1 Meteorolog\u00eda Fin de semana con lluvias y descenso de temperatura desde el s\u00e1bado #Clima, #Meteorologia Meteorolog\u00eda\" \/>\n<meta name=\"robots\" content=\"index, follow, max-snippet:-1, max-image-preview:large, max-video-preview:-1\" \/>\n<link rel=\"canonical\" href=\"https:\/\/radioestacion.com.py\/index.php\/2026\/05\/01\/fin-de-semana-con-lluvias-y-descenso-de-temperatura-desde-el-sabado\/\" \/>\n<meta property=\"og:locale\" content=\"es_ES\" \/>\n<meta property=\"og:type\" content=\"article\" \/>\n<meta property=\"og:title\" content=\"Fin de semana con lluvias y descenso de temperatura desde el s\u00e1bado - Radio Estaci\u00f3n - 92.9 Fm Caazap\u00e1 Meteorolog\u00eda #Clima, #Meteorologia Meteorolog\u00eda\" \/>\n<meta property=\"og:description\" content=\"Radio Estaci\u00f3n - 92.9 Fm Caazap\u00e1 Meteorolog\u00eda Fin de semana con lluvias y descenso de temperatura desde el s\u00e1bado #Clima, #Meteorologia Meteorolog\u00eda\" \/>\n<meta property=\"og:url\" content=\"https:\/\/radioestacion.com.py\/index.php\/2026\/05\/01\/fin-de-semana-con-lluvias-y-descenso-de-temperatura-desde-el-sabado\/\" \/>\n<meta property=\"og:site_name\" content=\"Radio Estaci\u00f3n - 92.9 Fm Caazap\u00e1\" \/>\n<meta property=\"article:publisher\" content=\"https:\/\/www.facebook.com\/profile.php?id=61578076966227\" \/>\n<meta property=\"article:published_time\" content=\"2026-05-01T05:48:50+00:00\" \/>\n<meta property=\"article:modified_time\" content=\"2026-05-01T05:48:51+00:00\" \/>\n<meta property=\"og:image\" content=\"https:\/\/radioestacion.com.py\/wp-content\/uploads\/2026\/03\/METEOROLOGIA-1-696x384-1.png\" \/>\n\t<meta property=\"og:image:width\" content=\"696\" \/>\n\t<meta property=\"og:image:height\" content=\"384\" \/>\n\t<meta property=\"og:image:type\" content=\"image\/png\" \/>\n<meta name=\"author\" content=\"Red Multimedios\" \/>\n<meta name=\"twitter:card\" content=\"summary_large_image\" \/>\n<meta name=\"twitter:label1\" content=\"Escrito por\" \/>\n\t<meta name=\"twitter:data1\" content=\"Red Multimedios\" \/>\n\t<meta name=\"twitter:label2\" content=\"Tiempo de lectura\" \/>\n\t<meta name=\"twitter:data2\" content=\"2 minutos\" \/>\n<script type=\"application\/ld+json\" class=\"yoast-schema-graph\">{\"@context\":\"https:\/\/schema.org\",\"@graph\":[{\"@type\":\"Article\",\"@id\":\"https:\/\/radioestacion.com.py\/index.php\/2026\/05\/01\/fin-de-semana-con-lluvias-y-descenso-de-temperatura-desde-el-sabado\/#article\",\"isPartOf\":{\"@id\":\"https:\/\/radioestacion.com.py\/index.php\/2026\/05\/01\/fin-de-semana-con-lluvias-y-descenso-de-temperatura-desde-el-sabado\/\"},\"author\":{\"name\":\"Red Multimedios\",\"@id\":\"https:\/\/radioestacion.com.py\/#\/schema\/person\/a4020e85409009300bd9898994b03a3f\"},\"headline\":\"Fin de semana con lluvias y descenso de temperatura desde el s\u00e1bado\",\"datePublished\":\"2026-05-01T05:48:50+00:00\",\"dateModified\":\"2026-05-01T05:48:51+00:00\",\"mainEntityOfPage\":{\"@id\":\"https:\/\/radioestacion.com.py\/index.php\/2026\/05\/01\/fin-de-semana-con-lluvias-y-descenso-de-temperatura-desde-el-sabado\/\"},\"wordCount\":323,\"commentCount\":0,\"publisher\":{\"@id\":\"https:\/\/radioestacion.com.py\/#organization\"},\"image\":{\"@id\":\"https:\/\/radioestacion.com.py\/index.php\/2026\/05\/01\/fin-de-semana-con-lluvias-y-descenso-de-temperatura-desde-el-sabado\/#primaryimage\"},\"thumbnailUrl\":\"https:\/\/radioestacion.com.py\/wp-content\/uploads\/2026\/03\/METEOROLOGIA-1-696x384-1.png\",\"keywords\":[\"#Clima\",\"#Meteorologia\"],\"articleSection\":[\"Meteorolog\u00eda\"],\"inLanguage\":\"es\",\"potentialAction\":[{\"@type\":\"CommentAction\",\"name\":\"Comment\",\"target\":[\"https:\/\/radioestacion.com.py\/index.php\/2026\/05\/01\/fin-de-semana-con-lluvias-y-descenso-de-temperatura-desde-el-sabado\/#respond\"]}]},{\"@type\":\"WebPage\",\"@id\":\"https:\/\/radioestacion.com.py\/index.php\/2026\/05\/01\/fin-de-semana-con-lluvias-y-descenso-de-temperatura-desde-el-sabado\/\",\"url\":\"https:\/\/radioestacion.com.py\/index.php\/2026\/05\/01\/fin-de-semana-con-lluvias-y-descenso-de-temperatura-desde-el-sabado\/\",\"name\":\"Fin de semana con lluvias y descenso de temperatura desde el s\u00e1bado - Radio Estaci\u00f3n - 92.9 Fm Caazap\u00e1 Meteorolog\u00eda #Clima, #Meteorologia Meteorolog\u00eda\",\"isPartOf\":{\"@id\":\"https:\/\/radioestacion.com.py\/#website\"},\"primaryImageOfPage\":{\"@id\":\"https:\/\/radioestacion.com.py\/index.php\/2026\/05\/01\/fin-de-semana-con-lluvias-y-descenso-de-temperatura-desde-el-sabado\/#primaryimage\"},\"image\":{\"@id\":\"https:\/\/radioestacion.com.py\/index.php\/2026\/05\/01\/fin-de-semana-con-lluvias-y-descenso-de-temperatura-desde-el-sabado\/#primaryimage\"},\"thumbnailUrl\":\"https:\/\/radioestacion.com.py\/wp-content\/uploads\/2026\/03\/METEOROLOGIA-1-696x384-1.png\",\"datePublished\":\"2026-05-01T05:48:50+00:00\",\"dateModified\":\"2026-05-01T05:48:51+00:00\",\"description\":\"Radio Estaci\u00f3n - 92.9 Fm Caazap\u00e1 Meteorolog\u00eda Fin de semana con lluvias y descenso de temperatura desde el s\u00e1bado #Clima, #Meteorologia Meteorolog\u00eda\",\"breadcrumb\":{\"@id\":\"https:\/\/radioestacion.com.py\/index.php\/2026\/05\/01\/fin-de-semana-con-lluvias-y-descenso-de-temperatura-desde-el-sabado\/#breadcrumb\"},\"inLanguage\":\"es\",\"potentialAction\":[{\"@type\":\"ReadAction\",\"target\":[\"https:\/\/radioestacion.com.py\/index.php\/2026\/05\/01\/fin-de-semana-con-lluvias-y-descenso-de-temperatura-desde-el-sabado\/\"]}]},{\"@type\":\"ImageObject\",\"inLanguage\":\"es\",\"@id\":\"https:\/\/radioestacion.com.py\/index.php\/2026\/05\/01\/fin-de-semana-con-lluvias-y-descenso-de-temperatura-desde-el-sabado\/#primaryimage\",\"url\":\"https:\/\/radioestacion.com.py\/wp-content\/uploads\/2026\/03\/METEOROLOGIA-1-696x384-1.png\",\"contentUrl\":\"https:\/\/radioestacion.com.py\/wp-content\/uploads\/2026\/03\/METEOROLOGIA-1-696x384-1.png\",\"width\":696,\"height\":384,\"caption\":\"Lluvias y tormentas el\u00e9ctricas acompa\u00f1ar\u00e1n los pr\u00f3ximos d\u00edas - FOTO: Redacci\u00f3n Suceso\"},{\"@type\":\"BreadcrumbList\",\"@id\":\"https:\/\/radioestacion.com.py\/index.php\/2026\/05\/01\/fin-de-semana-con-lluvias-y-descenso-de-temperatura-desde-el-sabado\/#breadcrumb\",\"itemListElement\":[{\"@type\":\"ListItem\",\"position\":1,\"name\":\"Portada\",\"item\":\"https:\/\/radioestacion.com.py\/\"},{\"@type\":\"ListItem\",\"position\":2,\"name\":\"Fin de semana con lluvias y descenso de temperatura desde el s\u00e1bado\"}]},{\"@type\":\"WebSite\",\"@id\":\"https:\/\/radioestacion.com.py\/#website\",\"url\":\"https:\/\/radioestacion.com.py\/\",\"name\":\"Radio Estaci\u00f3n - 92.9 Fm Caazap\u00e1\",\"description\":\"Radio Estaci\u00f3n de Caazap\u00e1, 92.9 radio estaci\u00f3n\",\"publisher\":{\"@id\":\"https:\/\/radioestacion.com.py\/#organization\"},\"alternateName\":\"Radio Estacion de Caazap\u00e1\",\"potentialAction\":[{\"@type\":\"SearchAction\",\"target\":{\"@type\":\"EntryPoint\",\"urlTemplate\":\"https:\/\/radioestacion.com.py\/?s={search_term_string}\"},\"query-input\":{\"@type\":\"PropertyValueSpecification\",\"valueRequired\":true,\"valueName\":\"search_term_string\"}}],\"inLanguage\":\"es\"},{\"@type\":\"Organization\",\"@id\":\"https:\/\/radioestacion.com.py\/#organization\",\"name\":\"Radio Estaci\u00f3n 92.9\",\"url\":\"https:\/\/radioestacion.com.py\/\",\"logo\":{\"@type\":\"ImageObject\",\"inLanguage\":\"es\",\"@id\":\"https:\/\/radioestacion.com.py\/#\/schema\/logo\/image\/\",\"url\":\"https:\/\/radioestacion.com.py\/wp-content\/uploads\/2025\/07\/cropped-logo-1.png\",\"contentUrl\":\"https:\/\/radioestacion.com.py\/wp-content\/uploads\/2025\/07\/cropped-logo-1.png\",\"width\":512,\"height\":512,\"caption\":\"Radio Estaci\u00f3n 92.9\"},\"image\":{\"@id\":\"https:\/\/radioestacion.com.py\/#\/schema\/logo\/image\/\"},\"sameAs\":[\"https:\/\/www.facebook.com\/profile.php?id=61578076966227\"]},{\"@type\":\"Person\",\"@id\":\"https:\/\/radioestacion.com.py\/#\/schema\/person\/a4020e85409009300bd9898994b03a3f\",\"name\":\"Red Multimedios\",\"image\":{\"@type\":\"ImageObject\",\"inLanguage\":\"es\",\"@id\":\"https:\/\/radioestacion.com.py\/#\/schema\/person\/image\/\",\"url\":\"https:\/\/secure.gravatar.com\/avatar\/992b8061e4c1e7683a64e011a7972e7a58ee464d2afcc56539cf6454481292c7?s=96&d=mm&r=g\",\"contentUrl\":\"https:\/\/secure.gravatar.com\/avatar\/992b8061e4c1e7683a64e011a7972e7a58ee464d2afcc56539cf6454481292c7?s=96&d=mm&r=g\",\"caption\":\"Red Multimedios\"},\"url\":\"https:\/\/radioestacion.com.py\/index.php\/author\/red-multimedios\/\"}]}<\/script>\n<!-- \/ Yoast SEO plugin. -->","yoast_head_json":{"title":"Fin de semana con lluvias y descenso de temperatura desde el s\u00e1bado - Radio Estaci\u00f3n - 92.9 Fm Caazap\u00e1 Meteorolog\u00eda #Clima, #Meteorologia Meteorolog\u00eda","description":"Radio Estaci\u00f3n - 92.9 Fm Caazap\u00e1 Meteorolog\u00eda Fin de semana con lluvias y descenso de temperatura desde el s\u00e1bado #Clima, #Meteorologia Meteorolog\u00eda","robots":{"index":"index","follow":"follow","max-snippet":"max-snippet:-1","max-image-preview":"max-image-preview:large","max-video-preview":"max-video-preview:-1"},"canonical":"https:\/\/radioestacion.com.py\/index.php\/2026\/05\/01\/fin-de-semana-con-lluvias-y-descenso-de-temperatura-desde-el-sabado\/","og_locale":"es_ES","og_type":"article","og_title":"Fin de semana con lluvias y descenso de temperatura desde el s\u00e1bado - Radio Estaci\u00f3n - 92.9 Fm Caazap\u00e1 Meteorolog\u00eda #Clima, #Meteorologia Meteorolog\u00eda","og_description":"Radio Estaci\u00f3n - 92.9 Fm Caazap\u00e1 Meteorolog\u00eda Fin de semana con lluvias y descenso de temperatura desde el s\u00e1bado #Clima, #Meteorologia Meteorolog\u00eda","og_url":"https:\/\/radioestacion.com.py\/index.php\/2026\/05\/01\/fin-de-semana-con-lluvias-y-descenso-de-temperatura-desde-el-sabado\/","og_site_name":"Radio Estaci\u00f3n - 92.9 Fm Caazap\u00e1","article_publisher":"https:\/\/www.facebook.com\/profile.php?id=61578076966227","article_published_time":"2026-05-01T05:48:50+00:00","article_modified_time":"2026-05-01T05:48:51+00:00","og_image":[{"width":696,"height":384,"url":"https:\/\/radioestacion.com.py\/wp-content\/uploads\/2026\/03\/METEOROLOGIA-1-696x384-1.png","type":"image\/png"}],"author":"Red Multimedios","twitter_card":"summary_large_image","twitter_misc":{"Escrito por":"Red Multimedios","Tiempo de lectura":"2 minutos"},"schema":{"@context":"https:\/\/schema.org","@graph":[{"@type":"Article","@id":"https:\/\/radioestacion.com.py\/index.php\/2026\/05\/01\/fin-de-semana-con-lluvias-y-descenso-de-temperatura-desde-el-sabado\/#article","isPartOf":{"@id":"https:\/\/radioestacion.com.py\/index.php\/2026\/05\/01\/fin-de-semana-con-lluvias-y-descenso-de-temperatura-desde-el-sabado\/"},"author":{"name":"Red Multimedios","@id":"https:\/\/radioestacion.com.py\/#\/schema\/person\/a4020e85409009300bd9898994b03a3f"},"headline":"Fin de semana con lluvias y descenso de temperatura desde el s\u00e1bado","datePublished":"2026-05-01T05:48:50+00:00","dateModified":"2026-05-01T05:48:51+00:00","mainEntityOfPage":{"@id":"https:\/\/radioestacion.com.py\/index.php\/2026\/05\/01\/fin-de-semana-con-lluvias-y-descenso-de-temperatura-desde-el-sabado\/"},"wordCount":323,"commentCount":0,"publisher":{"@id":"https:\/\/radioestacion.com.py\/#organization"},"image":{"@id":"https:\/\/radioestacion.com.py\/index.php\/2026\/05\/01\/fin-de-semana-con-lluvias-y-descenso-de-temperatura-desde-el-sabado\/#primaryimage"},"thumbnailUrl":"https:\/\/radioestacion.com.py\/wp-content\/uploads\/2026\/03\/METEOROLOGIA-1-696x384-1.png","keywords":["#Clima","#Meteorologia"],"articleSection":["Meteorolog\u00eda"],"inLanguage":"es","potentialAction":[{"@type":"CommentAction","name":"Comment","target":["https:\/\/radioestacion.com.py\/index.php\/2026\/05\/01\/fin-de-semana-con-lluvias-y-descenso-de-temperatura-desde-el-sabado\/#respond"]}]},{"@type":"WebPage","@id":"https:\/\/radioestacion.com.py\/index.php\/2026\/05\/01\/fin-de-semana-con-lluvias-y-descenso-de-temperatura-desde-el-sabado\/","url":"https:\/\/radioestacion.com.py\/index.php\/2026\/05\/01\/fin-de-semana-con-lluvias-y-descenso-de-temperatura-desde-el-sabado\/","name":"Fin de semana con lluvias y descenso de temperatura desde el s\u00e1bado - Radio Estaci\u00f3n - 92.9 Fm Caazap\u00e1 Meteorolog\u00eda #Clima, #Meteorologia Meteorolog\u00eda","isPartOf":{"@id":"https:\/\/radioestacion.com.py\/#website"},"primaryImageOfPage":{"@id":"https:\/\/radioestacion.com.py\/index.php\/2026\/05\/01\/fin-de-semana-con-lluvias-y-descenso-de-temperatura-desde-el-sabado\/#primaryimage"},"image":{"@id":"https:\/\/radioestacion.com.py\/index.php\/2026\/05\/01\/fin-de-semana-con-lluvias-y-descenso-de-temperatura-desde-el-sabado\/#primaryimage"},"thumbnailUrl":"https:\/\/radioestacion.com.py\/wp-content\/uploads\/2026\/03\/METEOROLOGIA-1-696x384-1.png","datePublished":"2026-05-01T05:48:50+00:00","dateModified":"2026-05-01T05:48:51+00:00","description":"Radio Estaci\u00f3n - 92.9 Fm Caazap\u00e1 Meteorolog\u00eda Fin de semana con lluvias y descenso de temperatura desde el s\u00e1bado #Clima, #Meteorologia Meteorolog\u00eda","breadcrumb":{"@id":"https:\/\/radioestacion.com.py\/index.php\/2026\/05\/01\/fin-de-semana-con-lluvias-y-descenso-de-temperatura-desde-el-sabado\/#breadcrumb"},"inLanguage":"es","potentialAction":[{"@type":"ReadAction","target":["https:\/\/radioestacion.com.py\/index.php\/2026\/05\/01\/fin-de-semana-con-lluvias-y-descenso-de-temperatura-desde-el-sabado\/"]}]},{"@type":"ImageObject","inLanguage":"es","@id":"https:\/\/radioestacion.com.py\/index.php\/2026\/05\/01\/fin-de-semana-con-lluvias-y-descenso-de-temperatura-desde-el-sabado\/#primaryimage","url":"https:\/\/radioestacion.com.py\/wp-content\/uploads\/2026\/03\/METEOROLOGIA-1-696x384-1.png","contentUrl":"https:\/\/radioestacion.com.py\/wp-content\/uploads\/2026\/03\/METEOROLOGIA-1-696x384-1.png","width":696,"height":384,"caption":"Lluvias y tormentas el\u00e9ctricas acompa\u00f1ar\u00e1n los pr\u00f3ximos d\u00edas - FOTO: Redacci\u00f3n Suceso"},{"@type":"BreadcrumbList","@id":"https:\/\/radioestacion.com.py\/index.php\/2026\/05\/01\/fin-de-semana-con-lluvias-y-descenso-de-temperatura-desde-el-sabado\/#breadcrumb","itemListElement":[{"@type":"ListItem","position":1,"name":"Portada","item":"https:\/\/radioestacion.com.py\/"},{"@type":"ListItem","position":2,"name":"Fin de semana con lluvias y descenso de temperatura desde el s\u00e1bado"}]},{"@type":"WebSite","@id":"https:\/\/radioestacion.com.py\/#website","url":"https:\/\/radioestacion.com.py\/","name":"Radio Estaci\u00f3n - 92.9 Fm Caazap\u00e1","description":"Radio Estaci\u00f3n de Caazap\u00e1, 92.9 radio estaci\u00f3n","publisher":{"@id":"https:\/\/radioestacion.com.py\/#organization"},"alternateName":"Radio Estacion de Caazap\u00e1","potentialAction":[{"@type":"SearchAction","target":{"@type":"EntryPoint","urlTemplate":"https:\/\/radioestacion.com.py\/?s={search_term_string}"},"query-input":{"@type":"PropertyValueSpecification","valueRequired":true,"valueName":"search_term_string"}}],"inLanguage":"es"},{"@type":"Organization","@id":"https:\/\/radioestacion.com.py\/#organization","name":"Radio Estaci\u00f3n 92.9","url":"https:\/\/radioestacion.com.py\/","logo":{"@type":"ImageObject","inLanguage":"es","@id":"https:\/\/radioestacion.com.py\/#\/schema\/logo\/image\/","url":"https:\/\/radioestacion.com.py\/wp-content\/uploads\/2025\/07\/cropped-logo-1.png","contentUrl":"https:\/\/radioestacion.com.py\/wp-content\/uploads\/2025\/07\/cropped-logo-1.png","width":512,"height":512,"caption":"Radio Estaci\u00f3n 92.9"},"image":{"@id":"https:\/\/radioestacion.com.py\/#\/schema\/logo\/image\/"},"sameAs":["https:\/\/www.facebook.com\/profile.php?id=61578076966227"]},{"@type":"Person","@id":"https:\/\/radioestacion.com.py\/#\/schema\/person\/a4020e85409009300bd9898994b03a3f","name":"Red Multimedios","image":{"@type":"ImageObject","inLanguage":"es","@id":"https:\/\/radioestacion.com.py\/#\/schema\/person\/image\/","url":"https:\/\/secure.gravatar.com\/avatar\/992b8061e4c1e7683a64e011a7972e7a58ee464d2afcc56539cf6454481292c7?s=96&d=mm&r=g","contentUrl":"https:\/\/secure.gravatar.com\/avatar\/992b8061e4c1e7683a64e011a7972e7a58ee464d2afcc56539cf6454481292c7?s=96&d=mm&r=g","caption":"Red Multimedios"},"url":"https:\/\/radioestacion.com.py\/index.php\/author\/red-multimedios\/"}]}},"_links":{"self":[{"href":"https:\/\/radioestacion.com.py\/index.php\/wp-json\/wp\/v2\/posts\/2699","targetHints":{"allow":["GET"]}}],"collection":[{"href":"https:\/\/radioestacion.com.py\/index.php\/wp-json\/wp\/v2\/posts"}],"about":[{"href":"https:\/\/radioestacion.com.py\/index.php\/wp-json\/wp\/v2\/types\/post"}],"author":[{"embeddable":true,"href":"https:\/\/radioestacion.com.py\/index.php\/wp-json\/wp\/v2\/users\/4"}],"replies":[{"embeddable":true,"href":"https:\/\/radioestacion.com.py\/index.php\/wp-json\/wp\/v2\/comments?post=2699"}],"version-history":[{"count":1,"href":"https:\/\/radioestacion.com.py\/index.php\/wp-json\/wp\/v2\/posts\/2699\/revisions"}],"predecessor-version":[{"id":2700,"href":"https:\/\/radioestacion.com.py\/index.php\/wp-json\/wp\/v2\/posts\/2699\/revisions\/2700"}],"wp:featuredmedia":[{"embeddable":true,"href":"https:\/\/radioestacion.com.py\/index.php\/wp-json\/wp\/v2\/media\/1599"}],"wp:attachment":[{"href":"https:\/\/radioestacion.com.py\/index.php\/wp-json\/wp\/v2\/media?parent=2699"}],"wp:term":[{"taxonomy":"category","embeddable":true,"href":"https:\/\/radioestacion.com.py\/index.php\/wp-json\/wp\/v2\/categories?post=2699"},{"taxonomy":"post_tag","embeddable":true,"href":"https:\/\/radioestacion.com.py\/index.php\/wp-json\/wp\/v2\/tags?post=2699"},{"taxonomy":"post_badge","embeddable":true,"href":"https:\/\/radioestacion.com.py\/index.php\/wp-json\/wp\/v2\/post_badge?post=2699"}],"curies":[{"name":"wp","href":"https:\/\/api.w.org\/{rel}","templated":true}]}}